{"id":444655,"date":"2025-10-07T08:16:11","date_gmt":"2025-10-07T08:16:11","guid":{"rendered":"https:\/\/www.europesays.com\/fr\/444655\/"},"modified":"2025-10-07T08:16:11","modified_gmt":"2025-10-07T08:16:11","slug":"sncf-ligne-clermont-paris-ces-travaux-essentiels-vont-demarrer-voici-le-calendrier","status":"publish","type":"post","link":"https:\/\/www.europesays.com\/fr\/444655\/","title":{"rendered":"SNCF. Ligne Clermont &#8211; Paris : ces travaux essentiels vont d\u00e9marrer, voici le calendrier"},"content":{"rendered":"<p>            Par<br \/>\n        <strong><br \/>\n            <a href=\"https:\/\/actu.fr\/auteur\/mathias-souteyrat\" title=\"Consulter tous les articles de Mathias Souteyrat\" rel=\"nofollow noopener\" target=\"_blank\">Mathias Souteyrat<\/a><br \/>\n        <\/strong><\/p>\n<p>        Publi\u00e9 le<\/p>\n<p>            7 oct. 2025 \u00e0 9h36        <\/p>\n<p>Cela avance pour la modernisation de la ligne <a href=\"https:\/\/actu.fr\/tag\/sncf\" rel=\"nofollow noopener\" target=\"_blank\">SNCF<\/a> entre <a href=\"https:\/\/actu.fr\/auvergne-rhone-alpes\/clermont-ferrand_63113\" rel=\"nofollow noopener\" target=\"_blank\">Clermont-Ferrand<\/a> et <a href=\"https:\/\/actu.fr\/paris\/\" rel=\"nofollow noopener\" target=\"_blank\">Paris<\/a>. Selon nos informations, les travaux d\u2019am\u00e9nagement \u00e9lectrique et de renforcement de la voie vont pouvoir d\u00e9marrer avec l\u2019obtention de la D\u00e9claration d\u2019Utilit\u00e9 Publique (DUP).<\/p>\n<p>Nouveaux am\u00e9nagements \u00e9lectriques, renforcements de la voie ferr\u00e9e<\/p>\n<p class=\" wall-content\">Deux volets majeurs d\u2019am\u00e9nagement vont permettre \u00e0 SNCF R\u00e9seau, ma\u00eetre d\u2019ouvrage, de lancer ces chantiers\u2009:<\/p>\n<ul class=\" wall-content\">\n<li>la r\u00e9alisation de nouveaux am\u00e9nagements \u00e9lectriques qui permettront <strong>d\u2019am\u00e9liorer la puissance et la capacit\u00e9 \u00e9lectrique de la ligne<\/strong>, indispensable pour une exploitation plus performante.<\/li>\n<li>des renforcements de la voie ferr\u00e9e dans 7 zones de l\u2019axe\u2009: <strong>augmentation ponctuelle de la vitesse des trains<\/strong>, sans d\u00e9passer la limite actuelle de 200\u00a0km\/h.<\/li>\n<\/ul>\n<p>Fin des travaux en 2027<\/p>\n<p class=\" wall-content\">Ces travaux vont durer jusqu\u2019\u00e0 fin 2027 pour une mise en service progressive.<\/p>\n<p class=\" wall-content\">Ils sont cofinanc\u00e9s \u00e0 hauteur de 168\u00a0millions d\u2019euros par l\u2019\u00c9tat (125\u00a0millions d\u2019euros) et les partenaires dont la R\u00e9gion.<\/p>\n<p>760 millions d\u2019euros investis par SNCF R\u00e9seau<\/p>\n<p class=\" wall-content\">L\u2019objectif est un service plus fiable et plus robuste, au b\u00e9n\u00e9fice direct des voyageurs et des territoires desservis.<\/p>\n<p class=\" wall-content\">La tant d\u00e9cri\u00e9e liaison entre Clermont-Ferrand et Paris concerne<strong> 400\u00a0km de ligne ferroviaire<\/strong>, un axe strat\u00e9gique pour les territoires travers\u00e9s et la mobilit\u00e9 nationale.<\/p>\n<p>Votre r\u00e9gion, votre actu !<\/p>\n<p>Recevez chaque jour les infos qui comptent pour vous.<\/p>\n<p>\t<a href=\"https:\/\/actu.fr\/newsletter\" class=\"ac-btn ac-btn--corner ac-btn--medium ac-btn--blue800\" rel=\"nofollow noopener\" target=\"_blank\">S&rsquo;incrire<\/a><\/p>\n<p class=\" wall-content\">Depuis 2018, 760 millions d\u2019euros ont \u00e9t\u00e9 investis par SNCF R\u00e9seau pour la r\u00e9g\u00e9n\u00e9ration de la voie, un objectif atteint d\u00e8s 2025 (au lieu de 2026).<\/p>\n<p class=\" wall-content\">Personnalisez votre actualit\u00e9 en ajoutant vos villes et m\u00e9dias en favori avec <a href=\"https:\/\/moncompte.actu.fr\" title=\"D\u00e9couvez Mon Actu\" rel=\"nofollow noopener\" data-trk=\"{&quot;cta&quot;:{&quot;action&quot;:&quot;https:\\\/\\\/moncompte.actu.fr&quot;,&quot;category&quot;:&quot;mon compte&quot;,&quot;from&quot;:&quot;article footer&quot;,&quot;name&quot;:&quot;Mon actu&quot;,&quot;type&quot;:&quot;cta&quot;}}\" target=\"_blank\">Mon Actu<\/a>.<\/p>\n","protected":false},"excerpt":{"rendered":"Par Mathias Souteyrat Publi\u00e9 le 7 oct. 2025 \u00e0 9h36 Cela avance pour la modernisation de la ligne&hellip;\n","protected":false},"author":2,"featured_media":444656,"comment_status":"","ping_status":"","sticky":false,"template":"","format":"standard","meta":{"footnotes":""},"categories":[1888],"tags":[1111,1928,11,1927,1777,674,1011,27,12,1926,626,1925,25,2215,104,2086],"class_list":{"0":"post-444655","1":"post","2":"type-post","3":"status-publish","4":"format-standard","5":"has-post-thumbnail","7":"category-paris","8":"tag-actu","9":"tag-actu-paris","10":"tag-actualites","11":"tag-actualites-paris","12":"tag-eu","13":"tag-europe","14":"tag-fr","15":"tag-france","16":"tag-news","17":"tag-news-paris","18":"tag-paris","19":"tag-paris-news","20":"tag-republique-francaise","21":"tag-sncf","22":"tag-societe","23":"tag-travaux"},"share_on_mastodon":{"url":"https:\/\/pubeurope.com\/@fr\/115331896672163843","error":""},"_links":{"self":[{"href":"https:\/\/www.europesays.com\/fr\/wp-json\/wp\/v2\/posts\/444655","targetHints":{"allow":["GET"]}}],"collection":[{"href":"https:\/\/www.europesays.com\/fr\/wp-json\/wp\/v2\/posts"}],"about":[{"href":"https:\/\/www.europesays.com\/fr\/wp-json\/wp\/v2\/types\/post"}],"author":[{"embeddable":true,"href":"https:\/\/www.europesays.com\/fr\/wp-json\/wp\/v2\/users\/2"}],"replies":[{"embeddable":true,"href":"https:\/\/www.europesays.com\/fr\/wp-json\/wp\/v2\/comments?post=444655"}],"version-history":[{"count":0,"href":"https:\/\/www.europesays.com\/fr\/wp-json\/wp\/v2\/posts\/444655\/revisions"}],"wp:featuredmedia":[{"embeddable":true,"href":"https:\/\/www.europesays.com\/fr\/wp-json\/wp\/v2\/media\/444656"}],"wp:attachment":[{"href":"https:\/\/www.europesays.com\/fr\/wp-json\/wp\/v2\/media?parent=444655"}],"wp:term":[{"taxonomy":"category","embeddable":true,"href":"https:\/\/www.europesays.com\/fr\/wp-json\/wp\/v2\/categories?post=444655"},{"taxonomy":"post_tag","embeddable":true,"href":"https:\/\/www.europesays.com\/fr\/wp-json\/wp\/v2\/tags?post=444655"}],"curies":[{"name":"wp","href":"https:\/\/api.w.org\/{rel}","templated":true}]}}