{"id":444657,"date":"2025-10-07T08:17:13","date_gmt":"2025-10-07T08:17:13","guid":{"rendered":"https:\/\/www.europesays.com\/fr\/444657\/"},"modified":"2025-10-07T08:17:13","modified_gmt":"2025-10-07T08:17:13","slug":"entree-gratuite-et-expo-noires","status":"publish","type":"post","link":"https:\/\/www.europesays.com\/fr\/444657\/","title":{"rendered":"entr\u00e9e gratuite et expo Noires"},"content":{"rendered":"<p>ParisSelect &#8211; MansA, Maison des Mondes Africains, ouvre \u00e0 Paris 10e: entr\u00e9e gratuite et expo Noires<\/p>\n<p>La Maison des Mondes <a href=\"https:\/\/www.parisselectbook.com\/2025\/10\/03\/paris-fashion-week-2025-la-journee-secrete-du-7-octobre\/\" target=\"_blank\" rel=\"noopener nofollow\">Africains<\/a>, appel\u00e9e MansA, ouvre ses portes dans le nord-est de Paris. Ce lieu gratuit entend relier cr\u00e9ations, id\u00e9es et publics autour d\u2019histoires africaines et diasporiques, sans barri\u00e8re d\u2019\u00e2ge ni de budget.<\/p>\n<p>MansA, un nouveau lieu gratuit au c\u0153ur du 10e<\/p>\n<p>Au croisement de la culture et du d\u00e9bat, cette maison rassemble des <a href=\"https:\/\/www.parisselectbook.com\/2025\/09\/28\/salons-et-expositions-les-evenements-culturels-a-voir-en-octobre-a-paris\/\" target=\"_blank\" rel=\"noopener nofollow\">expositions<\/a>, des rencontres et des temps festifs. L\u2019entr\u00e9e y est <strong>gratuite<\/strong>, ce qui favorise une venue spontan\u00e9e, seul ou en famille. Ainsi, chacun peut s\u2019y arr\u00eater pour une heure ou pour une journ\u00e9e, selon ses envies. Le site se trouve dans le <strong>10e arrondissement<\/strong>, quartier vivant et facilement accessible.<\/p>\n<p>La <a href=\"https:\/\/www.parisselectbook.com\/2025\/10\/06\/5-marques-ultra-pointues-dont-les-parisiennes-raffolent-a-shopper-aux-galeries-lafayette\/\" target=\"_blank\" rel=\"noopener nofollow\">programmation<\/a> m\u00eale arts visuels, photographie, design, litt\u00e9ratures, musique et cin\u00e9ma. De plus, un accent fort est mis sur les voix d\u2019artistes vivant en Afrique et dans les diasporas. MansA propose des formats souples, du parcours d\u2019exposition aux conversations publiques. Aussi, des ateliers favorisent l\u2019\u00e9coute, la transmission et l\u2019apprentissage par le faire.<\/p>\n<p>Le lieu se construit avec des partenaires associatifs, des <a href=\"https:\/\/www.parisselectbook.com\/2025\/10\/03\/hotel-de-crillon-x-caviar-kaspia-lalliance-ultime-du-luxe-parisien\/\" target=\"_blank\" rel=\"noopener nofollow\">institutions<\/a> et des collectifs du quartier. En bref, l\u2019\u00e9quipe invite \u00e0 cofabriquer des formats qui refl\u00e8tent la diversit\u00e9 des r\u00e9cits. Les publics sont encourag\u00e9s \u00e0 donner leur avis, \u00e0 t\u00e9moigner et \u00e0 proposer des id\u00e9es. Cette attention \u00e0 la participation nourrit un programme vivant, r\u00e9actif et proche des besoins concrets.<\/p>\n<blockquote>\n<p>\u00ab Un lieu ouvert et gratuit pour relier des histoires, des pratiques et des regards. \u00bb<\/p>\n<\/blockquote>\n<p>Programmation et m\u00e9diation \u00e0 MansA<\/p>\n<p>R\u00e9sidences d\u2019artistes, cycles de films, tables rondes et temps de performance rythment l\u2019ann\u00e9e. Ainsi, MansA devient un espace de travail, pas seulement de diffusion. Les artistes y exp\u00e9rimentent des formes et rencontrent le public en direct. Par cons\u00e9quent, la m\u00e9diation repose sur le dialogue et la proximit\u00e9.<\/p>\n<p>Le calendrier alterne moments gratuits sur r\u00e9servation et entr\u00e9e libre selon les activit\u00e9s. De plus, des formats courts facilitent une visite sur le temps de midi ou apr\u00e8s le travail. Le week-end, des ateliers accueillent familles et groupes d\u2019amis. Cependant, mieux vaut v\u00e9rifier l\u2019agenda pour conna\u00eetre les cr\u00e9neaux et les jauges.<\/p>\n<ul>\n<li>Entr\u00e9e <strong>gratuite<\/strong> pour tous, sauf mention sp\u00e9ciale sur certains formats.<\/li>\n<li>Expositions, rencontres, projections et ateliers, selon un calendrier \u00e9volutif.<\/li>\n<li>Accueil pens\u00e9 pour les familles et les publics scolaires.<\/li>\n<li>Acc\u00e8s simple en transports en commun dans le <strong>10e arrondissement<\/strong>.<\/li>\n<li>Agenda mis \u00e0 jour r\u00e9guli\u00e8rement sur les canaux officiels du lieu.<\/li>\n<\/ul>\n<p>Pourquoi MansA compte pour Paris<\/p>\n<p>Ce nouvel espace renforce la place des cultures africaines dans la capitale. Ainsi, des cr\u00e9ateurs et penseurs venus de multiples horizons se rencontrent. De plus, les habitantes et habitants du quartier y trouvent un point d\u2019ancrage culturel. L\u2019id\u00e9e centrale reste simple\u2009: faire circuler les r\u00e9cits pour mieux se comprendre.<\/p>\n<p>Pour les jeunes, c\u2019est un terrain d\u2019apprentissage par l\u2019art et la pens\u00e9e critique. D\u2019abord, les ateliers permettent d\u2019aborder l\u2019histoire, les langues et les m\u00e9moires. Ensuite, les expositions ouvrent des fen\u00eatres sur des pratiques contemporaines. Par cons\u00e9quent, l\u2019\u00e9ducation artistique gagne en r\u00e9gularit\u00e9 et en accessibilit\u00e9.<\/p>\n<p>Le lieu agit aussi comme un trait d\u2019union entre institutions et initiatives locales. Ainsi, des passerelles se tissent avec biblioth\u00e8ques, associations et \u00e9coles du secteur. Cette synergie renforce la visibilit\u00e9 des projets \u00e9mergents. En bref, chacun peut y trouver sa place, du voisin curieux au visiteur de passage.<\/p>\n<p>Informations pratiques pour MansA<\/p>\n<p>Le site se situe dans une zone bien desservie du 10e, proche de grands axes. Aussi, l\u2019acc\u00e8s pi\u00e9ton et v\u00e9lo s\u2019av\u00e8re simple gr\u00e2ce aux am\u00e9nagements du quartier. Les espaces sont pens\u00e9s pour une circulation fluide du public. Cependant, certaines activit\u00e9s utilisent des jauges, ce qui justifie une r\u00e9servation.<\/p>\n<p>L\u2019entr\u00e9e g\u00e9n\u00e9rale reste <strong>gratuite<\/strong>; certaines animations peuvent demander une inscription. De plus, des m\u00e9diateurs et m\u00e9diatrices orientent les visiteurs d\u00e8s l\u2019accueil. Les informations de derni\u00e8re minute sont annonc\u00e9es sur les canaux du lieu. Ainsi, vous gagnez du temps et pr\u00e9parez votre venue sans stress.<\/p>\n<p>Le texte fourni ne mentionne pas de produits sp\u00e9cifiques avec marques ou mod\u00e8les. La liste des r\u00e9f\u00e9rences exactes de produits est donc vide.<\/p>\n<p>Pr\u00e9parer sa visite de MansA<\/p>\n<p>Avant de venir, consultez le programme de la semaine pour cibler vos temps forts. Aussi, anticipez les r\u00e9servations quand une jauge est annonc\u00e9e. MansA propose des formats courts et longs, selon votre disponibilit\u00e9. Par cons\u00e9quent, une halte improvis\u00e9e peut suffire \u00e0 vivre une belle rencontre.<\/p>\n<p>Pour une sortie en famille, privil\u00e9giez les ateliers signal\u00e9s \u00ab\u2009tout public\u2009\u00bb. De plus, pensez aux cr\u00e9neaux matinaux pour un parcours plus calme. Les m\u00e9diateurs r\u00e9pondent volontiers aux questions sur les contenus. Ainsi, chacun profite des \u0153uvres \u00e0 son rythme.<\/p>\n<p>Envie d\u2019\u00e9largir la balade culturelle dans le 10e\u2009? Associez votre passage \u00e0 MansA avec d\u2019autres \u00e9tapes artistiques du quartier. Ensuite, faites une pause dans un caf\u00e9 voisin pour poursuivre la discussion. En bref, la visite prolonge la journ\u00e9e et nourrit des id\u00e9es durables.<\/p>\n","protected":false},"excerpt":{"rendered":"ParisSelect &#8211; MansA, Maison des Mondes Africains, ouvre \u00e0 Paris 10e: entr\u00e9e gratuite et expo Noires La Maison&hellip;\n","protected":false},"author":2,"featured_media":444658,"comment_status":"","ping_status":"","sticky":false,"template":"","format":"standard","meta":{"footnotes":""},"categories":[1888],"tags":[1111,1928,11,1927,1777,674,1011,27,57089,12,1926,626,1925,25],"class_list":{"0":"post-444657","1":"post","2":"type-post","3":"status-publish","4":"format-standard","5":"has-post-thumbnail","7":"category-paris","8":"tag-actu","9":"tag-actu-paris","10":"tag-actualites","11":"tag-actualites-paris","12":"tag-eu","13":"tag-europe","14":"tag-fr","15":"tag-france","16":"tag-mansa","17":"tag-news","18":"tag-news-paris","19":"tag-paris","20":"tag-paris-news","21":"tag-republique-francaise"},"share_on_mastodon":{"url":"https:\/\/pubeurope.com\/@fr\/115331900648966160","error":""},"_links":{"self":[{"href":"https:\/\/www.europesays.com\/fr\/wp-json\/wp\/v2\/posts\/444657","targetHints":{"allow":["GET"]}}],"collection":[{"href":"https:\/\/www.europesays.com\/fr\/wp-json\/wp\/v2\/posts"}],"about":[{"href":"https:\/\/www.europesays.com\/fr\/wp-json\/wp\/v2\/types\/post"}],"author":[{"embeddable":true,"href":"https:\/\/www.europesays.com\/fr\/wp-json\/wp\/v2\/users\/2"}],"replies":[{"embeddable":true,"href":"https:\/\/www.europesays.com\/fr\/wp-json\/wp\/v2\/comments?post=444657"}],"version-history":[{"count":0,"href":"https:\/\/www.europesays.com\/fr\/wp-json\/wp\/v2\/posts\/444657\/revisions"}],"wp:featuredmedia":[{"embeddable":true,"href":"https:\/\/www.europesays.com\/fr\/wp-json\/wp\/v2\/media\/444658"}],"wp:attachment":[{"href":"https:\/\/www.europesays.com\/fr\/wp-json\/wp\/v2\/media?parent=444657"}],"wp:term":[{"taxonomy":"category","embeddable":true,"href":"https:\/\/www.europesays.com\/fr\/wp-json\/wp\/v2\/categories?post=444657"},{"taxonomy":"post_tag","embeddable":true,"href":"https:\/\/www.europesays.com\/fr\/wp-json\/wp\/v2\/tags?post=444657"}],"curies":[{"name":"wp","href":"https:\/\/api.w.org\/{rel}","templated":true}]}}