{"id":444663,"date":"2025-10-07T08:20:15","date_gmt":"2025-10-07T08:20:15","guid":{"rendered":"https:\/\/www.europesays.com\/fr\/444663\/"},"modified":"2025-10-07T08:20:15","modified_gmt":"2025-10-07T08:20:15","slug":"tout-affaiblissement-de-leurope-est-un-gain-pour-la-russie","status":"publish","type":"post","link":"https:\/\/www.europesays.com\/fr\/444663\/","title":{"rendered":"\u00abTout affaiblissement de l\u2019Europe est un gain pour la Russie\u00bb"},"content":{"rendered":"<p><strong>Quel est l\u2019int\u00e9r\u00eat de s\u2019en prendre sp\u00e9cifiquement \u00e0 des communaut\u00e9s religieuses?<\/strong><\/p>\n<p>Les commanditaires de ces op\u00e9rations savent parfaitement que l&rsquo;enjeu confessionnel est un foyer de tensions sociales. Cela l\u2019est d\u2019autant plus aujourd\u2019hui avec la guerre \u00e0 Gaza et la mani\u00e8re dont ce conflit s\u2019exporte au sein de nos soci\u00e9t\u00e9s, notamment \u00e0 travers la mont\u00e9e de l\u2019antis\u00e9mitisme et de l\u2019islamophobie. Leur objectif n\u2019est autre que de jeter de l\u2019huile sur le feu. La dimension religieuse n\u2019est pas le seul levier: pensez \u00e0 ce qui s&rsquo;est pass\u00e9 au moment des gilets jaunes ou lors de campagnes \u00e9lectorales. Mais le recours \u00e0 cette dimension a cela de particulier, c\u2019est qu\u2019il fonctionne \u00e0 chaque fois.<\/p>\n<p><strong>Pour quelle raison?<\/strong><\/p>\n<p>Entre le moment o\u00f9 l&rsquo;affaire surgit dans l&rsquo;espace m\u00e9diatique et le d\u00e9bat politique, et le moment o\u00f9 les enqu\u00eates d\u00e9terminent les responsables, s\u2019\u00e9coule un certain laps de temps. Or, face \u00e0 des sujets aussi sensibles, les m\u00e9dias et les politiques vont imm\u00e9diatement s\u2019engouffrer dans la br\u00e8che. Aucun camp politique ne veut \u00eatre accus\u00e9 de passivit\u00e9, qu\u2019il s\u2019agisse d\u2019exprimer son indignation ou d\u2019instrumentaliser l\u2019\u00e9v\u00e9nement pour r\u00e9affirmer sa position sur ces sujets hautement polarisants. Ce faisant, ils vont faire \u00abmonter la sauce\u00bb, et c\u2019est pr\u00e9cis\u00e9ment ce que recherchent les commanditaires de ces op\u00e9rations: exacerber les fractures et provoquer des sur-r\u00e9actions.<\/p>\n<p><strong>Les politiques devraient-ils agir autrement dans ces conditions?\u00a0<\/strong><\/p>\n<p>Il me semble qu\u2019\u00e0 la longue, ces op\u00e9rations sont quand m\u00eame assez reconnaissables. Ce mode op\u00e9ratoire r\u00e9current devrait de fait susciter assez rapidement une forme de suspicion et de prudence quand ce genre d&rsquo;\u00e9v\u00e9nement surgit. A mes yeux, il serait donc important que les acteurs politiques ou m\u00e9diatiques soul\u00e8vent imm\u00e9diatement l\u2019hypoth\u00e8se qu\u2019on est peut-\u00eatre face \u00e0 une entreprise d\u2019ing\u00e9rence \u00e9trang\u00e8re.<\/p>\n<p><strong>Les \u00e9pisodes se succ\u00e8dent depuis octobre 2023, pointez-vous. Diriez-vous que la Russie instrumentalise la guerre \u00e0 Gaza pour mener sa guerre d\u2019influence?<\/strong><\/p>\n<p>La Russie a une vision strat\u00e9gique de tout ph\u00e9nom\u00e8ne qui pourrait contribuer \u00e0 affaiblir l\u2019Europe. Elle fait feu de tout bois, et les cons\u00e9quences de la guerre \u00e0 Gaza ne sauraient y \u00e9chapper. Mais les tensions confessionnelles en Europe existent cependant au-del\u00e0 de la guerre \u00e0 Gaza. On l\u2019a vu notamment sur les sujets en lien avec l\u2019immigration, instrumentalis\u00e9e par une partie des droites europ\u00e9ennes.\u00a0<\/p>\n<p><strong>Comment expliquez-vous alors l\u2019augmentation actuelle de ce type d\u2019op\u00e9rations?<\/strong><\/p>\n<p>La Russie a toujours d\u00e9ploy\u00e9 une influence informationnelle et num\u00e9rique pour promouvoir des r\u00e9cits favorables \u00e0 Moscou. Cependant, depuis le d\u00e9but de l\u2019invasion de la guerre en Ukraine, la Russie a d\u00fb adapter ses moyens de propagande. Avec mon coll\u00e8gue Colin G\u00e9rard, nous parlons d\u2019un processus de \u00abclandestination\u00bb des op\u00e9rations d\u2019influence de la Russie. Les m\u00e9dias Spountnik et Russia Today menaient si l\u2019on veut des actions \u00ab\u00e0 ciel ouvert\u00bb. Or ceux-ci ont \u00e9t\u00e9 interdits au sein de l\u2019Union europ\u00e9enne apr\u00e8s l\u2019invasion de l\u2019Ukraine. Le tarissement de ces flux informationnels expliquerait d\u00e8s lors l\u2019app\u00e9tence des acteurs russes pour des op\u00e9rations plus clandestines.<\/p>\n<p><strong>Quel est au final le but recherch\u00e9 de ces man\u0153uvres de d\u00e9stabilisation, toutes formes confondues?<\/strong><\/p>\n<p>S\u2019agissant de l\u2019Europe, l\u2019objectif de l\u2019influence russe est essentiellement n\u00e9gatif et corrosif. Le but est d\u2019affaiblir nos soci\u00e9t\u00e9s et de discr\u00e9diter le mod\u00e8le d\u00e9mocratique, lib\u00e9ral et occidental. A l\u2019oppos\u00e9 de la pens\u00e9e selon laquelle la coop\u00e9ration est b\u00e9n\u00e9fique pour tous les acteurs, pour Moscou, c\u2019est un jeu \u00e0 somme nulle: tout affaiblissement de l\u2019Europe est per\u00e7u comme un gain pour la Russie. Dans le contexte actuel, affaiblir l\u2019Europe revient de facto \u00e0 amenuiser \u00e9galement son soutien \u00e0 l&rsquo;Ukraine.<\/p>\n<p><strong>Quel pourrait \u00eatre le r\u00f4le des chefs religieux europ\u00e9ens face \u00e0 ces op\u00e9rations de d\u00e9stabilisation?<\/strong>\u00a0<\/p>\n<p>Les autorit\u00e9s religieuses sont parfaitement l\u00e9gitimes pour aussi rappeler, d\u00e8s le d\u00e9but des enqu\u00eates, que le fait religieux peut \u00eatre instrumentalis\u00e9 \u00e0 des fins de propagande et d\u2019influence. Je pense qu\u2019il serait \u00e9galement important, lorsqu\u2019il est av\u00e9r\u00e9 que l\u2019action \u00e9tait men\u00e9e par un commanditaire \u00e9tatique, qu\u2019elles d\u00e9noncent ces pratiques pour participer \u00e0 l\u2019apaisement des tensions.<\/p>\n","protected":false},"excerpt":{"rendered":"Quel est l\u2019int\u00e9r\u00eat de s\u2019en prendre sp\u00e9cifiquement \u00e0 des communaut\u00e9s religieuses? Les commanditaires de ces op\u00e9rations savent parfaitement&hellip;\n","protected":false},"author":2,"featured_media":444664,"comment_status":"","ping_status":"","sticky":false,"template":"","format":"standard","meta":{"footnotes":""},"categories":[1591],"tags":[11,1887,27,1146,74,12,316,11725,1885,1886,132,1254],"class_list":{"0":"post-444663","1":"post","2":"type-post","3":"status-publish","4":"format-standard","5":"has-post-thumbnail","7":"category-russie","8":"tag-actualites","9":"tag-federation-de-russie","10":"tag-france","11":"tag-guerre","12":"tag-monde","13":"tag-news","14":"tag-politique","15":"tag-religions","16":"tag-russia","17":"tag-russian-federation","18":"tag-russie","19":"tag-terrorisme"},"share_on_mastodon":{"url":"https:\/\/pubeurope.com\/@fr\/115331912431261543","error":""},"_links":{"self":[{"href":"https:\/\/www.europesays.com\/fr\/wp-json\/wp\/v2\/posts\/444663","targetHints":{"allow":["GET"]}}],"collection":[{"href":"https:\/\/www.europesays.com\/fr\/wp-json\/wp\/v2\/posts"}],"about":[{"href":"https:\/\/www.europesays.com\/fr\/wp-json\/wp\/v2\/types\/post"}],"author":[{"embeddable":true,"href":"https:\/\/www.europesays.com\/fr\/wp-json\/wp\/v2\/users\/2"}],"replies":[{"embeddable":true,"href":"https:\/\/www.europesays.com\/fr\/wp-json\/wp\/v2\/comments?post=444663"}],"version-history":[{"count":0,"href":"https:\/\/www.europesays.com\/fr\/wp-json\/wp\/v2\/posts\/444663\/revisions"}],"wp:featuredmedia":[{"embeddable":true,"href":"https:\/\/www.europesays.com\/fr\/wp-json\/wp\/v2\/media\/444664"}],"wp:attachment":[{"href":"https:\/\/www.europesays.com\/fr\/wp-json\/wp\/v2\/media?parent=444663"}],"wp:term":[{"taxonomy":"category","embeddable":true,"href":"https:\/\/www.europesays.com\/fr\/wp-json\/wp\/v2\/categories?post=444663"},{"taxonomy":"post_tag","embeddable":true,"href":"https:\/\/www.europesays.com\/fr\/wp-json\/wp\/v2\/tags?post=444663"}],"curies":[{"name":"wp","href":"https:\/\/api.w.org\/{rel}","templated":true}]}}