{"id":444679,"date":"2025-10-07T08:28:11","date_gmt":"2025-10-07T08:28:11","guid":{"rendered":"https:\/\/www.europesays.com\/fr\/444679\/"},"modified":"2025-10-07T08:28:11","modified_gmt":"2025-10-07T08:28:11","slug":"en-direct-edouard-philippe-demande-a-emmanuel-macron-une-election-presidentielle-anticipee-apres-le-vote-du-budget-rtl-fr","status":"publish","type":"post","link":"https:\/\/www.europesays.com\/fr\/444679\/","title":{"rendered":"EN DIRECT &#8211; \u00c9douard Philippe demande \u00e0 Emmanuel Macron une \u00e9lection &quot;pr\u00e9sidentielle anticip\u00e9e&quot; apr\u00e8s le vote du budget &#8211; RTL.fr"},"content":{"rendered":"<ol>\n<li><a href=\"https:\/\/news.google.com\/rss\/articles\/CBMi6wFBVV95cUxPd1hYWkVGRmxNUVFYRGZrdkctSmN3VkFMSlV6eExxVkZhLVU0YUN1MkJ4YVJNZlF6b1JzVTlqUHhRN3pyVWlLYjFVcDhPeEpERVR0VFFWSy1nV3NMSXhBQm9vVFhxcy13ZEhYLXJsbVZVX2RKM0hEVGtUa01OUGRGVDBFTmdXNklWVXc3eUl5anRjOHhnQ2ppSUhhRmRBLWdmTGQtZEkxX2VyRnNicG15SjFhRGpxZU4xZGgtMU5NT1hJMGEzQjZ2ekVfSWNteGNTYWdhZ2FlNlpYa1Q4U2Q0bGN5TENuNUJUWXdn?oc=5\" target=\"_blank\" rel=\"noopener\">EN DIRECT &#8211; \u00c9douard Philippe demande \u00e0 Emmanuel Macron une \u00e9lection \u00ab\u00a0pr\u00e9sidentielle anticip\u00e9e\u00a0\u00bb apr\u00e8s le vote du budget<\/a>&nbsp;&nbsp;RTL.fr<\/li>\n<li><a href=\"https:\/\/news.google.com\/rss\/articles\/CBMivAJBVV95cUxORFRtWjBjM0Z3aVU1RnBCbndmTTU4MldkMEF1UGo1YnpkNUNTT0xtbXB0UmdkaXpUOVhydlVJZ2Y5UmV4YWpvdDZsYnhMa0RFNlB4bERFUXB4QllDLU1hcmxHWWVpYndUNTQxWHpxZF80VnNUV0gwa092dUNCTEl3VkRISnY4bGpMV1l4WlZPcUkyZGI0QzJZLVFkZDdsY0tDWFZCOWduaFM3d3djdVZxVHBMR3l4eUJSZ05Hc2pLY2dVcVEzLS1OYVA0MHVTSENiQ0FERDRadVRTR3BWNWxONjZDOUJFd3B0ODA0TkRjTDI0OXoxbGhIWXhXMm4tY01XZldDY2w4M3pjVDlpd0pkNG9zYm1jYy1ZSFh3QV9NU21FR2VLYVYzWThHY3lTaG9MejRCcXFxQjdFaS1z?oc=5\" target=\"_blank\" rel=\"noopener\">EN DIRECT, crise politique : Edouard Philippe sugg\u00e8re \u00ab une \u00e9lection pr\u00e9sidentielle anticip\u00e9e \u00bb, les partis de gauche se r\u00e9unissent en ordre dispers\u00e9<\/a>&nbsp;&nbsp;Le Monde.fr<\/li>\n<li><a href=\"https:\/\/news.google.com\/rss\/articles\/CBMilAJBVV95cUxQd0p4RTROWWUtd0d1OWFveXd5X3ktUEVjcTh2X3oybGI2R05LbjRuWGpuVHlQRDNDcjV0TFl5Wm9CbWw0clhxc1NMVHpBcmQ2VDl3c0xsMTE4QlN5T1dWVmhnSXBwX0d6T2lkWE82YmVJQjQ2ZlJhY2lndTRLZUItY0VIc2RhSG1UYjJuZGhDMkVHTi01ZkcyREoyQzNyOVRuU2hPMEtRV0R4VlltbElmc0VvaGJDNF9WUllaUVZrU0d3NkNxLWFJX3RwNlFMZ3ZNWmtNQnZhbUxBMk1fS3Vlcm11THdnRi15dWwwMzZiNkFHejZsQ2p2MnMzOUVPVkJDTU5LSW5wc3pMdTdmZWNhSGRydkc?oc=5\" target=\"_blank\" rel=\"noopener\">Crise politique : S\u00e9bastien Lecornu entame les<\/a>&nbsp;&nbsp;La Provence<\/li>\n<li><a href=\"https:\/\/news.google.com\/rss\/articles\/CBMi7AFBVV95cUxQbTUxWFBUSGxtTHhnaDJtSDVQRVluWllXZWo5ci1yTHpYM0o2bXd3N0hBMnBCcTMtWWtiUkk0YU5Yc1kzYlk2OVlfbng0NDNvWGQwZ3Vib1RPcmRPQlE3NkVQTUFpMTFscS1iOTlQazFGZHY4V0pwRTI5RTlXYkFFOU0xZjkxUjI1Y0dZcEs4V3doLVZsa1E4YjV2N2FFSWpmSUlvV1dGTE5VQ2pxRFplTTdEa2xoQWU1WU1MQUZEb3J2ZmIxS1pJdGppdlMwQ0lyd21tYngwckFneGFwMXU4elpCcHZmZTJ0alZIbQ?oc=5\" target=\"_blank\" rel=\"noopener\">Edouard Philippe demande \u00e0 Emmanuel Macron d\u2019organiser une pr\u00e9sidentielle anticip\u00e9e apr\u00e8s l\u2019adoption du budget 2026<\/a>&nbsp;&nbsp;Challenges<\/li>\n<li><a href=\"https:\/\/news.google.com\/rss\/articles\/CBMinwJBVV95cUxNMFAwRnQ1dmVjV2lfZGNZaXo3NlZ4eUNqR1k1SUdLLTNwaGstdFVLWDRRczUtaWdNVjlIdWpJX2NHdlhUUDdCTUpNblZfWGREcFB0bTd6ZzlGZHRwMzl3bWtER1pKSkdMTFBKd0haQXViYWp2dVl0eVJjNUh3dzA4dkw4cVZBNlR5S3BGNnY3clBlWi01MGtrazg3bG95NG1ySm5tLXU5akdUNENjSTFMa0dScWdlN3hXby1lUXljQUNXVnZuUlZ6aS1OcFBpb0NNV1h6MERGelpKcHJwV1F4RGJTV2VySzNZemVpUkF3dV8wR3MzeWZLTm9OdFlCbkQ2MHBtZzU1Vm9GeUZUZnQwMk43VUZWaWhLZW9ULWJXbw?oc=5\" target=\"_blank\" rel=\"noopener\">\u00c9douard Philippe invite Emmanuel Macron \u00e0 organiser une \u00e9lection pr\u00e9sidentielle anticip\u00e9e, apr\u00e8s l\u2019adoption d\u2019un budget<\/a>&nbsp;&nbsp;Le Parisien<\/li>\n<\/ol>\n","protected":false},"excerpt":{"rendered":"EN DIRECT &#8211; \u00c9douard Philippe demande \u00e0 Emmanuel Macron une \u00e9lection \u00ab\u00a0pr\u00e9sidentielle anticip\u00e9e\u00a0\u00bb apr\u00e8s le vote du budget&nbsp;&nbsp;RTL.fr&hellip;\n","protected":false},"author":2,"featured_media":444680,"comment_status":"","ping_status":"","sticky":false,"template":"","format":"standard","meta":{"footnotes":""},"categories":[2],"tags":[11,1073,107,1011,27,418,12,25,11067],"class_list":{"0":"post-444679","1":"post","2":"type-post","3":"status-publish","4":"format-standard","5":"has-post-thumbnail","7":"category-actualites","8":"tag-actualites","9":"tag-emmanuel-macron","10":"tag-fil-info","11":"tag-fr","12":"tag-france","13":"tag-gouvernement","14":"tag-news","15":"tag-republique-francaise","16":"tag-sebastien-lecornu"},"share_on_mastodon":{"url":"https:\/\/pubeurope.com\/@fr\/115331943844270953","error":""},"_links":{"self":[{"href":"https:\/\/www.europesays.com\/fr\/wp-json\/wp\/v2\/posts\/444679","targetHints":{"allow":["GET"]}}],"collection":[{"href":"https:\/\/www.europesays.com\/fr\/wp-json\/wp\/v2\/posts"}],"about":[{"href":"https:\/\/www.europesays.com\/fr\/wp-json\/wp\/v2\/types\/post"}],"author":[{"embeddable":true,"href":"https:\/\/www.europesays.com\/fr\/wp-json\/wp\/v2\/users\/2"}],"replies":[{"embeddable":true,"href":"https:\/\/www.europesays.com\/fr\/wp-json\/wp\/v2\/comments?post=444679"}],"version-history":[{"count":0,"href":"https:\/\/www.europesays.com\/fr\/wp-json\/wp\/v2\/posts\/444679\/revisions"}],"wp:featuredmedia":[{"embeddable":true,"href":"https:\/\/www.europesays.com\/fr\/wp-json\/wp\/v2\/media\/444680"}],"wp:attachment":[{"href":"https:\/\/www.europesays.com\/fr\/wp-json\/wp\/v2\/media?parent=444679"}],"wp:term":[{"taxonomy":"category","embeddable":true,"href":"https:\/\/www.europesays.com\/fr\/wp-json\/wp\/v2\/categories?post=444679"},{"taxonomy":"post_tag","embeddable":true,"href":"https:\/\/www.europesays.com\/fr\/wp-json\/wp\/v2\/tags?post=444679"}],"curies":[{"name":"wp","href":"https:\/\/api.w.org\/{rel}","templated":true}]}}