{"id":444685,"date":"2025-10-07T08:35:10","date_gmt":"2025-10-07T08:35:10","guid":{"rendered":"https:\/\/www.europesays.com\/fr\/444685\/"},"modified":"2025-10-07T08:35:10","modified_gmt":"2025-10-07T08:35:10","slug":"fracture-confirmee-pour-marc-marquez-forfait-les-deux-prochains-grands-prix","status":"publish","type":"post","link":"https:\/\/www.europesays.com\/fr\/444685\/","title":{"rendered":"fracture confirm\u00e9e pour Marc Marquez, forfait les deux prochains Grands Prix"},"content":{"rendered":"<p>Le nouveau champion du monde de la cat\u00e9gorie reine avait \u00e9t\u00e9 victime d\u2019une violente chute au Grand Prix d\u2019Indon\u00e9sie dimanche.<\/p>\n<p class=\"fig-paragraph\">Le septuple champion du monde espagnol de MotoGP Marc Marquez,\u00a0<a href=\"http:\/\/www.lefigaro.fr\/sports\/autres-sports\/motogp-en-video-l-enorme-chute-de-marquez-victime-d-une-fracture-de-l-epaule-aldeguer-s-impose-en-indonesie-20251005\" data-fig-type=\"NewsFlash\" data-gtm-custom-categorie=\"navigation\" data-gtm-custom-action=\"crossclick\" data-gtm-custom-label=\"Contextuel\" data-gtm-event=\"customEventSPE\" data-fig-domain=\"LEFIGARO\" target=\"_blank\" rel=\"noopener\">tomb\u00e9 dimanche au premier tour du Grand Prix d&rsquo;Indon\u00e9sie<\/a>, souffre d&rsquo;une fracture et d&rsquo;une l\u00e9sion ligamentaire \u00e0 l&rsquo;\u00e9paule droite qui vont le contraindre \u00e0 manquer les deux prochaines courses, selon son \u00e9curie lundi.<\/p>\n<p class=\"fig-paragraph\">Le pilote Ducati a \u00e9t\u00e9 rapatri\u00e9 \u00e0 Madrid apr\u00e8s sa chute, quand il avait \u00e9t\u00e9 d\u00e9s\u00e9quilibr\u00e9 par l&rsquo;Italien Marco Bezzecchi (Aprilia), et a tout de suite \u00e9t\u00e9 conduit \u00e0 l&rsquo;h\u00f4pital pour y passer des examens.<\/p>\n<p>                                    <a class=\"fig-a11y-skip a11y-hidden\" href=\"#fig-a11y-skip-main-inarticle\"><br \/>\n        Passer la publicit\u00e9<br \/>\n    <\/a><\/p>\n<p class=\"fig-paragraph\">Ceux-ci ont r\u00e9v\u00e9l\u00e9 \u00abune fracture \u00e0 la base du processus coraco\u00efde et une blessure ligamentaire \u00e0 son \u00e9paule droite\u00bb, indique dans un communiqu\u00e9 son \u00e9curie, qui exclut tout lien avec sa pr\u00e9c\u00e9dente blessure \u00e0 cette m\u00eame \u00e9paule.<\/p>\n<p class=\"fig-paragraph\">Cependant, il n&rsquo;y a pas de d\u00e9placement significatif des os et Marquez ne devra pas \u00eatre op\u00e9r\u00e9. Les m\u00e9decins ont opt\u00e9 pour \u00abun plan de traitement conservateur, impliquant du repos et l&rsquo;immobilisation de l&rsquo;\u00e9paule touch\u00e9e jusqu&rsquo;\u00e0 la gu\u00e9rison compl\u00e8te\u00bb. Cela l&#8217;emp\u00eachera donc de participer aux prochains Grands Prix d&rsquo;Australie (17-19 octobre) et de Malaisie (24-26 octobre).<\/p>\n<p class=\"fig-paragraph\">\u00abHeureusement, la blessure n&rsquo;est pas grave, mais il est important de respecter le d\u00e9lai de r\u00e9cup\u00e9ration\u00bb, a d\u00e9clar\u00e9 Marquez, qui avait d\u00e9croch\u00e9 son septi\u00e8me titre la semaine pr\u00e9c\u00e9dente au Japon. \u00abMon objectif est d&rsquo;\u00eatre de retour avant la fin de la saison, mais sans pr\u00e9cipiter les choses, en fonction des recommandations des m\u00e9decins. Mes objectifs personnels et ceux de l&rsquo;\u00e9quipe ont \u00e9t\u00e9 atteints, donc maintenant, la priorit\u00e9 est de bien r\u00e9cup\u00e9rer et de revenir \u00e0 100%.\u00bb<\/p>\n<p class=\"fig-paragraph\">La gu\u00e9rison du pilote de 32 ans sera \u00e9valu\u00e9e chaque semaine et il reprendra la comp\u00e9tition en fonction de ses progr\u00e8s.<\/p>\n<p class=\"fig-paragraph\">Marc Marquez s&rsquo;\u00e9tait bless\u00e9 \u00e0 l&rsquo;\u00e9paule droite au d\u00e9but de la saison 2020 et avait manqu\u00e9 tout le reste de la saison pour subir plusieurs op\u00e9rations.<\/p>\n","protected":false},"excerpt":{"rendered":"Le nouveau champion du monde de la cat\u00e9gorie reine avait \u00e9t\u00e9 victime d\u2019une violente chute au Grand Prix&hellip;\n","protected":false},"author":2,"featured_media":444686,"comment_status":"","ping_status":"","sticky":false,"template":"","format":"standard","meta":{"footnotes":""},"categories":[1413],"tags":[1011,27,1461,1457,1456,60],"class_list":{"0":"post-444685","1":"post","2":"type-post","3":"status-publish","4":"format-standard","5":"has-post-thumbnail","7":"category-moto","8":"tag-fr","9":"tag-france","10":"tag-marc-marquez","11":"tag-moto","12":"tag-motocycle","13":"tag-sports"},"share_on_mastodon":{"url":"https:\/\/pubeurope.com\/@fr\/115331971426432395","error":""},"_links":{"self":[{"href":"https:\/\/www.europesays.com\/fr\/wp-json\/wp\/v2\/posts\/444685","targetHints":{"allow":["GET"]}}],"collection":[{"href":"https:\/\/www.europesays.com\/fr\/wp-json\/wp\/v2\/posts"}],"about":[{"href":"https:\/\/www.europesays.com\/fr\/wp-json\/wp\/v2\/types\/post"}],"author":[{"embeddable":true,"href":"https:\/\/www.europesays.com\/fr\/wp-json\/wp\/v2\/users\/2"}],"replies":[{"embeddable":true,"href":"https:\/\/www.europesays.com\/fr\/wp-json\/wp\/v2\/comments?post=444685"}],"version-history":[{"count":0,"href":"https:\/\/www.europesays.com\/fr\/wp-json\/wp\/v2\/posts\/444685\/revisions"}],"wp:featuredmedia":[{"embeddable":true,"href":"https:\/\/www.europesays.com\/fr\/wp-json\/wp\/v2\/media\/444686"}],"wp:attachment":[{"href":"https:\/\/www.europesays.com\/fr\/wp-json\/wp\/v2\/media?parent=444685"}],"wp:term":[{"taxonomy":"category","embeddable":true,"href":"https:\/\/www.europesays.com\/fr\/wp-json\/wp\/v2\/categories?post=444685"},{"taxonomy":"post_tag","embeddable":true,"href":"https:\/\/www.europesays.com\/fr\/wp-json\/wp\/v2\/tags?post=444685"}],"curies":[{"name":"wp","href":"https:\/\/api.w.org\/{rel}","templated":true}]}}