{"id":44469,"date":"2025-04-22T17:14:11","date_gmt":"2025-04-22T17:14:11","guid":{"rendered":"https:\/\/www.europesays.com\/fr\/44469\/"},"modified":"2025-04-22T17:14:11","modified_gmt":"2025-04-22T17:14:11","slug":"ce-quattendent-les-fideles-grenoblois-du-nouveau-pape","status":"publish","type":"post","link":"https:\/\/www.europesays.com\/fr\/44469\/","title":{"rendered":"ce qu\u2019attendent les fid\u00e8les grenoblois du nouveau pape"},"content":{"rendered":"<p>L\u2019\u00e9motion est encore vive, au lendemain du d\u00e9c\u00e8s du pape Fran\u00e7ois, parmi les fid\u00e8les venus assister \u00e0 la messe \u00e0 la basilique du Sacr\u00e9-C\u0153ur, \u00e0 Grenoble. Henry, 85 ans, verse une larme. \u00ab\u00a0C\u2019\u00e9tait un bon pape, il condamnait le mal et il a mis de l\u2019ordre dans l\u2019\u00c9glise\u00a0\u00bb, t\u00e9moigne-t-il, tout en exprimant l\u2019espoir que le prochain pape \u00ab\u00a0vivra avec son temps\u00a0\u00bb.<\/p>\n<p>\u00ab\u00a0Il a&#8230;                <\/p>\n","protected":false},"excerpt":{"rendered":"L\u2019\u00e9motion est encore vive, au lendemain du d\u00e9c\u00e8s du pape Fran\u00e7ois, parmi les fid\u00e8les venus assister \u00e0 la&hellip;\n","protected":false},"author":2,"featured_media":44470,"comment_status":"","ping_status":"","sticky":false,"template":"","format":"standard","meta":{"footnotes":""},"categories":[9566],"tags":[1111,11,2430,112,1777,674,1011,27,2731,2732,12,5889,25,104],"class_list":{"0":"post-44469","1":"post","2":"type-post","3":"status-publish","4":"format-standard","5":"has-post-thumbnail","7":"category-grenoble","8":"tag-actu","9":"tag-actualites","10":"tag-auvergne-rhone-alpes","11":"tag-edition-grenoble-agglomeration","12":"tag-eu","13":"tag-europe","14":"tag-fr","15":"tag-france","16":"tag-grenoble","17":"tag-grenoble-bassin","18":"tag-news","19":"tag-religion-croyance","20":"tag-republique-francaise","21":"tag-societe"},"share_on_mastodon":{"url":"https:\/\/pubeurope.com\/@fr\/114382744061571024","error":""},"_links":{"self":[{"href":"https:\/\/www.europesays.com\/fr\/wp-json\/wp\/v2\/posts\/44469","targetHints":{"allow":["GET"]}}],"collection":[{"href":"https:\/\/www.europesays.com\/fr\/wp-json\/wp\/v2\/posts"}],"about":[{"href":"https:\/\/www.europesays.com\/fr\/wp-json\/wp\/v2\/types\/post"}],"author":[{"embeddable":true,"href":"https:\/\/www.europesays.com\/fr\/wp-json\/wp\/v2\/users\/2"}],"replies":[{"embeddable":true,"href":"https:\/\/www.europesays.com\/fr\/wp-json\/wp\/v2\/comments?post=44469"}],"version-history":[{"count":0,"href":"https:\/\/www.europesays.com\/fr\/wp-json\/wp\/v2\/posts\/44469\/revisions"}],"wp:featuredmedia":[{"embeddable":true,"href":"https:\/\/www.europesays.com\/fr\/wp-json\/wp\/v2\/media\/44470"}],"wp:attachment":[{"href":"https:\/\/www.europesays.com\/fr\/wp-json\/wp\/v2\/media?parent=44469"}],"wp:term":[{"taxonomy":"category","embeddable":true,"href":"https:\/\/www.europesays.com\/fr\/wp-json\/wp\/v2\/categories?post=44469"},{"taxonomy":"post_tag","embeddable":true,"href":"https:\/\/www.europesays.com\/fr\/wp-json\/wp\/v2\/tags?post=44469"}],"curies":[{"name":"wp","href":"https:\/\/api.w.org\/{rel}","templated":true}]}}