{"id":444693,"date":"2025-10-07T08:41:12","date_gmt":"2025-10-07T08:41:12","guid":{"rendered":"https:\/\/www.europesays.com\/fr\/444693\/"},"modified":"2025-10-07T08:41:12","modified_gmt":"2025-10-07T08:41:12","slug":"michele-ouimet-damoureuse-libre-a-proche-aidante-epuisee","status":"publish","type":"post","link":"https:\/\/www.europesays.com\/fr\/444693\/","title":{"rendered":"Mich\u00e8le Ouimet, d\u2019amoureuse libre \u00e0 proche aidante \u00e9puis\u00e9e"},"content":{"rendered":"<p class=\"article-bodystyled__StyledText-sc-19uhgql-0 bGeyRM body-paragraph\" id=\"content-element-2AQBZ2KPENAKNDEOXM4WHCHJH4\">Parce que parfois, pour survivre, \u00e7a prend \u00e7a.<\/p>\n<p class=\"article-bodystyled__StyledText-sc-19uhgql-0 bGeyRM body-paragraph\" id=\"content-element-BMX5AVVKHNDXFNEPXLTRNEUNF4\">\u00abIl fallait que j\u2019\u00e9crive cette histoire. J\u2019ai commenc\u00e9 six mois apr\u00e8s la mort d\u2019Andr\u00e9. \u00c7a m\u2019habitait trop, confie-t-elle d\u2019embl\u00e9e, attabl\u00e9e en ce vendredi matin radieux, dans un caf\u00e9 o\u00f9 elle a ses habitudes. Et \u00e7a a \u00e9t\u00e9 tr\u00e8s th\u00e9rapeutique.\u00bb<\/p>\n<p class=\"article-bodystyled__StyledText-sc-19uhgql-0 bGeyRM body-paragraph\" id=\"content-element-MWMBVS7L4VDU3C3RHQUQEWFXSQ\">Dans La B\u00eate, publi\u00e9 ce mardi chez Bor\u00e9al, un roman \u00ab\u00e0 90 % vrai\u00bb \u2013 seuls certains noms ont \u00e9t\u00e9 chang\u00e9s, et quelques personnages invent\u00e9s\u2013, l\u2019autrice revient sur sa rencontre avec Andr\u00e9, donc, \u00abson\u00bb Andr\u00e9, sa fameuse \u00abB\u00eate\u00bb. Un homme avec qui elle a partag\u00e9 trente ans de sa vie, qui a aussi \u00e9t\u00e9 affubl\u00e9 de plusieurs diagnostics aussi effrayants qu\u2019improbables avec les ann\u00e9es: Parkinson, d\u00e9pression, trouble anxieux, sans oublier cette \u00abaphasie primaire progressive de type s\u00e9mantique\u00bb. Dire qu\u2019aux d\u00e9buts, ils en ont ri, d\u2019une premi\u00e8re gestion de crise par le d\u00e9ni d\u2019une s\u00e9rie.<\/p>\n<blockquote class=\"blockquote\" cite=\"\" id=\"content-element-UNGBVE44RNAVJHX6ASJ7RETJ6M\">\n<p class=\"secondary-font__SecondaryFontStyles-sc-jft5zj-0 kJOXaj\">Car cette aphasie \u00e0 coucher dehors a un nom plus commun, disons. C\u2019est une d\u00e9mence, finira-t-elle par comprendre, \u00e0 force de fouiller le web, pour \u00e9clairer ses d\u00e9rangeants comportements, au mieux inhabituels, au pire meurtriers.<\/p>\n<\/blockquote>\n<p class=\"article-bodystyled__StyledText-sc-19uhgql-0 bGeyRM body-paragraph\" id=\"content-element-ADJCG2IB7NEA3LILAWZUIPV6QU\">Vous avez bien lu: meurtriers. Le texte commence d\u2019ailleurs sur ces mots, brutaux. \u00abJ\u2019ai envie de te tuer. \u00c7a fait une semaine qu\u2019Andr\u00e9 me r\u00e9p\u00e8te qu\u2019il veut me tuer\u00bb, une envie qui lui reviendra sporadiquement, sans crier gare, qu\u2019il m\u00e8nera presque \u00e0 ex\u00e9cution, en plus de la diriger vers son psy, et m\u00eame son propre fils. Imaginez l\u2019effroi.<\/p>\n<p><img decoding=\"async\" data-chromatic=\"ignore\" alt=\"Apr&#xE8;s avoir publi&#xE9; quelques romans (&lt;i&gt;La promesse, L&#x2019;heure mauve, L&#x2019;homme aux chats&lt;\/i&gt;), voici Mich&#xE8;le Ouimet toujours aussi directe, par bouts effectivement cinglante, mais en prime vuln&#xE9;rable. \" class=\"c-image\" loading=\"lazy\" src=\"https:\/\/www.europesays.com\/fr\/wp-content\/uploads\/2025\/10\/ZXTEJXYXTBEPRDXL77GSINWWOI.png\"  width=\"1200\" height=\"799\"\/><\/p>\n<p class=\"image-metadata__MetadataParagraph-sc-1gfk7p2-0 cAaLKg image-metadata\">Apr\u00e8s avoir publi\u00e9 quelques romans (La promesse, L\u2019heure mauve, L\u2019homme aux chats), voici Mich\u00e8le Ouimet toujours aussi directe, par bouts effectivement cinglante, mais en prime vuln\u00e9rable.  (Marco Campanozzi\/La Presse)<\/p>\n<p class=\"article-bodystyled__StyledText-sc-19uhgql-0 bGeyRM body-paragraph\" id=\"content-element-KU35EUUQI5BALBJCHE5LE2BMUM\">On se souvient de l\u2019\u00e9criture parfois cinglante, toujours directe, d\u2019une pr\u00e9cision redoutable, de la journaliste qui a couvert quantit\u00e9 de guerres, gravit\u00e9 29 ans \u00e0 La Presse, avant de prendre sa retraite, en 2018. Apr\u00e8s avoir publi\u00e9 quelques romans (La promesse, L\u2019heure mauve, L\u2019homme aux chats), voici Mich\u00e8le Ouimet toujours aussi directe, par bouts effectivement cinglante, mais en prime vuln\u00e9rable. <\/p>\n<p class=\"article-bodystyled__StyledText-sc-19uhgql-0 bGeyRM body-paragraph\" id=\"content-element-TBBVOO5555BB7P3LMQIGQU2RKM\">Envahie, surtout, d\u2019une infinie culpabilit\u00e9, de laquelle elle peine \u00e0 ce jour \u00e0 se d\u00e9barrasser. M\u00eame apr\u00e8s \u00abdeux ans et quatre mois aujourd\u2019hui\u00bb, comme elle le pr\u00e9cisera, de sa rigueur habituelle, pour souligner la date fatidique de la mort d\u2019Andr\u00e9.<\/p>\n<p class=\"article-bodystyled__StyledText-sc-19uhgql-0 bGeyRM body-paragraph\" id=\"content-element-AGUTZNNCABCDXETWMPE2PBDJDQ\">Avant d\u2019aller plus loin, une pr\u00e9cision. Certes, on a connu Mich\u00e8le Ouimet comme coll\u00e8gue, suffisamment intime pour nager \u00e0 ses c\u00f4t\u00e9s plusieurs ann\u00e9es. Mais jamais assez pour conna\u00eetre tous les d\u00e9tails de sa vie priv\u00e9e. Elle se d\u00e9voile ici sans pudeur, avec d\u2019habiles allers-retours dans le temps, pour tricoter un r\u00e9cit o\u00f9 se m\u00ealent drame et amour, maladie et passion, menaces de mort et s\u00e9duction. De leur toute premi\u00e8re nuit ensemble (\u00abFuck, un homme mari\u00e9\u00bb), quand elle avait 39 ans, jusqu\u2019\u00e0 la premi\u00e8re fois o\u00f9 elle osera se dire \u00abveuve\u00bb, \u00e0 70 ans, en passant par les divers et \u00e9piques s\u00e9jours d\u2019Andr\u00e9 aux urgences psychiatriques.<\/p>\n<p class=\"article-bodystyled__StyledText-sc-19uhgql-0 bGeyRM body-paragraph\" id=\"content-element-KLPUEAZMXZDG3MSCMETAZIC54I\">Et ce n\u2019est pas un hasard. \u00abJe ne voulais pas qu\u2019Andr\u00e9 soit r\u00e9duit \u00e0 la maladie\u00bb, explique-t-elle, les yeux tout \u00e0 coup pleins d\u2019eau, comme ils le resteront tout le long de l\u2019entretien.<\/p>\n<blockquote class=\"pullquote\" cite=\"L'autrice Mich&#xE8;le Ouimet\" id=\"content-element-BGTMESSCKJDDVIQ42AOZ6RM2FY\">\n<p class=\"secondary-font__SecondaryFontStyles-sc-jft5zj-0 kJOXaj\">\u00abIl a aussi \u00e9t\u00e9 un amoureux, un p\u00e8re, etc. [\u2026] Mais Andr\u00e9 a \u00e9t\u00e9 tellement diminu\u00e9 par la maladie. Ce n\u2019\u00e9tait tellement pas lui. Tellement plus lui.\u00bb<\/p>\n<p>\u2014 \u00a0L&rsquo;autrice Mich\u00e8le Ouimet<\/p><\/blockquote>\n<p class=\"article-bodystyled__StyledText-sc-19uhgql-0 bGeyRM body-paragraph\" id=\"content-element-WH4YDSQVGZCB5NB2HDISLSS3YM\">N\u2019allez pas croire que leur histoire d\u2019amour ait \u00e9t\u00e9 fluide, ceci dit. Tout le contraire. Leur amour a \u00e9t\u00e9 \u00abcompliqu\u00e9\u00bb. \u00abComme beaucoup de relations\u00bb, confirme-t-elle, avec plusieurs ruptures, d\u00e9m\u00e9nagements, et une conjugalit\u00e9 essentiellement \u00abd\u00e9construite\u00bb. Lire: chacun chez soi. Des d\u00e9buts, jusqu\u2019\u00e0 la toute fin. \u00abMais \u00e7a ne nous a pas emp\u00each\u00e9s de nous aimer!\u00bb<\/p>\n<p class=\"article-bodystyled__StyledText-sc-19uhgql-0 bGeyRM body-paragraph\" id=\"content-element-TBLBJCFSABHIHKEAM52PR22IUM\">M\u00eame redoutable franchise du c\u00f4t\u00e9 de sa maladie. \u00abJe d\u00e9couvre l\u2019univers de la psychiatrie\u00bb r\u00e9sume-t-elle, avec son langage herm\u00e9tique, et toutes ses consignes sanitaires absurdes, en pleine pand\u00e9mie, faut-il le pr\u00e9ciser. Coups de gueule contre les maudites jaquettes d\u2019h\u00f4pital inclus. \u00abJe ne veux pas r\u00e9gler de comptes, nuance-t-elle, mais je raconte la r\u00e9alit\u00e9 comme je l\u2019ai v\u00e9cue.\u00bb<\/p>\n<p class=\"article-bodystyled__StyledText-sc-19uhgql-0 bGeyRM body-paragraph\" id=\"content-element-46FGP7EZXZBFLKLL3VMH6VEFLE\">C\u2019est ainsi que, tout en soulignant le professionnalisme de nombreux \u00abanges gardiens\u00bb, Mich\u00e8le Ouimet ne se privera pas pour faire du \u00abterrorisme t\u00e9l\u00e9phonique\u00bb ici ou l\u00e0 et pour avoir enfin divers services indispensables requis (couper les ongles, la gestion des pilules, etc.) notamment de la part du CLSC, coup\u00e9s pour d\u2019obscurs motifs bureaucratiques. Et disons que dans ce syst\u00e8me m\u00e9dical \u00abcarr\u00e9\u00bb, on n\u2019est pas \u00e0 une bureaucratie enrageante pr\u00e8s, d\u00e9couvre-t-on au fil des pages et des crises d\u2019Andr\u00e9.<\/p>\n<p class=\"article-bodystyled__StyledText-sc-19uhgql-0 bGeyRM body-paragraph\" id=\"content-element-NGLBIQ4RWZB6VLB5D3WZWSYKEU\">\u00ab\u00c7a me fait beaucoup de bien de faire ce retour sur tout ce qui s\u2019est pass\u00e9, de mettre de l\u2019ordre dans mes sentiments, d\u2019enlever les tabous et de nommer la culpabilit\u00e9 que je vis encore. [\u2026] Ma psy \u00e9tait tout \u00e0 fait d\u2019accord \u00e0 ce que j\u2019\u00e9crive ce livre. Je veux que les gens soient conscients \u00e0 quel point les proches aidants sont abandonn\u00e9s. Quand Andr\u00e9 est mort, j\u2019\u00e9tais \u00e9puis\u00e9e psychiquement\u2026\u00bb<\/p>\n<p class=\"article-bodystyled__StyledText-sc-19uhgql-0 bGeyRM body-paragraph\" id=\"content-element-5CHBFXQHMJCRBDEL7WRPNJ43B4\">Cela fait plus de deux ans, on l\u2019a dit. Elle va mieux, mais elle se sait encore fragile. \u00c7a para\u00eet. Elle craint de s\u2019effondrer en entrevue, comme \u00e0 son lancement prochainement. <\/p>\n<p class=\"article-bodystyled__StyledText-sc-19uhgql-0 bGeyRM body-paragraph\" id=\"content-element-JQHF5JMNE5BKTOG37GGKNHC7BQ\">N\u2019emp\u00eache que fid\u00e8le \u00e0 elle-m\u00eame, Mich\u00e8le Ouimet conclut sur une note positive. Non, elle ne tournera jamais la page, \u00abcette page est trop lourde, le deuil prendra diff\u00e9rente forme, mais il sera toujours pr\u00e9sent\u00bb, mais Dieu merci elle a des petits-enfants aujourd\u2019hui. Son v\u00e9lo, la nage et des projets d\u2019\u00e9criture. \u00abNon, Andr\u00e9 ne sera pas l\u00e0 quand je vais \u00eatre vieille, sait-elle, mais\u2026 on verra! Je fais ce que je fais de mieux: le d\u00e9ni!\u00bb resourit-elle enfin.<\/p>\n<p class=\"article-bodystyled__StyledText-sc-19uhgql-0 bGeyRM body-paragraph\" id=\"content-element-XUTXTQQVQBFWJCMQC4OBTDFM7Q\">En librairie le 7 octobre<\/p>\n<p class=\"article-bodystyled__StyledText-sc-19uhgql-0 bGeyRM body-paragraph\" id=\"content-element-CZDGDN6E75D33KE42QXA53JSZY\">Ma B\u00eate<\/p>\n<p class=\"article-bodystyled__StyledText-sc-19uhgql-0 bGeyRM body-paragraph\" id=\"content-element-T2EKF5RCAJASLL7HOFWOGIFSFM\">Mich\u00e8le Ouimet<\/p>\n<p class=\"article-bodystyled__StyledText-sc-19uhgql-0 bGeyRM body-paragraph\" id=\"content-element-GTIHXC6TVVCIJLZFJJZ3EYK2BA\">253 pages<\/p>\n","protected":false},"excerpt":{"rendered":"Parce que parfois, pour survivre, \u00e7a prend \u00e7a. \u00abIl fallait que j\u2019\u00e9crive cette histoire. J\u2019ai commenc\u00e9 six mois&hellip;\n","protected":false},"author":2,"featured_media":444694,"comment_status":"","ping_status":"","sticky":false,"template":"","format":"standard","meta":{"footnotes":""},"categories":[1357],"tags":[1379,58,59,1011,27,1380],"class_list":{"0":"post-444693","1":"post","2":"type-post","3":"status-publish","4":"format-standard","5":"has-post-thumbnail","7":"category-livres","8":"tag-books","9":"tag-divertissement","10":"tag-entertainment","11":"tag-fr","12":"tag-france","13":"tag-livres"},"share_on_mastodon":{"url":"https:\/\/pubeurope.com\/@fr\/115331995426112653","error":""},"_links":{"self":[{"href":"https:\/\/www.europesays.com\/fr\/wp-json\/wp\/v2\/posts\/444693","targetHints":{"allow":["GET"]}}],"collection":[{"href":"https:\/\/www.europesays.com\/fr\/wp-json\/wp\/v2\/posts"}],"about":[{"href":"https:\/\/www.europesays.com\/fr\/wp-json\/wp\/v2\/types\/post"}],"author":[{"embeddable":true,"href":"https:\/\/www.europesays.com\/fr\/wp-json\/wp\/v2\/users\/2"}],"replies":[{"embeddable":true,"href":"https:\/\/www.europesays.com\/fr\/wp-json\/wp\/v2\/comments?post=444693"}],"version-history":[{"count":0,"href":"https:\/\/www.europesays.com\/fr\/wp-json\/wp\/v2\/posts\/444693\/revisions"}],"wp:featuredmedia":[{"embeddable":true,"href":"https:\/\/www.europesays.com\/fr\/wp-json\/wp\/v2\/media\/444694"}],"wp:attachment":[{"href":"https:\/\/www.europesays.com\/fr\/wp-json\/wp\/v2\/media?parent=444693"}],"wp:term":[{"taxonomy":"category","embeddable":true,"href":"https:\/\/www.europesays.com\/fr\/wp-json\/wp\/v2\/categories?post=444693"},{"taxonomy":"post_tag","embeddable":true,"href":"https:\/\/www.europesays.com\/fr\/wp-json\/wp\/v2\/tags?post=444693"}],"curies":[{"name":"wp","href":"https:\/\/api.w.org\/{rel}","templated":true}]}}