{"id":444695,"date":"2025-10-07T08:45:10","date_gmt":"2025-10-07T08:45:10","guid":{"rendered":"https:\/\/www.europesays.com\/fr\/444695\/"},"modified":"2025-10-07T08:45:10","modified_gmt":"2025-10-07T08:45:10","slug":"lacromegalie-maladie-qui-fait-grandir-les-membres-et-le-visage","status":"publish","type":"post","link":"https:\/\/www.europesays.com\/fr\/444695\/","title":{"rendered":"l\u2019acrom\u00e9galie, maladie qui fait grandir les membres et le visage"},"content":{"rendered":"<p>    Le catcheur et rugbyman Maurice Tillet, surnomm\u00e9 \u00abl\u2019Ange fran\u00e7ais\u00bb, a d\u00e9couvert \u00e0 20 ans qu\u2019il souffrait d\u2019acrom\u00e9galie. Il est mort en 1954 \u00e0 50 ans, des suites de sa maladie. Ici, avant un combat \u00e0 Londres en 1938.<br \/>\n                Photo by Mirrorpix via Getty Images<\/p>\n<p>Cette maladie tr\u00e8s mal connue provoque des changements anatomiques spectaculaires, mais aussi des sympt\u00f4mes cach\u00e9s potentiellement graves. Environ 8000 personnes en seraient atteintes en France.<\/p>\n<p class=\"fig-paragraph\">C\u2019est une maladie si rare que m\u00eame les m\u00e9decins peinent \u00e0 y penser. Certains sympt\u00f4mes de\u00a0<a href=\"https:\/\/www.lefigaro.fr\/sciences\/changement-d-apparence-et-si-c-etait-une-maladie-endocrinienne-rare-20220828\" data-fig-type=\"Article\" data-gtm-custom-categorie=\"navigation\" data-gtm-custom-action=\"crossclick\" data-gtm-custom-label=\"Contextuel\" data-gtm-event=\"customEventSPE\" data-fig-domain=\"LEFIGARO\" target=\"_blank\" rel=\"noopener\">l\u2019acrom\u00e9galie<\/a>\u00a0sont pourtant spectaculaires\u00a0: des parties du corps comme le visage, les pieds et les mains continuent de \u00ab\u00a0grandir\u00a0\u00bb, alors m\u00eame que l\u2019adolescence est termin\u00e9e depuis longtemps. Mais ces signes, d\u2019apparition tr\u00e8s progressive, sont souvent ignor\u00e9s ou pris \u00e0 tort pour des traits morphologiques familiaux. Le d\u00e9lai pour obtenir un diagnostic est long\u00a0: entre 7 et 10 ans en moyenne. Or plus l\u2019acrom\u00e9galie est d\u00e9tect\u00e9e t\u00f4t, moins elle fait de d\u00e9g\u00e2ts.<\/p>\n<p class=\"fig-paragraph\">Pour Thomas*, 34\u00a0ans, le diagnostic a \u00e9t\u00e9 pos\u00e9 fortuitement l\u2019\u00e9t\u00e9 dernier, au d\u00e9tour d\u2019une consultation pour un mal de dos tenace avec le m\u00e9decin g\u00e9n\u00e9raliste qui le suivait dans son enfance. \u00ab\u00a0Je lui ai notamment parl\u00e9 de mon changement de pointure. Il y a dix ans, je chaussais du 44, maintenant je fais du 46 ou du 47 selon les mod\u00e8les\u00a0\u00bb, raconte le trentenaire. Un d\u00e9tail qui attire l\u2019attention du m\u00e9decin. Il d\u00e9cide d\u2019adresser\u2026<\/p>\n<p class=\"fig-premium-paywall__infos\">\n        Cet article est r\u00e9serv\u00e9 aux abonn\u00e9s.        Il vous reste 79% \u00e0 d\u00e9couvrir.\n    <\/p>\n<p>                <img  data- alt=\"Le Figaro\" class=\"fig-img--complete fig-img\"\/><\/p>\n<p class=\"fig-premium-paywall__title\">J-100, Le Figaro f\u00eate ses 200 ans<\/p>\n<p class=\"fig-premium-paywall__subtitle\">Offre anniversaire : 2\u20ac\/mois pendant 200 semaines<\/p>\n<p class=\"fig-premium-paywall__connect\">\n                D\u00e9j\u00e0 abonn\u00e9\u00a0?                <a class=\"fig-premium-paywall__connect-link\" href=\"https:\/\/connect.lefigaro.fr\/login?client=sante_web&amp;type=main&amp;redirect_uri=https%3A%2F%2Fsante.lefigaro.fr%2Fmedecine%2Fje-suis-passe-de-la-pointure-44-a-47-l-acromegalie-maladie-qui-fait-grandir-les-membres-et-le-visage-20251007\" data-js-gtm=\"{&quot;customCategorie&quot;: &quot;conversion&quot;, &quot;customAction&quot;: &quot;before_Landing_Connexion_paywall_auto&quot;, &quot;customLabel&quot;: &quot;c2FudGUubGVmaWdhcm8uZnJfXzFmMGEyYWIzLTViOWMtNjcwZS1iNDkxLTMxYmU3NmZlZjVmOV9fQXJ0aWNsZQ==_\u00abJe suis pass\u00e9 de la pointure 44 \u00e0 47\u00bb: l\u2019acrom\u00e9galie, maladie qui fait grandir les membres et le visage_433&quot;, &quot;customIDSPE&quot;: &quot;c2FudGUubGVmaWdhcm8uZnJfXzFmMGEyYWIzLTViOWMtNjcwZS1iNDkxLTMxYmU3NmZlZjVmOV9fQXJ0aWNsZQ==&quot;, &quot;event&quot;: &quot;customEventSPE&quot;}\" target=\"_blank\" rel=\"noopener\"><br \/>\n                    Connectez-vous<br \/>\n                <\/a>\n            <\/p>\n","protected":false},"excerpt":{"rendered":"Le catcheur et rugbyman Maurice Tillet, surnomm\u00e9 \u00abl\u2019Ange fran\u00e7ais\u00bb, a d\u00e9couvert \u00e0 20 ans qu\u2019il souffrait d\u2019acrom\u00e9galie. Il&hellip;\n","protected":false},"author":2,"featured_media":444696,"comment_status":"","ping_status":"","sticky":false,"template":"","format":"standard","meta":{"footnotes":""},"categories":[10],"tags":[1011,27,72,19872,71],"class_list":{"0":"post-444695","1":"post","2":"type-post","3":"status-publish","4":"format-standard","5":"has-post-thumbnail","7":"category-sante","8":"tag-fr","9":"tag-france","10":"tag-health","11":"tag-maladie-rare","12":"tag-sante"},"share_on_mastodon":{"url":"https:\/\/pubeurope.com\/@fr\/115332010684072034","error":""},"_links":{"self":[{"href":"https:\/\/www.europesays.com\/fr\/wp-json\/wp\/v2\/posts\/444695","targetHints":{"allow":["GET"]}}],"collection":[{"href":"https:\/\/www.europesays.com\/fr\/wp-json\/wp\/v2\/posts"}],"about":[{"href":"https:\/\/www.europesays.com\/fr\/wp-json\/wp\/v2\/types\/post"}],"author":[{"embeddable":true,"href":"https:\/\/www.europesays.com\/fr\/wp-json\/wp\/v2\/users\/2"}],"replies":[{"embeddable":true,"href":"https:\/\/www.europesays.com\/fr\/wp-json\/wp\/v2\/comments?post=444695"}],"version-history":[{"count":0,"href":"https:\/\/www.europesays.com\/fr\/wp-json\/wp\/v2\/posts\/444695\/revisions"}],"wp:featuredmedia":[{"embeddable":true,"href":"https:\/\/www.europesays.com\/fr\/wp-json\/wp\/v2\/media\/444696"}],"wp:attachment":[{"href":"https:\/\/www.europesays.com\/fr\/wp-json\/wp\/v2\/media?parent=444695"}],"wp:term":[{"taxonomy":"category","embeddable":true,"href":"https:\/\/www.europesays.com\/fr\/wp-json\/wp\/v2\/categories?post=444695"},{"taxonomy":"post_tag","embeddable":true,"href":"https:\/\/www.europesays.com\/fr\/wp-json\/wp\/v2\/tags?post=444695"}],"curies":[{"name":"wp","href":"https:\/\/api.w.org\/{rel}","templated":true}]}}