{"id":444697,"date":"2025-10-07T08:46:12","date_gmt":"2025-10-07T08:46:12","guid":{"rendered":"https:\/\/www.europesays.com\/fr\/444697\/"},"modified":"2025-10-07T08:46:12","modified_gmt":"2025-10-07T08:46:12","slug":"hutter-beye-haise-ces-entraineurs-sur-la-sellette-pendant-la-treve","status":"publish","type":"post","link":"https:\/\/www.europesays.com\/fr\/444697\/","title":{"rendered":"H\u00fctter, Beye, Haise&#8230; Ces entra\u00eeneurs sur la sellette pendant la tr\u00eave"},"content":{"rendered":"<p>Le premier tournant pour les coaches de Ligue\u00a01 se dessine apr\u00e8s sept journ\u00e9es. Monaco, Rennes et Nice, qui d\u00e9\u00e7oivent en ce d\u00e9but de saison, se posent des questions.<\/p>\n<p class=\"fig-paragraph\">La saison derni\u00e8re, Michel Der Zakarian avait \u00e9t\u00e9 le premier entra\u00eeneur de Ligue\u00a01 remerci\u00e9,\u00a0<a href=\"http:\/\/www.lefigaro.fr\/sports\/football\/ligue-1\/je-me-suis-senti-oblige-d-intervenir-le-president-nicollin-annonce-l-eviction-de-der-zakarian-apres-montpellier-marseille-20241020\" data-fig-type=\"NewsFlash\" data-gtm-custom-categorie=\"navigation\" data-gtm-custom-action=\"crossclick\" data-gtm-custom-label=\"Contextuel\" data-gtm-event=\"customEventSPE\" data-fig-domain=\"LEFIGARO\" target=\"_blank\" rel=\"noopener\">par Montpellier le 20 octobre<\/a>. Cette ann\u00e9e, il n\u2019est pas certain que tous les dirigeants attendent cette date. Plusieurs coaches sont sur un si\u00e8ge \u00e9jectable apr\u00e8s sept journ\u00e9es, alors que la tr\u00eave internationale octroie quelques jours calmes afin de trouver et int\u00e9grer un successeur.<\/p>\n<p>Monaco\u00a0: H\u00fctter, c\u2019est imminent<\/p>\n<p class=\"fig-paragraph\">Son avenir \u00absemble scell\u00e9\u00bb, \u00e9crivait le journal\u00a0<a href=\"https:\/\/www.lequipe.fr\/Football\/Actualites\/L-as-monaco-devrait-se-separer-de-son-entraineur-adi-hutter\/1599488\" target=\"_blank\" rel=\"sponsored noopener\" data-gtm-custom-categorie=\"navigation\" data-gtm-custom-action=\"crossclick\" data-gtm-custom-label=\"Contextuel\" data-gtm-event=\"customEventSPE\">L\u2019\u00c9quipe<\/a> \u00a0lundi. Le match nul difficilement obtenu dimanche,\u00a0<a href=\"http:\/\/www.lefigaro.fr\/sports\/football\/ligue-1\/ligue-1-nice-resiste-a-monaco-dans-un-derby-anime-rennes-gache-encore-strasbourg-humilie-angers-20251005\" data-fig-type=\"NewsFlash\" data-gtm-custom-categorie=\"navigation\" data-gtm-custom-action=\"crossclick\" data-gtm-custom-label=\"Contextuel\" data-gtm-event=\"customEventSPE\" data-fig-domain=\"LEFIGARO\" target=\"_blank\" rel=\"noopener\">\u00e0 domicile contre Nice (2-2)<\/a>\u00a0pourtant en inf\u00e9riorit\u00e9 num\u00e9rique pendant une heure, ressemble \u00e0 la goutte d\u2019eau qui fait d\u00e9border le vase. Adi H\u00fctter devrait \u00eatre limog\u00e9 par l\u2019AS Monaco dans les prochains jours. L\u2019Autrichien n\u2019aurait plus l\u2019adh\u00e9sion de ses joueurs.<\/p>\n<p>                                    <a class=\"fig-a11y-skip a11y-hidden\" href=\"#fig-a11y-skip-main-inarticle\"><br \/>\n        Passer la publicit\u00e9<br \/>\n    <\/a><\/p>\n<p class=\"fig-paragraph\"><strong>\u00c0 VOIR AUSSI &#8211;<\/strong> Un carton rouge, trois penalties&#8230; Le r\u00e9sum\u00e9 de Monaco-Nice dimanche dernier (2-2)<\/p>\n<p class=\"fig-paragraph\">La claque re\u00e7ue \u00e0 Bruges le 18 septembre (4-1) et la d\u00e9faite\u00a0<a href=\"http:\/\/www.lefigaro.fr\/sports\/football\/ligue-1\/ligue-1-balaye-a-lorient-monaco-perd-la-tete-20250927\" data-fig-type=\"NewsFlash\" data-gtm-custom-categorie=\"navigation\" data-gtm-custom-action=\"crossclick\" data-gtm-custom-label=\"Contextuel\" data-gtm-event=\"customEventSPE\" data-fig-domain=\"LEFIGARO\" target=\"_blank\" rel=\"noopener\">\u00e0 Lorient il y a dix jours (3-1)<\/a>\u00a0ont laiss\u00e9 des traces. Les r\u00e9sultats en dents de scie et le contenu souvent d\u00e9cevant vont mettre pr\u00e9matur\u00e9ment fin \u00e0 son contrat, qui courait jusqu\u2019en 2027. Le Germano-croate Edin Terzic, finaliste de la Ligue des champions 2024 avec Dortmund, pourrait prendre la rel\u00e8ve. Le nom de Xavi, ancien milieu du FC Barcelone et champion d\u2019Espagne sur le banc catalan en 2023, circule \u00e9galement.<\/p>\n<p>Nice\u00a0: Haise \u00e9puise son cr\u00e9dit<\/p>\n<p class=\"fig-paragraph\">Il avait d\u00e9but\u00e9 la saison par deux d\u00e9faites (Toulouse et Le Havre) en trois matches. Ce \u00e0 quoi l\u2019OGC Nice a r\u00e9pondu en&#8230;\u00a0<a href=\"http:\/\/www.lefigaro.fr\/sports\/football\/transferts\/ligue-1-haise-rempile-a-la-tete-de-nice-20250905\" data-fig-type=\"NewsFlash\" data-gtm-custom-categorie=\"navigation\" data-gtm-custom-action=\"crossclick\" data-gtm-custom-label=\"Contextuel\" data-gtm-event=\"customEventSPE\" data-fig-domain=\"LEFIGARO\" target=\"_blank\" rel=\"noopener\">le prolongeant jusqu\u2019en 2029<\/a>. Pour autant, Franck Haise peut s\u2019inqui\u00e9ter pour son avenir. Le bilan ne s\u2019est pas am\u00e9lior\u00e9 depuis\u00a0: deux victoires, deux nuls et trois revers pour une 12e place en Ligue\u00a01. Il y a aussi le z\u00e9ro point\u00e9 en Ligue Europa apr\u00e8s deux journ\u00e9es, m\u00eame si l\u2019adversit\u00e9 (AS Rome et Fenerbahce) \u00e9tait cors\u00e9e.<\/p>\n<p class=\"fig-paragraph\">\u00abOui, les dirigeants me font confiance, mais je sais tr\u00e8s bien que si on perd encore deux, trois, quatre matches, la question sera amen\u00e9e \u00e0 \u00eatre pos\u00e9e en interne avec l\u2019actionnaire\u00bb, avait reconnu Haise avant le d\u00e9placement \u00e0 Monaco (2-2) dont il n\u2019est pas sorti plus avanc\u00e9. L\u2019ancien entra\u00eeneur lensois jouera gros au retour de tr\u00eave contre Lyon, puis le 23 octobre chez le Celta Vigo. Gagner en coupe d\u2019Europe ferait un bien fou\u00a0: le club azur\u00e9en reste sur quatorze matches sans victoire.<\/p>\n<p>    L\u2019OGC Nice de l\u2019entra\u00eeneur Franck Haise et du milieu Charles Vanhoutte sont repartis de Monaco avec le point du nul (2-2) dimanche dernier.<br \/>\n                Manon Cruz \/ REUTERS<\/p>\n<p>Rennes\u00a0: Beye sent l\u2019urgence monter<\/p>\n<p class=\"fig-paragraph\">Nomm\u00e9 chez un Stade Rennais en crise fin janvier, Habib Beye avait redress\u00e9 la barre, le hissant de la 16e \u00e0 la 12e place. Un classement toujours indigne du budget et des ambitions du club breton. Il fallait donc faire mieux et vite \u00e0 la rentr\u00e9e. Jusqu\u2019ici, c\u2019est rat\u00e9. Rennes est 10e et empile les matches nuls face \u00e0 des adversaires de faible calibre (Angers, Nantes, Le Havre).<\/p>\n<p>                                    <a class=\"fig-a11y-skip a11y-hidden\" href=\"#fig-a11y-skip-main-inarticle_mtf\"><br \/>\n        Passer la publicit\u00e9<br \/>\n    <\/a><\/p>\n<p class=\"fig-paragraph\">\u00abTout le monde va le vivre comme une d\u00e9faite et je le comprends\u00bb,\u00a0<a href=\"http:\/\/www.lefigaro.fr\/sports\/football\/ligue-1\/ligue-1-c-est-agacant-rumine-beye-apres-le-match-nul-difficile-a-accepter-pour-rennes-20251005\" data-fig-type=\"NewsFlash\" data-gtm-custom-categorie=\"navigation\" data-gtm-custom-action=\"crossclick\" data-gtm-custom-label=\"Contextuel\" data-gtm-event=\"customEventSPE\" data-fig-domain=\"LEFIGARO\" target=\"_blank\" rel=\"noopener\">a reconnu Beye dimanche<\/a>\u00a0apr\u00e8s avoir fini dos \u00e0 dos au Havre (2-2). \u00abC\u2019est insuffisant en termes de points\u00bb, a conc\u00e9d\u00e9 l\u2019ancien coach du Red Star. Une contre-performance face \u00e0 l\u2019AJ Auxerre apr\u00e8s la tr\u00eave le rapprocherait de la sortie. \u00c0 moins que tout ne se joue la semaine suivante (26 octobre) avec la r\u00e9ception de&#8230; Nice, o\u00f9 on l\u2019a dit, Haise est aussi en danger.<\/p>\n<p>Metz, Angers, Auxerre&#8230; Ils doivent aussi se m\u00e9fier<\/p>\n<p class=\"fig-paragraph\">Lanterne rouge et seule \u00e9quipe de L1 bloqu\u00e9e \u00e0 z\u00e9ro victoire, le FC Metz fera-t-il confiance encore longtemps \u00e0 St\u00e9phane Le Mignan\u00a0? Le promu lorrain lutte pour ne pas faire l\u2019ascenseur, comme trop souvent ces derni\u00e8res ann\u00e9es. Angers, sur une s\u00e9rie de trois d\u00e9faites, est \u00e9galement rel\u00e9gable. Alexandre Dujeux ne jouera pas son poste contre Monaco (18 octobre), mais il serait bien inspir\u00e9 de battre Lorient ensuite (26 octobre). Enfin, Christophe Pelissier a perdu la formule qui avait emmen\u00e9 Auxerre \u00e0 une belle 11e place la saison pass\u00e9e. L\u2019AJA est 16e et se posera des questions si elle ne progresse pas d\u2019ici un mois ou deux.<\/p>\n","protected":false},"excerpt":{"rendered":"Le premier tournant pour les coaches de Ligue\u00a01 se dessine apr\u00e8s sept journ\u00e9es. Monaco, Rennes et Nice, qui&hellip;\n","protected":false},"author":2,"featured_media":444698,"comment_status":"","ping_status":"","sticky":false,"template":"","format":"standard","meta":{"footnotes":""},"categories":[9],"tags":[2266,1011,27,3308,2268,60,3087],"class_list":{"0":"post-444697","1":"post","2":"type-post","3":"status-publish","4":"format-standard","5":"has-post-thumbnail","7":"category-sports","8":"tag-as-monaco","9":"tag-fr","10":"tag-france","11":"tag-franck-haise","12":"tag-ogc-nice","13":"tag-sports","14":"tag-stade-rennais"},"share_on_mastodon":{"url":"https:\/\/pubeurope.com\/@fr\/115332014619499469","error":""},"_links":{"self":[{"href":"https:\/\/www.europesays.com\/fr\/wp-json\/wp\/v2\/posts\/444697","targetHints":{"allow":["GET"]}}],"collection":[{"href":"https:\/\/www.europesays.com\/fr\/wp-json\/wp\/v2\/posts"}],"about":[{"href":"https:\/\/www.europesays.com\/fr\/wp-json\/wp\/v2\/types\/post"}],"author":[{"embeddable":true,"href":"https:\/\/www.europesays.com\/fr\/wp-json\/wp\/v2\/users\/2"}],"replies":[{"embeddable":true,"href":"https:\/\/www.europesays.com\/fr\/wp-json\/wp\/v2\/comments?post=444697"}],"version-history":[{"count":0,"href":"https:\/\/www.europesays.com\/fr\/wp-json\/wp\/v2\/posts\/444697\/revisions"}],"wp:featuredmedia":[{"embeddable":true,"href":"https:\/\/www.europesays.com\/fr\/wp-json\/wp\/v2\/media\/444698"}],"wp:attachment":[{"href":"https:\/\/www.europesays.com\/fr\/wp-json\/wp\/v2\/media?parent=444697"}],"wp:term":[{"taxonomy":"category","embeddable":true,"href":"https:\/\/www.europesays.com\/fr\/wp-json\/wp\/v2\/categories?post=444697"},{"taxonomy":"post_tag","embeddable":true,"href":"https:\/\/www.europesays.com\/fr\/wp-json\/wp\/v2\/tags?post=444697"}],"curies":[{"name":"wp","href":"https:\/\/api.w.org\/{rel}","templated":true}]}}