{"id":444703,"date":"2025-10-07T08:49:11","date_gmt":"2025-10-07T08:49:11","guid":{"rendered":"https:\/\/www.europesays.com\/fr\/444703\/"},"modified":"2025-10-07T08:49:11","modified_gmt":"2025-10-07T08:49:11","slug":"le-decrochage-de-leconomie-francaise-est-enclenche-alerte-le-president-du-medef-patrick-martin","status":"publish","type":"post","link":"https:\/\/www.europesays.com\/fr\/444703\/","title":{"rendered":"\u00abLe d\u00e9crochage\u00bb de l\u2019\u00e9conomie fran\u00e7aise est \u00abenclench\u00e9\u00bb, alerte le pr\u00e9sident du Medef Patrick Martin"},"content":{"rendered":"<p>D\u00e9plorant un \u00abspectacle politique d\u00e9solant\u00bb, le chef d\u2019entreprise a soulign\u00e9 sa \u00abcol\u00e8re\u00bb et son \u00abinqui\u00e9tude\u00bb face \u00e0 cette situation.<\/p>\n<p class=\"fig-paragraph\">Une impasse politique et des \u00abcons\u00e9quences concr\u00e8tes\u00bb\u00a0<a href=\"http:\/\/www.lefigaro.fr\/entrepreneur\/les-createurs-d-entreprise-ne-se-decouragent-pas-mais-sont-desormais-plus-prudents-20251007\" data-fig-type=\"Article\" data-gtm-custom-categorie=\"navigation\" data-gtm-custom-action=\"crossclick\" data-gtm-custom-label=\"Contextuel\" data-gtm-event=\"customEventSPE\" data-fig-domain=\"LEFIGARO\" target=\"_blank\" rel=\"noopener\">pour l\u2019\u00e9conomie fran\u00e7aise<\/a>. \u00abDepuis deux ans, les investissements en France sont en baisse, alors qu\u2019on devrait acc\u00e9l\u00e9rer sur le num\u00e9rique, la d\u00e9carbonation ou la comp\u00e9titivit\u00e9. Il y a d\u00e9j\u00e0 100.000 suppressions d\u2019emplois sur le secteur priv\u00e9, la pente d\u00e9clinante est engag\u00e9e\u00bb, s\u2019est ainsi exprim\u00e9 le pr\u00e9sident du Medef Patrick Martin sur France info, persuad\u00e9 que la France \u00abperd en comp\u00e9titivit\u00e9\u00bb.<\/p>\n<p class=\"fig-paragraph\">R\u00e9sultat\u00a0: \u00able d\u00e9crochage\u00bb de l\u2019\u00e9conomie fran\u00e7aise est selon lui d\u00e9j\u00e0 \u00abenclench\u00e9\u00bb. D\u00e9plorant un \u00abspectacle politique d\u00e9solant\u00bb, le patron du Medef a soulign\u00e9 sa \u00abcol\u00e8re\u00bb et son \u00abinqui\u00e9tude\u00bb. \u00abIl y a 9 milliards de PIB en moins du fait de l\u2019ind\u00e9cision politique, et je crains que \u00e7a soit plus. \u00c7a para\u00eet tr\u00e8s abstrait, mais \u00e7a signifie 4,5 milliards de recettes fiscales et sociales en moins pour les caisses publiques\u00bb, a calcul\u00e9 le chef d\u2019entreprise.<\/p>\n<p>                                    <a class=\"fig-a11y-skip a11y-hidden\" href=\"#fig-a11y-skip-main-inarticle\"><br \/>\n        Passer la publicit\u00e9<br \/>\n    <\/a><\/p>\n<p class=\"fig-paragraph\">Selon l\u2019Observatoire fran\u00e7ais des conjonctures \u00e9conomiques (OFCE), un institut de recherche ind\u00e9pendant, l\u2019incertitude politique issue de la dissolution de l\u2019Assembl\u00e9e nationale en juin 2024 puis de la censure du gouvernement Barnier en d\u00e9cembre amputera en effet la croissance de 0,3 point de PIB en 2025.<\/p>\n<p>Des voisins europ\u00e9ens qui acc\u00e9l\u00e8rent<\/p>\n<p class=\"fig-paragraph\">En outre, le patron du Medef compare la France \u00e0 ses voisins europ\u00e9ens, qui eux \u00abacc\u00e9l\u00e8rent\u00bb. \u00abLa croissance de l\u2019Espagne va \u00eatre quatre fois sup\u00e9rieure \u00e0 celle de la France cette ann\u00e9e, pays qui soutient ses entreprises. L\u2019Allemagne, particuli\u00e8rement expos\u00e9e, prend des mesures de soutien massif aux entreprises et nous, on est dans des d\u00e9bats hors-sol\u00bb, a-t-il estim\u00e9, r\u00e9clamant \u00abune prise de conscience collective des politiques pour appr\u00e9hender cette situation \u00e9conomique qui se d\u00e9grade\u00bb.<\/p>\n<p class=\"fig-paragraph\">\u00abNos entreprises sont sur un point de bascule, donc bien s\u00fbr qu\u2019on est pr\u00eat \u00e0 faire des avanc\u00e9s sur certains sujets mais il ne faut pas qu\u2019\u00e0 la fin, comme cela a \u00e9t\u00e9 le cas en 2025, on nous colle 13 milliards d\u2019euros d\u2019imp\u00f4ts en plus\u00bb, l\u00e2che-t-il. Et s\u2019il n\u2019a pas \u00e0 \u00abse prononcer sur les responsabilit\u00e9s individuelles des uns et des autres\u00bb, Patrick Martin a tout de m\u00eame insist\u00e9 sur le \u00abcaract\u00e8re artificiel et tr\u00e8s d\u00e9cal\u00e9 de ce qui se livre sur le champ politique\u00bb. \u00abJe peux vous dire que \u00e7a ajoute dans nos rangs une inqui\u00e9tude qui existait d\u00e9j\u00e0\u00bb.<\/p>\n","protected":false},"excerpt":{"rendered":"D\u00e9plorant un \u00abspectacle politique d\u00e9solant\u00bb, le chef d\u2019entreprise a soulign\u00e9 sa \u00abcol\u00e8re\u00bb et son \u00abinqui\u00e9tude\u00bb face \u00e0 cette&hellip;\n","protected":false},"author":2,"featured_media":444704,"comment_status":"","ping_status":"","sticky":false,"template":"","format":"standard","meta":{"footnotes":""},"categories":[6],"tags":[35,33,34,1011,27,4803,11067],"class_list":{"0":"post-444703","1":"post","2":"type-post","3":"status-publish","4":"format-standard","5":"has-post-thumbnail","7":"category-economie","8":"tag-business","9":"tag-economie","10":"tag-economy","11":"tag-fr","12":"tag-france","13":"tag-medef","14":"tag-sebastien-lecornu"},"share_on_mastodon":{"url":"https:\/\/pubeurope.com\/@fr\/115332026459016136","error":""},"_links":{"self":[{"href":"https:\/\/www.europesays.com\/fr\/wp-json\/wp\/v2\/posts\/444703","targetHints":{"allow":["GET"]}}],"collection":[{"href":"https:\/\/www.europesays.com\/fr\/wp-json\/wp\/v2\/posts"}],"about":[{"href":"https:\/\/www.europesays.com\/fr\/wp-json\/wp\/v2\/types\/post"}],"author":[{"embeddable":true,"href":"https:\/\/www.europesays.com\/fr\/wp-json\/wp\/v2\/users\/2"}],"replies":[{"embeddable":true,"href":"https:\/\/www.europesays.com\/fr\/wp-json\/wp\/v2\/comments?post=444703"}],"version-history":[{"count":0,"href":"https:\/\/www.europesays.com\/fr\/wp-json\/wp\/v2\/posts\/444703\/revisions"}],"wp:featuredmedia":[{"embeddable":true,"href":"https:\/\/www.europesays.com\/fr\/wp-json\/wp\/v2\/media\/444704"}],"wp:attachment":[{"href":"https:\/\/www.europesays.com\/fr\/wp-json\/wp\/v2\/media?parent=444703"}],"wp:term":[{"taxonomy":"category","embeddable":true,"href":"https:\/\/www.europesays.com\/fr\/wp-json\/wp\/v2\/categories?post=444703"},{"taxonomy":"post_tag","embeddable":true,"href":"https:\/\/www.europesays.com\/fr\/wp-json\/wp\/v2\/tags?post=444703"}],"curies":[{"name":"wp","href":"https:\/\/api.w.org\/{rel}","templated":true}]}}