{"id":444707,"date":"2025-10-07T08:51:11","date_gmt":"2025-10-07T08:51:11","guid":{"rendered":"https:\/\/www.europesays.com\/fr\/444707\/"},"modified":"2025-10-07T08:51:11","modified_gmt":"2025-10-07T08:51:11","slug":"ultimes-negociations-a-matignon-proces-jubillar-et-mal-etre-des-profs","status":"publish","type":"post","link":"https:\/\/www.europesays.com\/fr\/444707\/","title":{"rendered":"\u00ab\u00a0Ultimes n\u00e9gociations\u00a0\u00bb \u00e0 Matignon, proc\u00e8s Jubillar et mal-\u00eatre des profs"},"content":{"rendered":"<p>Vous avez manqu\u00e9 les infos de ce d\u00e9but de matin\u00e9e\u00a0? On vous a concoct\u00e9 un r\u00e9cap pour vous aider \u00e0 y voir plus clair et briller \u00e0 la machine \u00e0 caf\u00e9.<\/p>\n<p>Bien que d\u00e9missionnaire, S\u00e9bastien Lecornu a re\u00e7u <a href=\"https:\/\/www.20minutes.fr\/politique\/4177552-20251006-demission-sebastien-lecornu-macron-donne-48-heures-mener-ultimes-negociations\" target=\"_blank\" class=\"c-link c-link--is-underlined\" rel=\"noopener\">une derni\u00e8re mission de la part d\u2019Emmanuel Macron<\/a>\u00a0: trouver une issue \u00e0 la crise politique. Le chef de l\u2019Etat \u2013 <a href=\"https:\/\/www.20minutes.fr\/politique\/4177586-20251007-demission-sebastien-lecornu-acharnement-vouloir-garder-main-colere-froide-attal-envers-macron\" target=\"_blank\" class=\"c-link c-link--is-underlined\" rel=\"noopener\">critiqu\u00e9 jusque dans son camp<\/a> \u2013 lui a en effet demand\u00e9 d\u2019entamer \u00ab\u00a0d\u2019ultimes n\u00e9gociations\u00a0\u00bb pour \u00ab\u00a0d\u00e9finir une plateforme d\u2019action et de stabilit\u00e9\u00a0\u00bb. Mais le terrain est au moins glissant, sinon min\u00e9, pour le chef du gouvernement le plus \u00e9ph\u00e9m\u00e8re de la Ve\u00a0R\u00e9publique, pour r\u00e9ussir \u00e0 ressouder le socle commun \u00ab\u00a0d\u2019ici mercredi soir\u00a0\u00bb. A d\u00e9faut, Emmanuel Macron prendra ses \u00ab\u00a0responsabilit\u00e9s\u00a0\u00bb, semblant faire planer la menace d\u2019une nouvelle dissolution de l\u2019Assembl\u00e9e.<\/p>\n<\/p>\n<p>Dans le Tarn, <a href=\"https:\/\/www.20minutes.fr\/justice\/4176299-20251002-proces-cedric-jubillar-pose-jour-conge-public-presse-voir-accuse-vrai\" target=\"_blank\" class=\"c-link c-link--is-underlined\" rel=\"noopener\">le proc\u00e8s de C\u00e9dric Jubillar<\/a> pour meurtre se poursuit. Et les jur\u00e9s doivent toujours faire face \u00e0 une \u00e9nigme\u00a0: le corps de sa femme n\u2019a jamais \u00e9t\u00e9 retrouv\u00e9 et l\u2019accus\u00e9 clame son innocence. Lundi, ses avocats ont m\u00eame provoqu\u00e9 un rebondissement en affirmant que le portable de l\u2019amant de Delphine, un homme mis hors de cause par l\u2019enqu\u00eate, a activ\u00e9 une cellule t\u00e9l\u00e9phonique couvrant le domicile des Jubillar dans la nuit du 15 au 16\u00a0d\u00e9cembre 2020, moment de la disparition de l\u2019infirmi\u00e8re. Ce mardi matin, la cour doit entendre des voisins des Jubillar. Ils vont notamment r\u00e9pondre \u00e0 des questions sur la position de la voiture de Delphine la nuit de sa disparition, un \u00e9l\u00e9ment clef dans le dossier de l\u2019accusation.<\/p>\n<p>Manque de reconnaissance, salaires insuffisants\u2026 le malaise est profond dans <a href=\"https:\/\/www.20minutes.fr\/societe\/4176719-20251002-ca-aucun-sens-pourquoi-aesh-elles-licenciees-alors-tant-enfants-besoin\" target=\"_blank\" class=\"c-link c-link--is-underlined\" rel=\"noopener\">l\u2019Education nationale<\/a>. Dans sa derni\u00e8re \u00e9tude internationale Talis sur l\u2019enseignement et l\u2019apprentissage, l\u2019OCDE qualifie m\u00eame de \u00ab\u00a0pr\u00e9occupante\u00a0\u00bb la situation des enseignants fran\u00e7ais. Dans ce rapport publi\u00e9 ce mardi, il ressort ainsi que seuls 4\u00a0% des enseignants trouvent leur profession valoris\u00e9e. C\u2019est en recul par rapport aux 7\u00a0% de\u00a02018, et en dessous de la moyenne de l\u2019OCDE (20\u00a0%). Et si pr\u00e8s de 90\u00a0% des enseignants de l\u2019OCDE se d\u00e9clarent satisfaits de leur m\u00e9tier, en France, ils sont 79\u00a0%, une proportion qui reste \u00e9lev\u00e9e mais place le pays en queue de peloton avec le Japon. Sans surprise, cela rejaillit sur l\u2019\u00e9tat g\u00e9n\u00e9ral des enseignants. Ils sont 18\u00a0% \u00e0 dire ressentir beaucoup de stress, contre 11\u00a0% en\u00a02018. Parmi les sources de celui-ci\u00a0: les r\u00e9formes, le travail administratif ou le fait de devoir modifier les le\u00e7ons pour les \u00e9l\u00e8ves \u00e0 besoins particuliers.<\/p>\n","protected":false},"excerpt":{"rendered":"Vous avez manqu\u00e9 les infos de ce d\u00e9but de matin\u00e9e\u00a0? On vous a concoct\u00e9 un r\u00e9cap pour vous&hellip;\n","protected":false},"author":2,"featured_media":444708,"comment_status":"","ping_status":"","sticky":false,"template":"","format":"standard","meta":{"footnotes":""},"categories":[4],"tags":[47,11,33044,1057,1126,1073,1011,27,303,12,316,1127,25,11067,104,4804,133],"class_list":{"0":"post-444707","1":"post","2":"type-post","3":"status-publish","4":"format-standard","5":"has-post-thumbnail","7":"category-france","8":"tag-actualite","9":"tag-actualites","10":"tag-affaire-jubillar","11":"tag-education","12":"tag-education-nationale","13":"tag-emmanuel-macron","14":"tag-fr","15":"tag-france","16":"tag-justice","17":"tag-news","18":"tag-politique","19":"tag-professeur","20":"tag-republique-francaise","21":"tag-sebastien-lecornu","22":"tag-societe","23":"tag-toute-linfo-en-2-minutes","24":"tag-video"},"share_on_mastodon":{"url":"https:\/\/pubeurope.com\/@fr\/115332034311205878","error":""},"_links":{"self":[{"href":"https:\/\/www.europesays.com\/fr\/wp-json\/wp\/v2\/posts\/444707","targetHints":{"allow":["GET"]}}],"collection":[{"href":"https:\/\/www.europesays.com\/fr\/wp-json\/wp\/v2\/posts"}],"about":[{"href":"https:\/\/www.europesays.com\/fr\/wp-json\/wp\/v2\/types\/post"}],"author":[{"embeddable":true,"href":"https:\/\/www.europesays.com\/fr\/wp-json\/wp\/v2\/users\/2"}],"replies":[{"embeddable":true,"href":"https:\/\/www.europesays.com\/fr\/wp-json\/wp\/v2\/comments?post=444707"}],"version-history":[{"count":0,"href":"https:\/\/www.europesays.com\/fr\/wp-json\/wp\/v2\/posts\/444707\/revisions"}],"wp:featuredmedia":[{"embeddable":true,"href":"https:\/\/www.europesays.com\/fr\/wp-json\/wp\/v2\/media\/444708"}],"wp:attachment":[{"href":"https:\/\/www.europesays.com\/fr\/wp-json\/wp\/v2\/media?parent=444707"}],"wp:term":[{"taxonomy":"category","embeddable":true,"href":"https:\/\/www.europesays.com\/fr\/wp-json\/wp\/v2\/categories?post=444707"},{"taxonomy":"post_tag","embeddable":true,"href":"https:\/\/www.europesays.com\/fr\/wp-json\/wp\/v2\/tags?post=444707"}],"curies":[{"name":"wp","href":"https:\/\/api.w.org\/{rel}","templated":true}]}}