{"id":44471,"date":"2025-04-22T17:15:13","date_gmt":"2025-04-22T17:15:13","guid":{"rendered":"https:\/\/www.europesays.com\/fr\/44471\/"},"modified":"2025-04-22T17:15:13","modified_gmt":"2025-04-22T17:15:13","slug":"pres-de-rennes-le-ton-se-durcit-entre-la-fdsea-et-la-confederation-paysanne","status":"publish","type":"post","link":"https:\/\/www.europesays.com\/fr\/44471\/","title":{"rendered":"Pr\u00e8s de Rennes, le ton se durcit entre la FDSEA et la Conf\u00e9d\u00e9ration paysanne"},"content":{"rendered":"<p>            Par<br \/>\n        <strong><br \/>\n            <a href=\"https:\/\/actu.fr\/auteur\/bertrand-dumarche\" title=\"Consulter tous les articles de Bertrand Dumarch\u00e9\" rel=\"nofollow noopener\" target=\"_blank\">Bertrand Dumarch\u00e9<\/a><br \/>\n        <\/strong><\/p>\n<p>        Publi\u00e9 le<\/p>\n<p>            22 avr. 2025 \u00e0 18h00        <\/p>\n<p>\u00c0 <b>Melesse,<\/b> en <b>Ille-et-Vilain<\/b>e, la d\u00e9cision de la <b>SAFER <\/b>d\u2019attribuer une partie des terres de la <b>Ferme du Breil<\/b> \u00e0 un projet agricole conventionnel suscite une vive pol\u00e9mique. Entre <b>d\u00e9fense de l\u2019agriculture biologique<\/b> et appel \u00e0 la reconnaissance du <b>pluralisme agricole<\/b>, deux visions du monde rural s\u2019affrontent.<\/p>\n<p class=\" wall-content\">Un collectif compos\u00e9 d\u2019organisations agricoles, environnementales et citoyennes (Agrobio 35, Conf\u00e9d\u00e9ration Paysanne 35, Terre de Liens Bretagne, LPO Bretagne, CIVAM 35 IT, Adage 35) tire la sonnette d\u2019alarme face \u00e0 ce qu\u2019il consid\u00e8re comme un \u00ab risque imminent de disparition de terres agricoles historiquement en bio \u00bb.<\/p>\n<p>D\u00e9fendre un mod\u00e8le d\u2019agriculture durable<\/p>\n<p class=\" wall-content\">Selon ces organisations, la Ferme du Breil repr\u00e9sente un mod\u00e8le d\u2019agriculture durable. \u00ab La ferme du Breil, en agriculture biologique depuis toujours, est un mod\u00e8le d\u2019agriculture durable, respectueuse de l\u2019environnement et de la sant\u00e9 humaine \u00bb, rappellent-elles. Elles d\u00e9noncent une d\u00e9cision de la SAFER \u2013 en contradiction avec la r\u00e9glementation en vigueur \u2013 d\u2019attribuer pr\u00e8s de la moiti\u00e9 des terres \u00e0 un agriculteur en agriculture conventionnelle. Une d\u00e9cision qui, selon elles, serait influenc\u00e9e par la FNSEA, qu\u2019elles accusent \u00e9galement de promouvoir \u00ab le retour des pesticides n\u00e9onicotino\u00efdes, responsables du massacre des abeilles et des pollinisateurs \u00bb.<\/p>\n<p>Objectif 21 % de surfaces bio<\/p>\n<p class=\" wall-content\">Les militants rappellent que le comit\u00e9 technique de la SAFER avait initialement valid\u00e9 un projet port\u00e9 par un collectif de fermes bio locales, soutenu par la Communaut\u00e9 de communes du Val d\u2019Aubign\u00e9 et le Conseil d\u00e9partemental d\u2019Ille-et-Vilaine. Le revirement serait, selon eux, dramatique pour les projets bio voisins, mena\u00e7ant leur viabilit\u00e9 \u00e9conomique \u00e0 cause de la proximit\u00e9 de cultures trait\u00e9es chimiquement. Ils mettent aussi en avant les objectifs de l\u2019\u00c9tat : 21 % de surfaces bio d\u2019ici 2030, alors que la France n\u2019en compte actuellement que 10 %.<\/p>\n<p class=\" wall-content\">Les organisations l\u2019affirment : \u00ab Il serait inacceptable et irresponsable de laisser ces terres exemplaires \u00e0 un mod\u00e8le agricole qui ne contribue pas \u00e0 la pr\u00e9servation de la sant\u00e9 publique, la qualit\u00e9 de l\u2019eau, la biodiversit\u00e9 locale et les projets \u00e9conomiques vertueux d\u00e9velopp\u00e9s par des paysan\u00b7ne\u00b7s bio du territoire \u00bb.<\/p>\n<p>Vid\u00e9os : en ce moment sur Actu<\/p>\n<blockquote class=\"ac-article-quote wall-content\">\n<p>Ne laissons pas dispara\u00eetre des terres historiquement en bio<\/p>\n<p>Collectif d\u2019organisations agricoles, environnementales<\/p><\/blockquote>\n<p class=\" wall-content\">Enfin, ils alertent sur les cons\u00e9quences environnementales, notamment en mati\u00e8re de qualit\u00e9 de l\u2019eau : \u00ab Seulement 3 % des masses d\u2019eau sont en bon \u00e9tat \u00e9cologique dans le d\u00e9partement \u00bb, pointent-ils, appelant \u00e0 ne pas affaiblir les efforts vers des pratiques agro\u00e9cologiques.<\/p>\n<p class=\" wall-content\">Le message est clair : \u00ab Ne laissons pas dispara\u00eetre des terres historiquement en bio. Mobilisons-nous pour d\u00e9fendre une agriculture respectueuse des femmes et des hommes, du vivant et de la plan\u00e8te \u00bb.<\/p>\n<p>La FDSEA 35 r\u00e9pond fermement aux accusations<\/p>\n<p class=\" wall-content\">Face \u00e0 ces critiques, la FDSEA 35, accompagn\u00e9e des Jeunes Agriculteurs d\u2019Ille-et-Vilaine (JA 35), d\u00e9nonce une campagne de d\u00e9sinformation. Elle tient \u00e0 rappeler que : \u00ab Attribuer une partie des terres du Breil \u00e0 Melesse \u00e0 un agriculteur conventionnel n\u2019est en rien une d\u00e9cision de la FNSEA. Insinuer le contraire est mensonger \u00bb.<\/p>\n<p class=\" wall-content\">Le syndicat d\u00e9fend le processus de d\u00e9cision de la SAFER, assurant que toutes les d\u00e9cisions sont prises de mani\u00e8re coll\u00e9giale : \u00ab La FDSEA 35 et JA 35 rappellent que, comme les autres syndicats, ils disposent d\u2019un nombre \u00e9gal de repr\u00e9sentants au comit\u00e9 SAFER [\u2026] Aucune man\u0153uvre unilat\u00e9rale n\u2019est possible \u00bb.<\/p>\n<p>Condamner les attaques contre un jeune agriculteur<\/p>\n<p class=\" wall-content\">\u00c0 Melesse, six installations \u00e9taient pr\u00e9vues initialement. Sur le fond, la FDSEA souligne que la situation d\u00e9coule avant tout des d\u00e9sistements successifs de certains candidats bio, obligeant les c\u00e9dants \u00e0 revoir leur projet. Elle condamne \u00e9galement les attaques contre l\u2019agriculteur retenu, affirmant : \u00ab Produire en conventionnel n\u2019est pas un crime \u00bb.<\/p>\n<p class=\" wall-content\">Le syndicat insiste sur le fait que l\u2019agriculture conventionnelle \u00ab fournit une alimentation de qualit\u00e9, accessible \u00e0 tous, tout en pr\u00e9servant biodiversit\u00e9, paysages et emploi local \u00bb. Il rappelle par ailleurs que si le bio reste minoritaire (7 % des surfaces en France), la SAFER Bretagne a, en 2023, attribu\u00e9 24 % des terres \u00e0 des projets bio et install\u00e9 41 % de jeunes agriculteurs en bio.<\/p>\n<blockquote class=\"ac-article-quote wall-content\">\n<p>Produire en conventionnel n\u2019est pas un crime<\/p>\n<p>FDSEA 35<\/p><\/blockquote>\n<p class=\" wall-content\">Enfin, la FDSEA se dit lass\u00e9e des accusations permanentes : \u00ab Trop, c\u2019est trop. Il faut cesser de d\u00e9signer en permanence des boucs \u00e9missaires quand la r\u00e9alit\u00e9 ne correspond pas aux attentes de certains \u00bb, concluant par un appel \u00e0 respecter les d\u00e9cisions d\u00e9mocratiques issues des votes.<\/p>\n<p class=\" wall-content\">Suivez toute l\u2019actualit\u00e9 de vos villes et m\u00e9dias favoris en vous inscrivant \u00e0 <a href=\"https:\/\/moncompte.actu.fr\" title=\"D\u00e9couvez Mon Actu\" rel=\"nofollow noopener\" data-trk=\"{&quot;cta&quot;:{&quot;action&quot;:&quot;https:\\\/\\\/moncompte.actu.fr&quot;,&quot;category&quot;:&quot;mon compte&quot;,&quot;from&quot;:&quot;article footer&quot;,&quot;name&quot;:&quot;Mon actu&quot;,&quot;type&quot;:&quot;cta&quot;}}\" target=\"_blank\">Mon Actu<\/a>.<\/p>\n","protected":false},"excerpt":{"rendered":"Par Bertrand Dumarch\u00e9 Publi\u00e9 le 22 avr. 2025 \u00e0 18h00 \u00c0 Melesse, en Ille-et-Vilaine, la d\u00e9cision de la&hellip;\n","protected":false},"author":2,"featured_media":44472,"comment_status":"","ping_status":"","sticky":false,"template":"","format":"standard","meta":{"footnotes":""},"categories":[2821],"tags":[1111,11,327,829,1777,674,1011,27,12,584,25,104],"class_list":{"0":"post-44471","1":"post","2":"type-post","3":"status-publish","4":"format-standard","5":"has-post-thumbnail","7":"category-rennes","8":"tag-actu","9":"tag-actualites","10":"tag-agriculture","11":"tag-bretagne","12":"tag-eu","13":"tag-europe","14":"tag-fr","15":"tag-france","16":"tag-news","17":"tag-rennes","18":"tag-republique-francaise","19":"tag-societe"},"share_on_mastodon":{"url":"https:\/\/pubeurope.com\/@fr\/114382747935687029","error":""},"_links":{"self":[{"href":"https:\/\/www.europesays.com\/fr\/wp-json\/wp\/v2\/posts\/44471","targetHints":{"allow":["GET"]}}],"collection":[{"href":"https:\/\/www.europesays.com\/fr\/wp-json\/wp\/v2\/posts"}],"about":[{"href":"https:\/\/www.europesays.com\/fr\/wp-json\/wp\/v2\/types\/post"}],"author":[{"embeddable":true,"href":"https:\/\/www.europesays.com\/fr\/wp-json\/wp\/v2\/users\/2"}],"replies":[{"embeddable":true,"href":"https:\/\/www.europesays.com\/fr\/wp-json\/wp\/v2\/comments?post=44471"}],"version-history":[{"count":0,"href":"https:\/\/www.europesays.com\/fr\/wp-json\/wp\/v2\/posts\/44471\/revisions"}],"wp:featuredmedia":[{"embeddable":true,"href":"https:\/\/www.europesays.com\/fr\/wp-json\/wp\/v2\/media\/44472"}],"wp:attachment":[{"href":"https:\/\/www.europesays.com\/fr\/wp-json\/wp\/v2\/media?parent=44471"}],"wp:term":[{"taxonomy":"category","embeddable":true,"href":"https:\/\/www.europesays.com\/fr\/wp-json\/wp\/v2\/categories?post=44471"},{"taxonomy":"post_tag","embeddable":true,"href":"https:\/\/www.europesays.com\/fr\/wp-json\/wp\/v2\/tags?post=44471"}],"curies":[{"name":"wp","href":"https:\/\/api.w.org\/{rel}","templated":true}]}}