{"id":444713,"date":"2025-10-07T08:54:10","date_gmt":"2025-10-07T08:54:10","guid":{"rendered":"https:\/\/www.europesays.com\/fr\/444713\/"},"modified":"2025-10-07T08:54:10","modified_gmt":"2025-10-07T08:54:10","slug":"le-samu-de-la-loire-du-chu-de-saint-etienne-lance-cette-nouveaute","status":"publish","type":"post","link":"https:\/\/www.europesays.com\/fr\/444713\/","title":{"rendered":"le Samu de la Loire du CHU de Saint-\u00c9tienne lance cette nouveaut\u00e9"},"content":{"rendered":"<p>            Par<br \/>\n        <strong><br \/>\n            <a href=\"https:\/\/actu.fr\/auteur\/redaction-saint-etienne\" title=\"Consulter tous les articles de R\u00e9daction Saint-\u00c9tienne\" rel=\"nofollow noopener\" target=\"_blank\">R\u00e9daction Saint-\u00c9tienne<\/a><br \/>\n        <\/strong><\/p>\n<p>        Publi\u00e9 le<\/p>\n<p>            7 oct. 2025 \u00e0 10h37        <\/p>\n<p>Une premi\u00e8re en France. Depuis le 7\u00a0octobre 2025, le Samu 42 deviendra le premier service en France, tous corps d\u2019\u00c9tat confondus, \u00e0 mettre en service le R\u00e9seau Radio du Futur (RRF).<\/p>\n<p class=\" wall-content\">\u00ab\u2009Ce d\u00e9ploiement constitue une <strong>\u00e9tape majeure du projet national<\/strong> pilot\u00e9 par l\u2019ACMoSS, et positionne le CHU de <a href=\"https:\/\/actu.fr\/saint-etienne\/\" rel=\"nofollow noopener\" target=\"_blank\">Saint-\u00c9tienne<\/a> et son Samu parmi les acteurs pionniers de l\u2019innovation en mati\u00e8re de communication et de coordination des secours\u2009\u00bb, met en avant le CHU st\u00e9phanois dans un communiqu\u00e9 de presse envoy\u00e9 aux r\u00e9dactions.<\/p>\n<p>\u00ab\u2009Le CHU de Saint-\u00c9tienne et son Samu parmi les acteurs pionniers de l\u2019innovation\u2009\u00bb<\/p>\n<p class=\" wall-content\">Petit retour en arri\u00e8re. \u00ab\u2009Jusqu\u2019ici, les services hospitaliers, le Samu, les pompiers ou encore les forces de s\u00e9curit\u00e9 utilisaient chacun leur propre r\u00e9seau radio, limit\u00e9s aux \u00e9changes vocaux et souvent cloisonn\u00e9s entre m\u00e9tiers.\u2009\u00bb<\/p>\n<p class=\" wall-content\">Le RRF vient remplacer ces syst\u00e8mes en proposant un r\u00e9seau unique, s\u00e9curis\u00e9 et prioris\u00e9, <strong>reposant sur les technologies 4G\/5G<\/strong>.<\/p>\n<p>Une avanc\u00e9e d\u00e9terminante pour la coordination des secours<\/p>\n<p class=\" wall-content\">Le RRF repr\u00e9sente une avanc\u00e9e d\u00e9terminante pour la coordination des secours et la prise en charge des patients\u2009:<\/p>\n<ul class=\" wall-content\">\n<li>Interop\u00e9rabilit\u00e9 totale\u2009: tous les acteurs (soins, secours, s\u00e9curit\u00e9) peuvent \u00e9changer entre eux sans rupture de communication,<\/li>\n<li>Richesse des \u00e9changes\u2009: au-del\u00e0 de la voix, le RRF permet le partage de donn\u00e9es, d\u2019images et de vid\u00e9os en direct,<\/li>\n<li>R\u00e9activit\u00e9 renforc\u00e9e\u2009: la g\u00e9olocalisation en temps r\u00e9el et la transmission s\u00e9curis\u00e9e d\u2019informations m\u00e9dicales acc\u00e9l\u00e8rent la prise en charge<\/li>\n<li>Fiabilit\u00e9 garantie\u2009: priorit\u00e9 absolue donn\u00e9e aux communications des services de secours et de sant\u00e9, m\u00eame en cas de saturation des r\u00e9seaux publics.<\/li>\n<\/ul>\n<p class=\" wall-content\">\u00ab\u2009Gr\u00e2ce \u00e0 ce d\u00e9ploiement, le CHU de Saint-\u00c9tienne devient un \u00e9tablissement pilote dont l\u2019exp\u00e9rience servira de r\u00e9f\u00e9rence pour le <strong>d\u00e9ploiement progressif du RRF dans l\u2019ensemble du syst\u00e8me de sant\u00e9 fran\u00e7ais<\/strong>.\u2009\u00bb<\/p>\n<p class=\" wall-content\">Personnalisez votre actualit\u00e9 en ajoutant vos villes et m\u00e9dias en favori avec <a href=\"https:\/\/moncompte.actu.fr\" title=\"D\u00e9couvez Mon Actu\" rel=\"nofollow noopener\" data-trk=\"{&quot;cta&quot;:{&quot;action&quot;:&quot;https:\\\/\\\/moncompte.actu.fr&quot;,&quot;category&quot;:&quot;mon compte&quot;,&quot;from&quot;:&quot;article footer&quot;,&quot;name&quot;:&quot;Mon actu&quot;,&quot;type&quot;:&quot;cta&quot;}}\" target=\"_blank\">Mon Actu<\/a>.<\/p>\n","protected":false},"excerpt":{"rendered":"Par R\u00e9daction Saint-\u00c9tienne Publi\u00e9 le 7 oct. 2025 \u00e0 10h37 Une premi\u00e8re en France. Depuis le 7\u00a0octobre 2025,&hellip;\n","protected":false},"author":2,"featured_media":444714,"comment_status":"","ping_status":"","sticky":false,"template":"","format":"standard","meta":{"footnotes":""},"categories":[9653],"tags":[1111,11,2430,1777,674,1011,27,100,12,1311,25,4001,71,104],"class_list":{"0":"post-444713","1":"post","2":"type-post","3":"status-publish","4":"format-standard","5":"has-post-thumbnail","7":"category-saint-etienne","8":"tag-actu","9":"tag-actualites","10":"tag-auvergne-rhone-alpes","11":"tag-eu","12":"tag-europe","13":"tag-fr","14":"tag-france","15":"tag-hopital","16":"tag-news","17":"tag-pompiers","18":"tag-republique-francaise","19":"tag-saint-etienne","20":"tag-sante","21":"tag-societe"},"share_on_mastodon":{"url":"https:\/\/pubeurope.com\/@fr\/115332046233356301","error":""},"_links":{"self":[{"href":"https:\/\/www.europesays.com\/fr\/wp-json\/wp\/v2\/posts\/444713","targetHints":{"allow":["GET"]}}],"collection":[{"href":"https:\/\/www.europesays.com\/fr\/wp-json\/wp\/v2\/posts"}],"about":[{"href":"https:\/\/www.europesays.com\/fr\/wp-json\/wp\/v2\/types\/post"}],"author":[{"embeddable":true,"href":"https:\/\/www.europesays.com\/fr\/wp-json\/wp\/v2\/users\/2"}],"replies":[{"embeddable":true,"href":"https:\/\/www.europesays.com\/fr\/wp-json\/wp\/v2\/comments?post=444713"}],"version-history":[{"count":0,"href":"https:\/\/www.europesays.com\/fr\/wp-json\/wp\/v2\/posts\/444713\/revisions"}],"wp:featuredmedia":[{"embeddable":true,"href":"https:\/\/www.europesays.com\/fr\/wp-json\/wp\/v2\/media\/444714"}],"wp:attachment":[{"href":"https:\/\/www.europesays.com\/fr\/wp-json\/wp\/v2\/media?parent=444713"}],"wp:term":[{"taxonomy":"category","embeddable":true,"href":"https:\/\/www.europesays.com\/fr\/wp-json\/wp\/v2\/categories?post=444713"},{"taxonomy":"post_tag","embeddable":true,"href":"https:\/\/www.europesays.com\/fr\/wp-json\/wp\/v2\/tags?post=444713"}],"curies":[{"name":"wp","href":"https:\/\/api.w.org\/{rel}","templated":true}]}}