{"id":444719,"date":"2025-10-07T08:57:19","date_gmt":"2025-10-07T08:57:19","guid":{"rendered":"https:\/\/www.europesays.com\/fr\/444719\/"},"modified":"2025-10-07T08:57:19","modified_gmt":"2025-10-07T08:57:19","slug":"simon-superlapin-un-spectacle-a-voir-en-famille-a-toulon-09-11-2025-toulon-2","status":"publish","type":"post","link":"https:\/\/www.europesays.com\/fr\/444719\/","title":{"rendered":"Simon Superlapin, un spectacle \u00e0 voir en famille \u00e0 Toulon &#8211; 09\/11\/2025 &#8211; Toulon"},"content":{"rendered":"<p>Simon, vous le connaissez ?<\/p>\n<p>&#13;<\/p>\n<p>C\u2019est cet<strong> irr\u00e9sistible petit lapin malin et coquin, cr\u00e9\u00e9 par Stephanie Blake<\/strong>, qui adore s\u2019imaginer \u00eatre un super-h\u00e9ros ! Quand il joue avec ses copains, ils forment la bande de Superlapin !<\/p>\n<p>&#13;<\/p>\n<p>Dans le spectacle \u2013 Superlapin et la pierre qui fait dire Oui \u2013 retrouvez vos h\u00e9ros pr\u00e9f\u00e9r\u00e9s, Simon, son petit fr\u00e8re Gaspard et sa meilleure copine Lou.<\/p>\n<p>&#13;<\/p>\n<p>Pour ces petits lapins, parfois un peu gourmands, deux bonbons chacun, ce n\u2019est pas assez ! Comme Maman ne veut pas leur en donner davantage, Simon s\u2019imagine qu\u2019il existe une pierre qui fait dire OUI : s\u2019ils la trouvaient, Maman dirait Oui \u00e0 tout ce qu\u2019ils veulent !<\/p>\n<p>&#13;<\/p>\n<p>Lou et Gaspard trouvent l\u2019id\u00e9e super top ! Ni une, ni deux, c\u2019est une nouvelle mission pour la bande de Superlapin ! Et voici nos h\u00e9ros qui basculent dans leur monde imaginaire. Malheureusement, le vilain Professeur Wolf est l\u00e0 aussi, \u00e0 la recherche de cette pierre extraordinaire\u2026<\/p>\n<p>&#13;<\/p>\n<p>Venez vivre en spectacle les aventures de Simon dans le M\u00e9ga giga top spectacle Superlapin et la pierre qui fait dire Oui.<\/p>\n<p>&#13;<\/p>\n<p>\u00a0<\/p>\n<p>&#13;<\/p>\n<p><a href=\"https:\/\/zenith-toulon.com\/programmation\/simon-superlapin\/\" target=\"_blank\" rel=\"nofollow noopener\">Infos\/billetterie en ligne<\/a><\/p>\n<p>&#13;<\/p>\n<p>Tarifs (assis num\u00e9rot\u00e9)<br \/>Carr\u00e9 or\u00a0: 45 \u20ac \u2013 Enfant\u00a0: 37,50 \u20ac<br \/>Cat\u00e9gorie 1\u00a0: 39 \u20ac \u2013 Enfant\u00a0: 32 \u20ac<br \/>Cat\u00e9gorie 2\u00a0: 29 \u20ac \u2013 Enfant\u00a0: 19 \u20ac<\/p>\n","protected":false},"excerpt":{"rendered":"Simon, vous le connaissez ? &#13; C\u2019est cet irr\u00e9sistible petit lapin malin et coquin, cr\u00e9\u00e9 par Stephanie Blake,&hellip;\n","protected":false},"author":2,"featured_media":442878,"comment_status":"","ping_status":"","sticky":false,"template":"","format":"standard","meta":{"footnotes":""},"categories":[9619],"tags":[1111,11,1777,674,1011,27,12,882,25,2310],"class_list":{"0":"post-444719","1":"post","2":"type-post","3":"status-publish","4":"format-standard","5":"has-post-thumbnail","7":"category-toulon","8":"tag-actu","9":"tag-actualites","10":"tag-eu","11":"tag-europe","12":"tag-fr","13":"tag-france","14":"tag-news","15":"tag-provence-alpes-cote-dazur","16":"tag-republique-francaise","17":"tag-toulon"},"share_on_mastodon":{"url":"https:\/\/pubeurope.com\/@fr\/115332057956839862","error":""},"_links":{"self":[{"href":"https:\/\/www.europesays.com\/fr\/wp-json\/wp\/v2\/posts\/444719","targetHints":{"allow":["GET"]}}],"collection":[{"href":"https:\/\/www.europesays.com\/fr\/wp-json\/wp\/v2\/posts"}],"about":[{"href":"https:\/\/www.europesays.com\/fr\/wp-json\/wp\/v2\/types\/post"}],"author":[{"embeddable":true,"href":"https:\/\/www.europesays.com\/fr\/wp-json\/wp\/v2\/users\/2"}],"replies":[{"embeddable":true,"href":"https:\/\/www.europesays.com\/fr\/wp-json\/wp\/v2\/comments?post=444719"}],"version-history":[{"count":0,"href":"https:\/\/www.europesays.com\/fr\/wp-json\/wp\/v2\/posts\/444719\/revisions"}],"wp:featuredmedia":[{"embeddable":true,"href":"https:\/\/www.europesays.com\/fr\/wp-json\/wp\/v2\/media\/442878"}],"wp:attachment":[{"href":"https:\/\/www.europesays.com\/fr\/wp-json\/wp\/v2\/media?parent=444719"}],"wp:term":[{"taxonomy":"category","embeddable":true,"href":"https:\/\/www.europesays.com\/fr\/wp-json\/wp\/v2\/categories?post=444719"},{"taxonomy":"post_tag","embeddable":true,"href":"https:\/\/www.europesays.com\/fr\/wp-json\/wp\/v2\/tags?post=444719"}],"curies":[{"name":"wp","href":"https:\/\/api.w.org\/{rel}","templated":true}]}}