{"id":444720,"date":"2025-10-07T08:58:20","date_gmt":"2025-10-07T08:58:20","guid":{"rendered":"https:\/\/www.europesays.com\/fr\/444720\/"},"modified":"2025-10-07T08:58:20","modified_gmt":"2025-10-07T08:58:20","slug":"toulon-conference-de-musicologie-une-heure-avec-bach-dialogues-sacres-violoncelle-et-orgue","status":"publish","type":"post","link":"https:\/\/www.europesays.com\/fr\/444720\/","title":{"rendered":"TOULON : Conf\u00e9rence de musicologie \u00ab\u00a0Une heure avec Bach : Dialogues sacr\u00e9s, violoncelle et orgue\u00a0\u00bb"},"content":{"rendered":"<p style=\"text-align: left;\"><strong>Mercredi 8 octobre \u00e0 Charlemagne Toulon, le nouveau cycle des conf\u00e9rences de musicologie \u00ab\u00a0Une heure avec \u2026\u00a0\u00bb anim\u00e9es par B\u00e9n\u00e9dicte Dupr\u00e9, professeure de piano et conf\u00e9renci\u00e8re, d\u00e9bute avec \u00ab\u00a0Bach : Dialogues sacr\u00e9s, violoncelle et orgue\u00a0\u00bb.<\/strong><\/p>\n<p style=\"text-align: left;\">Gratuit sans r\u00e9servation<\/p>\n<p style=\"text-align: left;\">\u00c0 l\u2019issue des conf\u00e9rences possibilit\u00e9 d\u2019un ap\u00e9ritif \u00e0 10 \u20ac au Charl\u2019s, sur r\u00e9servation aupr\u00e8s du Festival de musique de Toulon au 06 34 29 59 33 ou amisdufestival83@gmail.com<\/p>\n<p style=\"text-align: left;\">N\u00e9 en 1685 dans une famille de quatre g\u00e9n\u00e9rations de musiciens professionnels, orphelin \u00e0 dix ans, il est recueilli par son fr\u00e8re Johann-Christoph, qui lui enseigne le violon, les instruments \u00e0 clavier et le chant. Il devient organiste \u00e0 Arnstadt.<\/p>\n<p style=\"text-align: left;\">Expert en construction et r\u00e9paration d\u2019orgues et de clavecins, il est \u00e9galement novateur technique : il invente, par exemple, l\u2019utilisation des pouces dans le jeu du clavier. S\u2019il ne conna\u00eetra jamais une grande c\u00e9l\u00e9brit\u00e9 paneurop\u00e9enne, certains de ses employeurs sont parfaitement conscients de sa valeur, comme le duc de Weimar.<\/p>\n<p style=\"text-align: left;\">Il deviendra aveugle \u00e0 la fin de sa vie. Sa mort, en 1750, marque la fin du Baroque. Tout comme les autres compositeurs de son temps tels que Vivaldi, il sera vite oubli\u00e9 au profit du classicisme. Cependant, les plus grands compositeurs, tels que Mozart ou Beethoven, ch\u00e9riront ses partitions et lui rendront hommage. Il faudra attendre l\u2019\u00e8re romantique pour qu\u2019il rentre d\u00e9finitivement au Panth\u00e9on de la musique : \u00ab Bach est Bach comme Dieu est Dieu \u00bb dit Berlioz.<\/p>\n<p style=\"text-align: left;\"><strong>\u0152uvres principales :<\/strong><\/p>\n<p style=\"text-align: left;\">Toccata et fugue en r\u00e9 mineur (entre 1703 et 1707)<br \/>Air (vers 1720)<br \/>Concertos brandebourgeois (1721)<br \/>Le Clavier bien temp\u00e9r\u00e9 (1722 et 1744)<br \/>Passion selon saint Jean (1723)<br \/>Passion selon saint Matthieu (1729)<br \/>Messe en si mineur (1733 \u00e0 1749)<br \/>Variations Goldberg (1742)<br \/>L\u2019Art de la fugue (1742 \u00e0 1750)<br \/>L\u2019Offrande musicale (1747)<\/p>\n<p style=\"text-align: left;\">Le Mercredi 08 octobre 2025 \u00e0 18h00 , Librairie \u2013 Papeterie Charlemagne Toulon<\/p>\n<p style=\"text-align: left;\"><strong>SOURCE : L\u2019Agenda Culturel des Librairies Charlemagne.<\/strong><\/p>\n","protected":false},"excerpt":{"rendered":"Mercredi 8 octobre \u00e0 Charlemagne Toulon, le nouveau cycle des conf\u00e9rences de musicologie \u00ab\u00a0Une heure avec \u2026\u00a0\u00bb anim\u00e9es&hellip;\n","protected":false},"author":2,"featured_media":444721,"comment_status":"","ping_status":"","sticky":false,"template":"","format":"standard","meta":{"footnotes":""},"categories":[9619],"tags":[1111,11,1777,674,1011,27,12,882,25,2310],"class_list":{"0":"post-444720","1":"post","2":"type-post","3":"status-publish","4":"format-standard","5":"has-post-thumbnail","7":"category-toulon","8":"tag-actu","9":"tag-actualites","10":"tag-eu","11":"tag-europe","12":"tag-fr","13":"tag-france","14":"tag-news","15":"tag-provence-alpes-cote-dazur","16":"tag-republique-francaise","17":"tag-toulon"},"share_on_mastodon":{"url":"https:\/\/pubeurope.com\/@fr\/115332061829251506","error":""},"_links":{"self":[{"href":"https:\/\/www.europesays.com\/fr\/wp-json\/wp\/v2\/posts\/444720","targetHints":{"allow":["GET"]}}],"collection":[{"href":"https:\/\/www.europesays.com\/fr\/wp-json\/wp\/v2\/posts"}],"about":[{"href":"https:\/\/www.europesays.com\/fr\/wp-json\/wp\/v2\/types\/post"}],"author":[{"embeddable":true,"href":"https:\/\/www.europesays.com\/fr\/wp-json\/wp\/v2\/users\/2"}],"replies":[{"embeddable":true,"href":"https:\/\/www.europesays.com\/fr\/wp-json\/wp\/v2\/comments?post=444720"}],"version-history":[{"count":0,"href":"https:\/\/www.europesays.com\/fr\/wp-json\/wp\/v2\/posts\/444720\/revisions"}],"wp:featuredmedia":[{"embeddable":true,"href":"https:\/\/www.europesays.com\/fr\/wp-json\/wp\/v2\/media\/444721"}],"wp:attachment":[{"href":"https:\/\/www.europesays.com\/fr\/wp-json\/wp\/v2\/media?parent=444720"}],"wp:term":[{"taxonomy":"category","embeddable":true,"href":"https:\/\/www.europesays.com\/fr\/wp-json\/wp\/v2\/categories?post=444720"},{"taxonomy":"post_tag","embeddable":true,"href":"https:\/\/www.europesays.com\/fr\/wp-json\/wp\/v2\/tags?post=444720"}],"curies":[{"name":"wp","href":"https:\/\/api.w.org\/{rel}","templated":true}]}}