{"id":444726,"date":"2025-10-07T09:01:15","date_gmt":"2025-10-07T09:01:15","guid":{"rendered":"https:\/\/www.europesays.com\/fr\/444726\/"},"modified":"2025-10-07T09:01:15","modified_gmt":"2025-10-07T09:01:15","slug":"sotteville-les-rouen-11-concerts-pour-une-edition-automnale-inedite-du-pacific-festival","status":"publish","type":"post","link":"https:\/\/www.europesays.com\/fr\/444726\/","title":{"rendered":"Sotteville-l\u00e8s-Rouen. 11 concerts pour une \u00e9dition automnale in\u00e9dite du Pacific Festival"},"content":{"rendered":"<p melodystyle=\"texte\">Pour la premi\u00e8re fois, le Pacific Festival propose une \u00e9dition automnale en plus de son rendez-vous estival. Ce temps fort d\u00e9di\u00e9 aux musiques improvis\u00e9es se d\u00e9roule du 7 au 14 octobre \u00e0 Rouen et son agglom\u00e9ration, avec 11 concerts pr\u00e9vus. Les repr\u00e9sentations auront lieu dans des lieux vari\u00e9s, allant de la chapelle du CHU aux sc\u00e8nes conventionnelles comme Le 106 ou le Trianon Transatlantique. Cr\u00e9\u00e9 par Thibault Cellier, contrebassiste et membre du groupe Les Vibrants D\u00e9fricheurs, le festival est port\u00e9 par l&rsquo;association Home Factory. \u00ab\u00a0Nous favorisons les \u00e9changes, les rencontres et aussi les retrouvailles, comme pour le concert du 9 octobre o\u00f9 Gabriel Gosse, complice de Philippe Katerine, retrouve sur sc\u00e8ne son ancien partenaire de Totem, Romain Labaye.\u00a0\u00bb\u00a0L&rsquo;\u00e9v\u00e9nement offre un large \u00e9ventail musical, de la musique baroque aux sonorit\u00e9s balkaniques m\u00eal\u00e9es \u00e0 des influences basques en passant par le cours de sport musical de Nuage Magique.<\/p>\n<p style=\"font-weight:bold;color:#000;\">Pratique. Du 7 au 14 octobre. Agglo de Rouen. Infos et r\u00e9sa sur <a href=\"https:\/\/homefactory.live\/\" target=\"_blank\" rel=\"nofollow noopener\">homefactory.live<\/a>.<\/p>\n","protected":false},"excerpt":{"rendered":"Pour la premi\u00e8re fois, le Pacific Festival propose une \u00e9dition automnale en plus de son rendez-vous estival. Ce&hellip;\n","protected":false},"author":2,"featured_media":444727,"comment_status":"","ping_status":"","sticky":false,"template":"","format":"standard","meta":{"footnotes":""},"categories":[9587],"tags":[1111,11,1777,674,1011,27,12,5161,25,9590],"class_list":{"0":"post-444726","1":"post","2":"type-post","3":"status-publish","4":"format-standard","5":"has-post-thumbnail","7":"category-rouen","8":"tag-actu","9":"tag-actualites","10":"tag-eu","11":"tag-europe","12":"tag-fr","13":"tag-france","14":"tag-news","15":"tag-normandie","16":"tag-republique-francaise","17":"tag-rouen"},"share_on_mastodon":{"url":"https:\/\/pubeurope.com\/@fr\/115332073854476581","error":""},"_links":{"self":[{"href":"https:\/\/www.europesays.com\/fr\/wp-json\/wp\/v2\/posts\/444726","targetHints":{"allow":["GET"]}}],"collection":[{"href":"https:\/\/www.europesays.com\/fr\/wp-json\/wp\/v2\/posts"}],"about":[{"href":"https:\/\/www.europesays.com\/fr\/wp-json\/wp\/v2\/types\/post"}],"author":[{"embeddable":true,"href":"https:\/\/www.europesays.com\/fr\/wp-json\/wp\/v2\/users\/2"}],"replies":[{"embeddable":true,"href":"https:\/\/www.europesays.com\/fr\/wp-json\/wp\/v2\/comments?post=444726"}],"version-history":[{"count":0,"href":"https:\/\/www.europesays.com\/fr\/wp-json\/wp\/v2\/posts\/444726\/revisions"}],"wp:featuredmedia":[{"embeddable":true,"href":"https:\/\/www.europesays.com\/fr\/wp-json\/wp\/v2\/media\/444727"}],"wp:attachment":[{"href":"https:\/\/www.europesays.com\/fr\/wp-json\/wp\/v2\/media?parent=444726"}],"wp:term":[{"taxonomy":"category","embeddable":true,"href":"https:\/\/www.europesays.com\/fr\/wp-json\/wp\/v2\/categories?post=444726"},{"taxonomy":"post_tag","embeddable":true,"href":"https:\/\/www.europesays.com\/fr\/wp-json\/wp\/v2\/tags?post=444726"}],"curies":[{"name":"wp","href":"https:\/\/api.w.org\/{rel}","templated":true}]}}