{"id":44473,"date":"2025-04-22T17:16:10","date_gmt":"2025-04-22T17:16:10","guid":{"rendered":"https:\/\/www.europesays.com\/fr\/44473\/"},"modified":"2025-04-22T17:16:10","modified_gmt":"2025-04-22T17:16:10","slug":"fusillade-du-subway-a-rennes-une-guerre-entre-dealers-pilotee-depuis-la-region-parisienne","status":"publish","type":"post","link":"https:\/\/www.europesays.com\/fr\/44473\/","title":{"rendered":"Fusillade du Subway \u00e0 Rennes\u00a0: une guerre entre dealers pilot\u00e9e depuis la r\u00e9gion parisienne"},"content":{"rendered":"<p>La descente de police n\u2019est pas pass\u00e9e inaper\u00e7ue dans ce petit h\u00f4tel particulier de la rue de Paris au pied du parc Thabor \u00e0 Rennes. Une quarantaine de policiers du Raid, de la Dcos (ex-police judiciaire) ont d\u00e9barqu\u00e9 vers minuit trente dans la nuit de jeudi 17 \u00e0 vendredi 18 avril. Dans l\u2019escalier de bois en colima\u00e7on, ils sont mont\u00e9s discr\u00e8tement jusqu\u2019au 3e \u00e9tage et ont d\u00e9fonc\u00e9 la porte en bois \u00e0 coups de b\u00e9lier. \u00c0 l\u2019int\u00e9rieur : trois hommes \u00e2g\u00e9s d\u2019une vingtaine d\u2019ann\u00e9es soup\u00e7onn\u00e9s d\u2019avoir particip\u00e9, quelques heures auparavant, \u00e0 la fusillade dans le quartier Villejean. Un 4e homme avait \u00e9t\u00e9 interpell\u00e9 par les gendarmes d\u00e8s 19 h 30 \u00e0 c\u00f4t\u00e9 du v\u00e9hicule en feu qui avait servi \u00e0 transporter les assaillants.<\/p>\n<p>\u00ab \u00c7a sentait le cannabis dans la cage d\u2019escalier \u00bb<\/p>\n<p>\u00ab On a entendu un peu de bruit mais pas tant que cela finalement, explique un habitant du 33 rue de Paris. C\u2019\u00e9tait impressionnant de voir tous ces policiers venus en voitures banalis\u00e9es. \u00bb Les occupants de ce petit immeuble qui compte un seul appartement par \u00e9tage ne connaissaient pas leurs voisins du 3e. \u00ab Ils \u00e9taient arriv\u00e9s en janvier. On pensait que c\u2019\u00e9taient des \u00e9tudiants, ajoute le voisin du 2e \u00e9tage. Ces jeunes faisaient des f\u00eates de temps en temps, mais ils n\u2019\u00e9taient jamais trop nombreux. \u00c7a sentait r\u00e9guli\u00e8rement le cannabis dans la cage d\u2019escalier. \u00bb<\/p>\n<p>Le procureur de Rennes, Fr\u00e9d\u00e9ric Teillet, explique que les quatre jeunes hommes interpell\u00e9s entre le 17 et le 18 avril sont \u00e2g\u00e9s de 21 \u00e0 23 ans. \u00ab Ils sont impliqu\u00e9s dans le trafic de produits stup\u00e9fiants organis\u00e9 par un r\u00e9seau d\u2019individus originaires de la r\u00e9gion parisienne sur la dalle Kennedy, depuis le mois de janvier 2025 \u00bb, d\u00e9taille-t-il dans un communiqu\u00e9.<\/p>\n<p>Selon nos informations, le commanditaire de la fusillade est originaire de la r\u00e9gion parisienne. Depuis fin d\u2019ann\u00e9e 2024, cet homme a recompos\u00e9 une \u00e9quipe \u00e0 sa main pour reprendre le point de deal du \u00ab10 Bourbonnais\u00bb. Il y est arriv\u00e9 en multipliant les fusillades. Sauf que les \u00ab Villejeannais \u00bb qui exploitaient le point de deal auparavant ne se sont pas laiss\u00e9s faire. Le 14 avril dernier, apr\u00e8s plusieurs jours d\u2019assauts violents, ces derniers sont parvenus \u00e0 reprendre leur point de deal. Les consignes du patron parisien ne sont pas faites attendre. Il a demand\u00e9 \u00e0 ses hommes de viser plusieurs dealers \u00ab locaux \u00bb tr\u00e8s connus dans le quartier afin qu\u2019ils ne ressortent pas vivant de cette offensive.<\/p>\n<p>Pendant sa garde \u00e0 vue, un des mis en cause, originaire des Mureaux (Yvelines) a reconnu son implication dans le trafic de produits stup\u00e9fiants et sa participation au commando : il \u00e9tait notamment charg\u00e9 de filmer la sc\u00e8ne pour le commanditaire et de br\u00fbler le v\u00e9hicule, qu\u2019il savait vol\u00e9 et \u00e0 proximit\u00e9 duquel il a \u00e9t\u00e9 interpell\u00e9.<\/p>\n<p><img decoding=\"async\" src=\"https:\/\/www.europesays.com\/fr\/wp-content\/uploads\/2025\/04\/6807cccdb0b7d19c520630ad.1.jpeg\" width=\"480\" height=\"300\" class=\"web_golden_m\" loading=\"lazy\" alt=\"Un scell\u00e9 portant la mention \u00ab\u00a0tentative de meurtre en bande organis\u00e9e\u00a0\u00bb est placard\u00e9 sur la porte de l\u2019appartement perquisitionn\u00e9 par la police suite \u00e0 la fusillade du Subway de Villejean.\"\/>Un scell\u00e9 portant la mention \u00ab\u00a0tentative de meurtre en bande organis\u00e9e\u00a0\u00bb est placard\u00e9 sur la porte de l\u2019appartement perquisitionn\u00e9 par la police suite \u00e0 la fusillade du Subway de Villejean. (Le T\u00e9l\u00e9gramme\/Claire Staes)<\/p>\n<p>Un autre mis en cause, originaire de Tours, n\u2019a reconnu qu\u2019une participation aux faits de trafic de produits stup\u00e9fiants \u00ab en expliquant n\u2019\u00eatre qu\u2019un chouf pour 100 euros\/jour \u00bb, mais les investigations ont permis de le mettre \u00e9galement en examen des chefs d\u2019association de malfaiteurs et tentative de meurtre en bande organis\u00e9e.<\/p>\n<p>Le troisi\u00e8me gard\u00e9 \u00e0 vue, originaire de Marseille, a choisi de garder le silence. Il a \u00e9t\u00e9 mis en examen pour de nombreux chefs d\u2019inculpation dont tentative de meurtre en bande organis\u00e9e. Au vu des investigations men\u00e9es, sa participation est active, tant dans le cadre du trafic sur la dalle Kennedy que dans le d\u00e9cha\u00eenement de violences du 17 avril 2025. Le 4e mis en examen, originaire de Tours, devra r\u00e9pondre de trafic de produits stup\u00e9fiants et association de malfaiteurs en vue de la pr\u00e9paration un crime. Le procureur ajoute : \u00ab ces 4 jeunes hommes pr\u00e9sentent des casiers judiciaires d\u00e9j\u00e0 fournis, ayant \u00e9t\u00e9 condamn\u00e9s pour des trafics de produits stup\u00e9fiants ou des violences, d\u00e9montrant leur ancrage marqu\u00e9 dans ce type de d\u00e9linquance. Leur \u00e9quipement (armes, v\u00eatements, voiture vol\u00e9e\u2026) et leur mode op\u00e9ratoire ont d\u00e9montr\u00e9 leur d\u00e9termination extr\u00eame \u00e0 reconqu\u00e9rir par tous moyens le point de deal, \u00e0 la demande de leurs commanditaires, en \u00e9liminant physiquement leurs concurrents et en prenant le risque de blesser, en plein apr\u00e8s-midi, toute personne se trouvant \u00e0 proximit\u00e9. \u00bb Ils ont \u00e9t\u00e9 plac\u00e9s en d\u00e9tention provisoire par le juge des libert\u00e9s et de la d\u00e9tention.<\/p>\n","protected":false},"excerpt":{"rendered":"La descente de police n\u2019est pas pass\u00e9e inaper\u00e7ue dans ce petit h\u00f4tel particulier de la rue de Paris&hellip;\n","protected":false},"author":2,"featured_media":44474,"comment_status":"","ping_status":"","sticky":false,"template":"","format":"standard","meta":{"footnotes":""},"categories":[2821],"tags":[1111,11,829,765,1777,674,118,3383,1011,27,848,12,584,25],"class_list":{"0":"post-44473","1":"post","2":"type-post","3":"status-publish","4":"format-standard","5":"has-post-thumbnail","7":"category-rennes","8":"tag-actu","9":"tag-actualites","10":"tag-bretagne","11":"tag-en-continu","12":"tag-eu","13":"tag-europe","14":"tag-faits-divers","15":"tag-faits-divers-a-rennes","16":"tag-fr","17":"tag-france","18":"tag-ille-et-vilaine","19":"tag-news","20":"tag-rennes","21":"tag-republique-francaise"},"share_on_mastodon":{"url":"https:\/\/pubeurope.com\/@fr\/114382751957086867","error":""},"_links":{"self":[{"href":"https:\/\/www.europesays.com\/fr\/wp-json\/wp\/v2\/posts\/44473","targetHints":{"allow":["GET"]}}],"collection":[{"href":"https:\/\/www.europesays.com\/fr\/wp-json\/wp\/v2\/posts"}],"about":[{"href":"https:\/\/www.europesays.com\/fr\/wp-json\/wp\/v2\/types\/post"}],"author":[{"embeddable":true,"href":"https:\/\/www.europesays.com\/fr\/wp-json\/wp\/v2\/users\/2"}],"replies":[{"embeddable":true,"href":"https:\/\/www.europesays.com\/fr\/wp-json\/wp\/v2\/comments?post=44473"}],"version-history":[{"count":0,"href":"https:\/\/www.europesays.com\/fr\/wp-json\/wp\/v2\/posts\/44473\/revisions"}],"wp:featuredmedia":[{"embeddable":true,"href":"https:\/\/www.europesays.com\/fr\/wp-json\/wp\/v2\/media\/44474"}],"wp:attachment":[{"href":"https:\/\/www.europesays.com\/fr\/wp-json\/wp\/v2\/media?parent=44473"}],"wp:term":[{"taxonomy":"category","embeddable":true,"href":"https:\/\/www.europesays.com\/fr\/wp-json\/wp\/v2\/categories?post=44473"},{"taxonomy":"post_tag","embeddable":true,"href":"https:\/\/www.europesays.com\/fr\/wp-json\/wp\/v2\/tags?post=44473"}],"curies":[{"name":"wp","href":"https:\/\/api.w.org\/{rel}","templated":true}]}}