{"id":444736,"date":"2025-10-07T09:09:25","date_gmt":"2025-10-07T09:09:25","guid":{"rendered":"https:\/\/www.europesays.com\/fr\/444736\/"},"modified":"2025-10-07T09:09:25","modified_gmt":"2025-10-07T09:09:25","slug":"strasbourg-a-quoi-ressemble-une-collision-entre-une-trottinette-et-une-voiture-la-lecon-dun-crash-test-a-50-km-h","status":"publish","type":"post","link":"https:\/\/www.europesays.com\/fr\/444736\/","title":{"rendered":"Strasbourg. A quoi ressemble une collision entre une trottinette et une voiture ? La le\u00e7on d&rsquo;un crash-test \u00e0 50 km\/h"},"content":{"rendered":"<p>Il a la d\u00e9gaine d\u2019un adolescent, casquette sur la t\u00eate et trottinette \u00e9lectrique entre les mains. Il roule en ville, mais ne voit pas la voiture, lanc\u00e9e \u00e0 50 km\/h, qui arrive sur sa droite. L\u2019ado sans casque se fait percuter violemment. Le deux-roues n\u2019a pas surv\u00e9cu &#8211; pli\u00e9 en deux, guidon cass\u00e9 &#8211; et son pilote non plus. Tel un pantin d\u00e9sarticul\u00e9, le gar\u00e7on est catapult\u00e9 en l\u2019air et retombe sur la chauss\u00e9e 15 m\u00e8tres plus loin. Son corps sans vie g\u00eet sur le bitume.<\/p>\n<p>\u00ab Impressionnant. Et effrayant. \u00bb Ce lundi 6 octobre, dans la cour du coll\u00e8ge <a href=\"https:\/\/www.dna.fr\/p\/jules-hoffmann\" target=\"_blank\" rel=\"nofollow noopener\">Jules Hoffmann<\/a>, pr\u00e8s de 540 \u00e9l\u00e8ves assistent \u00e0 un crash-test, organis\u00e9 conjointement par les services de l\u2019\u00c9tat, la Ville de Strasbourg et la soci\u00e9t\u00e9 Drag Auto Pub. \u00ab On passe notre temps \u00e0 leur dire que la&#8230;<\/p>\n","protected":false},"excerpt":{"rendered":"Il a la d\u00e9gaine d\u2019un adolescent, casquette sur la t\u00eate et trottinette \u00e9lectrique entre les mains. Il roule&hellip;\n","protected":false},"author":2,"featured_media":444737,"comment_status":"","ping_status":"","sticky":false,"template":"","format":"standard","meta":{"footnotes":""},"categories":[2820],"tags":[1111,11,2389,2649,2880,1777,674,274,107,1011,27,775,12,25,640,2879],"class_list":{"0":"post-444736","1":"post","2":"type-post","3":"status-publish","4":"format-standard","5":"has-post-thumbnail","7":"category-strasbourg","8":"tag-actu","9":"tag-actualites","10":"tag-alsace","11":"tag-bas-rhin","12":"tag-edition-strasbourg","13":"tag-eu","14":"tag-europe","15":"tag-faits-divers-justice","16":"tag-fil-info","17":"tag-fr","18":"tag-france","19":"tag-grand-est","20":"tag-news","21":"tag-republique-francaise","22":"tag-strasbourg","23":"tag-strasbourg-ville"},"share_on_mastodon":{"url":"https:\/\/pubeurope.com\/@fr\/115332105190346741","error":""},"_links":{"self":[{"href":"https:\/\/www.europesays.com\/fr\/wp-json\/wp\/v2\/posts\/444736","targetHints":{"allow":["GET"]}}],"collection":[{"href":"https:\/\/www.europesays.com\/fr\/wp-json\/wp\/v2\/posts"}],"about":[{"href":"https:\/\/www.europesays.com\/fr\/wp-json\/wp\/v2\/types\/post"}],"author":[{"embeddable":true,"href":"https:\/\/www.europesays.com\/fr\/wp-json\/wp\/v2\/users\/2"}],"replies":[{"embeddable":true,"href":"https:\/\/www.europesays.com\/fr\/wp-json\/wp\/v2\/comments?post=444736"}],"version-history":[{"count":0,"href":"https:\/\/www.europesays.com\/fr\/wp-json\/wp\/v2\/posts\/444736\/revisions"}],"wp:featuredmedia":[{"embeddable":true,"href":"https:\/\/www.europesays.com\/fr\/wp-json\/wp\/v2\/media\/444737"}],"wp:attachment":[{"href":"https:\/\/www.europesays.com\/fr\/wp-json\/wp\/v2\/media?parent=444736"}],"wp:term":[{"taxonomy":"category","embeddable":true,"href":"https:\/\/www.europesays.com\/fr\/wp-json\/wp\/v2\/categories?post=444736"},{"taxonomy":"post_tag","embeddable":true,"href":"https:\/\/www.europesays.com\/fr\/wp-json\/wp\/v2\/tags?post=444736"}],"curies":[{"name":"wp","href":"https:\/\/api.w.org\/{rel}","templated":true}]}}