{"id":444738,"date":"2025-10-07T09:10:11","date_gmt":"2025-10-07T09:10:11","guid":{"rendered":"https:\/\/www.europesays.com\/fr\/444738\/"},"modified":"2025-10-07T09:10:11","modified_gmt":"2025-10-07T09:10:11","slug":"woofest-sinstalle-a-nice-le-premier-festival-animalier-fait-escale-sur-la-colline-du-chateau-du-18-10-2025-au-19-10-2025-nice","status":"publish","type":"post","link":"https:\/\/www.europesays.com\/fr\/444738\/","title":{"rendered":"Woofest s&rsquo;installe \u00e0 Nice : Le premier festival animalier fait escale sur la Colline du Ch\u00e2teau &#8211; Du 18\/10\/2025 au 19\/10\/2025 &#8211; Nice"},"content":{"rendered":"<p>Le <strong>Woofest<\/strong>, premier festival animalier itin\u00e9rant en France, s\u2019installe \u00e0 Nice les <strong>18 et 19 octobre 2025\u00a0<\/strong>pour une \u00e9dition sp\u00e9ciale sous le soleil de la French Riviera.\u00a0En partenariat avec la Ville,\u00a0l\u2019\u00e9v\u00e9nement s\u2019annonce comme un rendez-vous festif et incontournable pour tous les passionn\u00e9s\u00a0et pets parents. Deux jours plac\u00e9s sous le signe de la <strong>complicit\u00e9<\/strong>, des <strong>d\u00e9couvertes<\/strong> et de la <strong>f\u00eate<\/strong>, avec\u00a0un programme qui promet des moments inoubliables sur la mythique Promenade des Anglais.<\/p>\n<p>&#13;<\/p>\n<p>\t\t\t\t<strong>Les Activit\u00e9s phares \u00e0 la saveur ni\u00e7oise<\/strong>&#13;<\/p>\n<p>C\u2019est sur la mythique Colline du Ch\u00e2teau que le village du Woofest s\u2019est install\u00e9. Enti\u00e8rement gratuit et accessible sur une ou deux journ\u00e9es, il propose aux ma\u00eetres et \u00e0 leurs compagnons \u00e0 quatre pattes un parcours riche en animations, d\u00e9monstrations et ateliers :<\/p>\n<p>&#13;<\/p>\n<p style=\"margin-left: 30px;\">&#8211; <strong>Activit\u00e9s ludiques et sportives<\/strong> : cani-paddle (piscine et mer), trotti-paddle, agility, hay-bale, Woof Challenge<\/p>\n<p>&#13;<\/p>\n<p style=\"margin-left: 30px;\">&#8211; <strong>Bien-\u00eatre et complicit\u00e9<\/strong> : doga, ost\u00e9opathie, massage<\/p>\n<p>&#13;<\/p>\n<p style=\"margin-left: 30px;\">&#8211; <strong>Ateliers et conseils<\/strong> : premiers secours animaliers, stands \u00e9ducatifs, focus VS stimulus<\/p>\n<p>&#13;<\/p>\n<p style=\"margin-left: 30px;\">&#8211;<strong> Jeux et stimulations<\/strong> : piscine \u00e0 balles, nosework, ateliers interactifs<\/p>\n<p>&#13;<\/p>\n<p>Le village des exposants compl\u00e8te l\u2019exp\u00e9rience, avec des <strong>accessoires<\/strong>, <strong>gourmandises<\/strong> et\u00a0<strong>nouveaut\u00e9s<\/strong> pour g\u00e2ter son fid\u00e8le compagnon.<\/p>\n<p>&#13;<\/p>\n<p><strong style=\"font-family: Roboto, sans-serif; font-size: 24px; text-align: initial;\">Une course urbaine sur la Promenade des Anglais<\/strong><\/p>\n<p>&#13;<\/p>\n<p>En plus du village, le Woofest s\u2019exporte en ville avec sa <strong>Course \u00e0 Obstacles Urbaine.<\/strong><br \/><strong>Au programme<\/strong> : un footing convivial dans les rues de Nice avec son chien, ponctu\u00e9 de d\u00e9fis ludiques et de franchissements d\u2019obstacles. Le tout dans le d\u00e9cor ensoleill\u00e9 de la Promenade des Anglais et du centre-ville, pour un moment de sport et de complicit\u00e9 unique.<\/p>\n<p>&#13;<\/p>\n<p><strong style=\"font-family: Roboto, sans-serif; font-size: 24px; text-align: initial;\">Une grande marche solidaire pour la cause animale<\/strong><\/p>\n<p>&#13;<\/p>\n<p>Autre nouveaut\u00e9 de cette \u00e9dition ni\u00e7oise : le Woofest lance <strong>sa Grande Marche Solidaire le samedi matin<\/strong>. Pas de chrono ni de performance, juste le plaisir de marcher ensemble pour la cause animale. Un ticket achet\u00e9, une action concr\u00e8te de financ\u00e9e !<\/p>\n<p>&#13;<\/p>\n<p>Rendez-vous les <strong>18 et 19 octobre<\/strong> sur la Promenade des Anglais et la Colline du Ch\u00e2teau pour vivre une exp\u00e9rience unique avec votre fid\u00e8le compagnon.<\/p>\n<p>&#13;<\/p>\n<p><a href=\"https:\/\/my.wilout-online.com\/3c708940b2711d06634053ee11917d99\/s?_gl=1*16bsnhv*_gcl_au*OTc4NjA5OTMzLjE3NTEwMzY0OTAuMjU4NTA0MzE4LjE3NTgyNzUyMjYuMTc1ODI3NTIyNg..\" target=\"_blank\" rel=\"nofollow noopener\">Billetterie en ligne ICI<\/a><br \/>Marche : 12,85\u20ac<br \/>Gratuit pour les visiteurs<\/p>\n","protected":false},"excerpt":{"rendered":"Le Woofest, premier festival animalier itin\u00e9rant en France, s\u2019installe \u00e0 Nice les 18 et 19 octobre 2025\u00a0pour une&hellip;\n","protected":false},"author":2,"featured_media":444739,"comment_status":"","ping_status":"","sticky":false,"template":"","format":"standard","meta":{"footnotes":""},"categories":[2819],"tags":[1111,11,1777,674,1011,27,12,2401,882,25],"class_list":{"0":"post-444738","1":"post","2":"type-post","3":"status-publish","4":"format-standard","5":"has-post-thumbnail","7":"category-nice","8":"tag-actu","9":"tag-actualites","10":"tag-eu","11":"tag-europe","12":"tag-fr","13":"tag-france","14":"tag-news","15":"tag-nice","16":"tag-provence-alpes-cote-dazur","17":"tag-republique-francaise"},"share_on_mastodon":{"url":"https:\/\/pubeurope.com\/@fr\/115332109108654623","error":""},"_links":{"self":[{"href":"https:\/\/www.europesays.com\/fr\/wp-json\/wp\/v2\/posts\/444738","targetHints":{"allow":["GET"]}}],"collection":[{"href":"https:\/\/www.europesays.com\/fr\/wp-json\/wp\/v2\/posts"}],"about":[{"href":"https:\/\/www.europesays.com\/fr\/wp-json\/wp\/v2\/types\/post"}],"author":[{"embeddable":true,"href":"https:\/\/www.europesays.com\/fr\/wp-json\/wp\/v2\/users\/2"}],"replies":[{"embeddable":true,"href":"https:\/\/www.europesays.com\/fr\/wp-json\/wp\/v2\/comments?post=444738"}],"version-history":[{"count":0,"href":"https:\/\/www.europesays.com\/fr\/wp-json\/wp\/v2\/posts\/444738\/revisions"}],"wp:featuredmedia":[{"embeddable":true,"href":"https:\/\/www.europesays.com\/fr\/wp-json\/wp\/v2\/media\/444739"}],"wp:attachment":[{"href":"https:\/\/www.europesays.com\/fr\/wp-json\/wp\/v2\/media?parent=444738"}],"wp:term":[{"taxonomy":"category","embeddable":true,"href":"https:\/\/www.europesays.com\/fr\/wp-json\/wp\/v2\/categories?post=444738"},{"taxonomy":"post_tag","embeddable":true,"href":"https:\/\/www.europesays.com\/fr\/wp-json\/wp\/v2\/tags?post=444738"}],"curies":[{"name":"wp","href":"https:\/\/api.w.org\/{rel}","templated":true}]}}