{"id":444742,"date":"2025-10-07T09:12:16","date_gmt":"2025-10-07T09:12:16","guid":{"rendered":"https:\/\/www.europesays.com\/fr\/444742\/"},"modified":"2025-10-07T09:12:16","modified_gmt":"2025-10-07T09:12:16","slug":"un-adolescent-de-16-ans-blesse","status":"publish","type":"post","link":"https:\/\/www.europesays.com\/fr\/444742\/","title":{"rendered":"un adolescent de 16 ans bless\u00e9"},"content":{"rendered":"<p>            Par<br \/>\n        <strong><br \/>\n            <a href=\"https:\/\/actu.fr\/auteur\/thomas-bernard\" title=\"Consulter tous les articles de Thomas Bernard\" target=\"_blank\" rel=\"noopener\">Thomas Bernard<\/a><br \/>\n        <\/strong><\/p>\n<p>        Publi\u00e9 le<\/p>\n<p>            7 oct. 2025 \u00e0 10h55        <\/p>\n<p>Pendant pr\u00e8s de deux heures, lundi 6\u00a0octobre 2025 un busway de la ligne 5 a stationn\u00e9 \u00e0 l\u2019arr\u00eat Prairie au Duc, sur <strong>l\u2019\u00eele de Nantes<\/strong>. Des agents Naolib et des policiers \u00e9taient autour du v\u00e9hicule tandis que d\u2019autres membres des forces de l\u2019ordre proc\u00e9daient \u00e0 un relev\u00e9 d\u2019empreintes \u00e0 l\u2019int\u00e9rieur du bus.<\/p>\n<p>Une enqu\u00eate en cours<\/p>\n<p class=\" wall-content\">Aux environs de 12h30, \u00ab\u2009un incident grave entre voyageurs\u2009\u00bb a eu lieu dans un busway de la ligne 5 (direction Hangar \u00e0 Bananes). Selon nos informations, <b>une rixe a \u00e9clat\u00e9 \u00e0 l\u2019int\u00e9rieur du bus.<\/b>\u00a0Contact\u00e9 par la r\u00e9daction, <a href=\"https:\/\/actu.fr\/pays-de-la-loire\/nantes_44109\/portrait-qui-est-antoine-leroy-ce-procureur-venu-du-sud-pour-s-installer-a-nantes_62672358.html\" target=\"_blank\" rel=\"noopener\">Antoine Leroy,<\/a> procureur de Nantes, confirme qu\u2019un coup de couteau a \u00e9t\u00e9 port\u00e9 et qu\u2019une enqu\u00eate a \u00e9t\u00e9 ouverte. La victime est un adolescent de 16 ans.\u00a0<\/p>\n<p class=\" wall-content\">\u00c0 l\u2019heure o\u00f9 nous \u00e9crivons ces lignes, il n\u2019y a eu <strong>aucune interpellation.<\/strong><\/p>\n<p class=\" wall-content\">Plus d\u2019informations \u00e0 venir.<\/p>\n<p class=\" wall-content\">Personnalisez votre actualit\u00e9 en ajoutant vos villes et m\u00e9dias en favori avec <a href=\"https:\/\/moncompte.actu.fr\" title=\"D\u00e9couvez Mon Actu\" rel=\"nofollow noopener\" data-trk=\"{&quot;cta&quot;:{&quot;action&quot;:&quot;https:\\\/\\\/moncompte.actu.fr&quot;,&quot;category&quot;:&quot;mon compte&quot;,&quot;from&quot;:&quot;article footer&quot;,&quot;name&quot;:&quot;Mon actu&quot;,&quot;type&quot;:&quot;cta&quot;}}\" target=\"_blank\">Mon Actu<\/a>.<\/p>\n","protected":false},"excerpt":{"rendered":"Par Thomas Bernard Publi\u00e9 le 7 oct. 2025 \u00e0 10h55 Pendant pr\u00e8s de deux heures, lundi 6\u00a0octobre 2025&hellip;\n","protected":false},"author":2,"featured_media":444743,"comment_status":"","ping_status":"","sticky":false,"template":"","format":"standard","meta":{"footnotes":""},"categories":[2818],"tags":[1111,11,1777,674,118,1011,27,766,12,2636,1072,25],"class_list":{"0":"post-444742","1":"post","2":"type-post","3":"status-publish","4":"format-standard","5":"has-post-thumbnail","7":"category-nantes","8":"tag-actu","9":"tag-actualites","10":"tag-eu","11":"tag-europe","12":"tag-faits-divers","13":"tag-fr","14":"tag-france","15":"tag-nantes","16":"tag-news","17":"tag-pays-de-la-loire","18":"tag-police","19":"tag-republique-francaise"},"share_on_mastodon":{"url":"https:\/\/pubeurope.com\/@fr\/115332116946953263","error":""},"_links":{"self":[{"href":"https:\/\/www.europesays.com\/fr\/wp-json\/wp\/v2\/posts\/444742","targetHints":{"allow":["GET"]}}],"collection":[{"href":"https:\/\/www.europesays.com\/fr\/wp-json\/wp\/v2\/posts"}],"about":[{"href":"https:\/\/www.europesays.com\/fr\/wp-json\/wp\/v2\/types\/post"}],"author":[{"embeddable":true,"href":"https:\/\/www.europesays.com\/fr\/wp-json\/wp\/v2\/users\/2"}],"replies":[{"embeddable":true,"href":"https:\/\/www.europesays.com\/fr\/wp-json\/wp\/v2\/comments?post=444742"}],"version-history":[{"count":0,"href":"https:\/\/www.europesays.com\/fr\/wp-json\/wp\/v2\/posts\/444742\/revisions"}],"wp:featuredmedia":[{"embeddable":true,"href":"https:\/\/www.europesays.com\/fr\/wp-json\/wp\/v2\/media\/444743"}],"wp:attachment":[{"href":"https:\/\/www.europesays.com\/fr\/wp-json\/wp\/v2\/media?parent=444742"}],"wp:term":[{"taxonomy":"category","embeddable":true,"href":"https:\/\/www.europesays.com\/fr\/wp-json\/wp\/v2\/categories?post=444742"},{"taxonomy":"post_tag","embeddable":true,"href":"https:\/\/www.europesays.com\/fr\/wp-json\/wp\/v2\/tags?post=444742"}],"curies":[{"name":"wp","href":"https:\/\/api.w.org\/{rel}","templated":true}]}}