{"id":444754,"date":"2025-10-07T09:18:34","date_gmt":"2025-10-07T09:18:34","guid":{"rendered":"https:\/\/www.europesays.com\/fr\/444754\/"},"modified":"2025-10-07T09:18:34","modified_gmt":"2025-10-07T09:18:34","slug":"agenda-du-week-end-que-faire-pres-de-chez-vous-4","status":"publish","type":"post","link":"https:\/\/www.europesays.com\/fr\/444754\/","title":{"rendered":"Agenda du week-end : que faire pr\u00e8s de chez vous ?"},"content":{"rendered":"<p>            Les nuits s&rsquo;animent&#8230; dans les biblioth\u00e8ques !<\/p>\n<p><strong>Du vendredi 10 au dimanche 12 octobre, dans la m\u00e9tropole<\/strong><\/p>\n<p>Plongez dans une programmation festive au c\u0153ur de la saison FIESTA de Lille3000. Ateliers cr\u00e9atifs, spectacles accessibles, DJ sets, lectures festives et jeux vous attendent dans les biblioth\u00e8ques de la m\u00e9tropole pour une exp\u00e9rience culturelle inoubliable. Tous les \u00e9v\u00e9nements sont gratuits et ouverts \u00e0 tous !<\/p>\n<p>&gt; <a href=\"https:\/\/www.lillemetropole.fr\/les-nuits-des-bibliotheques\" rel=\"nofollow noopener\" target=\"_blank\">En savoir plus<\/a><\/p>\n<p>F\u00eate de la Sorci\u00e8re : un univers ensorcel\u00e9 au mus\u00e9e\u00a0<\/p>\n<p><strong>Les 11 et 12 octobre au mus\u00e9e de Plein Air (Villeneuve-d\u2019Ascq)\u00a0<\/strong><\/p>\n<p>Comme chaque ann\u00e9e \u00e0 l&rsquo;automne, le mus\u00e9e se transforme en village magique o\u00f9 sorci\u00e8res, cr\u00e9atures fantastiques et enchantements vous attendent. Spectacles, ateliers et march\u00e9s artisanaux promettent un week-end inoubliable ! Plein tarif : 5 \u20ac. Gratuit : enfants -4 ans, abonn\u00e9s ENM, enfants costum\u00e9s -12 ans, accompagnateurs de personnes en situation de handicap.<\/p>\n<p>&gt; <a href=\"https:\/\/www.lillemetropole.fr\/actualites\/la-fete-de-la-sorciere-revient-en-2025\" rel=\"nofollow noopener\" target=\"_blank\">En savoir plus<\/a><\/p>\n<p>ECOPOSS 2025 : imaginez les futurs souhaitables !<\/p>\n<p><strong>Du 9 au 12 octobre \u00e0 l\u2019Universit\u00e9 Catholique de Lille\u00a0<\/strong><\/p>\n<p>L&rsquo;\u00e9tablissement devient un v\u00e9ritable laboratoire vivant pour explorer, r\u00eaver et co-construire demain. Conf\u00e9rences, ateliers immersifs, salon du livre avec plus de 80 auteurs, et spectacles festifs vous attendent pour un voyage inspirant au c\u0153ur des grands enjeux de notre \u00e9poque. Sur inscription.<\/p>\n<p>&gt; <a href=\"https:\/\/www.lillemetropole.fr\/actualites\/ecoposs-le-festival-qui-ouvre-les-horizons\" rel=\"nofollow noopener\" target=\"_blank\">En savoir plus<\/a><\/p>\n<p>Tourcoing Jazz Festival 2025 : une semaine de rythmes et de rencontres !<\/p>\n<p><strong>Jusqu&rsquo;au 31 octobre, \u00e0 Tourcoing<\/strong><\/p>\n<p>Envie de vibrer au son du jazz sous toutes ses formes ? Ne manquez pas le Macha Gharibian Trio et Keziah Jones en concert acoustique. Le 12 octobre, Avishai Cohen New Trio vous emm\u00e8ne dans son univers unique. Des grands noms, des d\u00e9couvertes et des moments inoubliables vous attendent sur toutes les sc\u00e8nes du festival.<\/p>\n<p>&gt; <a href=\"https:\/\/www.lillemetropole.fr\/actualites\/le-tourcoing-jazz-festival-revient-pour-une-nouvelle-edition\" rel=\"nofollow noopener\" target=\"_blank\">En savoir plus<\/a><\/p>\n<p>Ekiden Villeneuve-d\u2019Ascq 2025 : le marathon autrement !<\/p>\n<p><strong>Le 12 octobre \u00e0 10h, au Stadium (Villeneuve d&rsquo;Ascq)<\/strong><\/p>\n<p>Le Stadium accueille une \u00e9preuve unique : l\u2019Ekiden, un marathon-relais o\u00f9 la performance se conjugue avec l\u2019esprit collectif. Par \u00e9quipes de 6, relevez ensemble le d\u00e9fi des 42,195 km, r\u00e9partis en relais de 5 \u00e0 10 km. Sport, solidarit\u00e9 et ambiance festive feront battre le c\u0153ur de Villeneuve-d\u2019Ascq pour une journ\u00e9e 100 % conviviale et pleine d\u2019\u00e9nergie !<\/p>\n<p>&gt; <a href=\"https:\/\/www.lillemetropole.fr\/actualites\/participez-la-course-relais-lekiden-de-villeneuve-dascq\" rel=\"nofollow noopener\" target=\"_blank\">En savoir plus<\/a><\/p>\n<p>Jazz et m\u00e9moire : des tranch\u00e9es aux Victory Discs<\/p>\n<p><strong>Le 12 octobre \u00e0 14h30, au Mus\u00e9e de la Bataille de Fromelles\u00a0<\/strong><\/p>\n<p>Une conf\u00e9rence de Didier Boudet qui vous propose d&rsquo;explorer l\u2019incroyable voyage du jazz au c\u0153ur des guerres mondiales. Des Harlem Hellfighters, qui ont fait d\u00e9couvrir ce nouveau son \u00e0 l\u2019Europe, aux Victory Discs diffus\u00e9s aupr\u00e8s des soldats, plongez dans une histoire o\u00f9 musique, culture et m\u00e9moire se m\u00ealent pour redonner vie \u00e0 une \u00e9poque marqu\u00e9e par le combat et l\u2019espoir.<\/p>\n<p>&gt; <a href=\"https:\/\/openagenda.com\/fr\/musee-bataille-fromelles\/events\/conference-jazz-et-guerres-mondiales-des-harlem-hellfighters-aux-victory-discs-par-didier-boudet\" rel=\"nofollow noopener\" target=\"_blank\">En savoir plus<\/a><\/p>\n<p>F\u00eate de la Pomme 2025 : c\u00e9l\u00e9brons l\u2019automne \u00e0 la ferme !<\/p>\n<p><strong>Le 11 octobre de 10h \u00e0 18h \u00e0 Hem<\/strong><\/p>\n<p>La Ferme du Partage vous ouvre ses portes pour des visites guid\u00e9es, des ateliers de pressage, de plantation et des d\u00e9gustations de jus fra\u00eechement press\u00e9. Une journ\u00e9e gourmande, conviviale et nature pour petits et grands !<\/p>\n<p>&gt; <a href=\"https:\/\/www.lillemetropole.fr\/evenements\/fete-de-la-pomme-6761273\" rel=\"nofollow noopener\" target=\"_blank\">En savoir plus<\/a><\/p>\n<p>Rencontres Arch\u00e9ologie et Cin\u00e9ma \u2013 Imaginer les paysages sonores du pass\u00e9<\/p>\n<p><strong>Le samedi 11 octobre, au Fresnoy (Tourcoing)<\/strong><\/p>\n<p>Plongez dans une apr\u00e8s-midi passionnante alliant conf\u00e9rences, films courts, d\u00e9monstrations sonores et cr\u00e9ations artistiques. Sur le fil entre science, art et acoustique, d\u00e9couvrez comment arch\u00e9ologues et cin\u00e9astes redonnent voix et ambiances \u00e0 des lieux disparus.<\/p>\n<p>&gt; <a href=\"https:\/\/openagenda.com\/fr\/metropole-europeenne-de-lille\/events\/rencontres-archeologie-et-cinema-2-e-edition\" rel=\"nofollow noopener\" target=\"_blank\">En savoir plus<\/a><\/p>\n<p>F\u00eate de la Soupe : quand la cuill\u00e8re devient monnaie d\u2019\u00e9change<\/p>\n<p><strong>Le 11 octobre de 11h \u00e0 15h, \u00e0 Roubaix<\/strong><\/p>\n<p>Un apr\u00e8s-midi chaleureux \u00e0 Lille o\u00f9 se m\u00ealent festin collectif, concerts de rue et concours de soupes inventives. Venez partager votre recette, go\u00fbter celles des voisins et c\u00e9l\u00e9brer la convivialit\u00e9 au c\u0153ur de la m\u00e9tropole !<\/p>\n<p>&gt; <a href=\"https:\/\/www.lillemetropole.fr\/evenements\/fete-de-la-soupe-242679\" rel=\"nofollow noopener\" target=\"_blank\">En savoir plus<\/a><\/p>\n<p>Salon de l\u2019animal en ville : vivez le bien-\u00eatre animal autrement<\/p>\n<p><strong>Dimanche 12 octobre \u00e0 l\u2019Hippodrome de Marcq-en-Bar\u0153ul<\/strong><\/p>\n<p>D\u00e9couvrez un large \u00e9ventail de stands, ateliers ludiques, conf\u00e9rences et d\u00e9monstrations d\u00e9di\u00e9s aux chiens, chats et nouveaux animaux de compagnie. Une journ\u00e9e gratuite pour mieux comprendre, ch\u00e9rir et partager le lien qui nous unit aux animaux.<\/p>\n<p>&gt; <a href=\"https:\/\/www.marcq-en-baroeul.org\/mon-quotidien\/agenda\/salon-de-lanimal-en-ville\" rel=\"nofollow noopener\" target=\"_blank\">En savoir plus<\/a><\/p>\n","protected":false},"excerpt":{"rendered":"Les nuits s&rsquo;animent&#8230; dans les biblioth\u00e8ques ! Du vendredi 10 au dimanche 12 octobre, dans la m\u00e9tropole Plongez&hellip;\n","protected":false},"author":2,"featured_media":444755,"comment_status":"","ping_status":"","sticky":false,"template":"","format":"standard","meta":{"footnotes":""},"categories":[2815],"tags":[1111,11,1777,674,1011,27,811,1307,12,25],"class_list":{"0":"post-444754","1":"post","2":"type-post","3":"status-publish","4":"format-standard","5":"has-post-thumbnail","7":"category-lille","8":"tag-actu","9":"tag-actualites","10":"tag-eu","11":"tag-europe","12":"tag-fr","13":"tag-france","14":"tag-hauts-de-france","15":"tag-lille","16":"tag-news","17":"tag-republique-francaise"},"share_on_mastodon":{"url":"https:\/\/pubeurope.com\/@fr\/115332140472411126","error":""},"_links":{"self":[{"href":"https:\/\/www.europesays.com\/fr\/wp-json\/wp\/v2\/posts\/444754","targetHints":{"allow":["GET"]}}],"collection":[{"href":"https:\/\/www.europesays.com\/fr\/wp-json\/wp\/v2\/posts"}],"about":[{"href":"https:\/\/www.europesays.com\/fr\/wp-json\/wp\/v2\/types\/post"}],"author":[{"embeddable":true,"href":"https:\/\/www.europesays.com\/fr\/wp-json\/wp\/v2\/users\/2"}],"replies":[{"embeddable":true,"href":"https:\/\/www.europesays.com\/fr\/wp-json\/wp\/v2\/comments?post=444754"}],"version-history":[{"count":0,"href":"https:\/\/www.europesays.com\/fr\/wp-json\/wp\/v2\/posts\/444754\/revisions"}],"wp:featuredmedia":[{"embeddable":true,"href":"https:\/\/www.europesays.com\/fr\/wp-json\/wp\/v2\/media\/444755"}],"wp:attachment":[{"href":"https:\/\/www.europesays.com\/fr\/wp-json\/wp\/v2\/media?parent=444754"}],"wp:term":[{"taxonomy":"category","embeddable":true,"href":"https:\/\/www.europesays.com\/fr\/wp-json\/wp\/v2\/categories?post=444754"},{"taxonomy":"post_tag","embeddable":true,"href":"https:\/\/www.europesays.com\/fr\/wp-json\/wp\/v2\/tags?post=444754"}],"curies":[{"name":"wp","href":"https:\/\/api.w.org\/{rel}","templated":true}]}}