{"id":444760,"date":"2025-10-07T09:21:34","date_gmt":"2025-10-07T09:21:34","guid":{"rendered":"https:\/\/www.europesays.com\/fr\/444760\/"},"modified":"2025-10-07T09:21:34","modified_gmt":"2025-10-07T09:21:34","slug":"la-prefecture-a-ordonne-la-fermeture-de-la-mosquee-des-bleuets","status":"publish","type":"post","link":"https:\/\/www.europesays.com\/fr\/444760\/","title":{"rendered":"la pr\u00e9fecture a ordonn\u00e9 la fermeture de la mosqu\u00e9e des Bleuets"},"content":{"rendered":"<p>Une fermeture qui n\u2019\u00e9tait pas effective hier (6 octobre). Une d\u00e9cision suspendue puisque l\u2019imam de cette mosqu\u00e9e a annonc\u00e9 le d\u00e9p\u00f4t d\u2019une proc\u00e9dure en r\u00e9f\u00e9r\u00e9 devant le TA de Marseille.<\/p>\n<p>Hier, le pr\u00e9fet des Bouches-du-Rh\u00f4ne a ordonn\u00e9 la fermeture de la mosqu\u00e9e des Bleuets. C\u2019est de nouveau l\u2019imam du lieu de culte, situ\u00e9 dans le 13\u00e8me arrondissement de Marseille, qui est mis en cause.<\/p>\n<p>Le 25 septembre dernier, le pr\u00e9fet Georges-Fran\u00e7ois Leclerc estimait que, malgr\u00e9 sa condamnation pour \u00ab\u00a0apologie du terrorisme\u00a0\u00bb en juin dernier, l\u2019imam Isma\u00efl, de son vrai nom Sma\u00efn Bendjilali, continuait de \u00ab prof\u00e9rer des propos qui sont des incitations \u00e0 la haine et \u00e0 la violence \u00bb.\u00a0<\/p>\n<p>L\u2019imam d\u00e9ment<\/p>\n<p>\u00ab Cette d\u00e9cision repose sur des accusations graves et fausses me visant personnellement : on m\u2019accuse \u00ab\u00a0d\u2019apologie du terrorisme\u00a0\u00bb et \u00ab\u00a0d\u2019incitation \u00e0 la haine\u00a0\u00bb. Je rejette cat\u00e9goriquement ces accusations \u00bb, se d\u00e9fendait hier l\u2019imam Isma\u00efl dans une publication sur X.<\/p>\n<p><a href=\"https:\/\/x.com\/imam_ismail13\/status\/1975245890953552188\" target=\"_blank\" rel=\"noopener\"><img data-lazyloaded=\"1\" fetchpriority=\"high\" decoding=\"async\" class=\"alignnone size-full wp-image-206508\" src=\"https:\/\/www.europesays.com\/fr\/wp-content\/uploads\/2025\/10\/imam-smail-x.jpg\" alt=\"\" width=\"595\" height=\"564\"  data-\/><\/a><\/p>\n<p>Pour rappel, le 30 mai dernier, Sma\u00efn Bendjilali \u00e9tait condamn\u00e9 \u00e0 six mois de prison avec sursis et 2.000 euros d\u2019amende pour \u00ab\u00a0apologie du terrorisme\u00a0\u00bb, apr\u00e8s avoir qualifi\u00e9 sur ses r\u00e9seaux sociaux de \u00ab\u00a0l\u00e9gitime d\u00e9fense\u00a0\u00bb l\u2019attaque du Hamas du 7-Octobre contre Isra\u00ebl.<\/p>\n<p>L\u2019imam avait alors fait appel de la d\u00e9cision. A l\u2019\u00e9poque, il d\u00e9non\u00e7ait \u00ab\u00a0des pressions\u00a0\u00bb politiques. Une conviction qu\u2019il a encore mentionn\u00e9e hier\u00a0: \u00ab\u00a0Elles [les accusations le visant, ndlr] sont le fruit d\u2019une lecture tronqu\u00e9e et politis\u00e9e de propos religieux, d\u00e9tourn\u00e9s de leur sens\u00a0\u00bb.\u00a0<\/p>\n<p>Mesure disproportionn\u00e9e\u00a0?<\/p>\n<p>Sma\u00efn Bendjilali et son avocat, Rafik Chekkal, ont annonc\u00e9 leur intention de d\u00e9poser une proc\u00e9dure en r\u00e9f\u00e9r\u00e9, aujourd\u2019hui (7 octobre), devant le tribunal administratif de Marseille. Ce qui a suspendu la d\u00e9cision de fermeture de la mosqu\u00e9e, le temps de la proc\u00e9dure.<\/p>\n<p>Dans un communiqu\u00e9 publi\u00e9 hier, le Conseil d\u00e9partemental du culte musulman des Bouche-du-Rh\u00f4ne (CDCM-13) fustigeait la d\u00e9cision de fermeture de la mosqu\u00e9e des Bleuets\u00a0:<\/p>\n<blockquote>\n<p>\u00ab\u00a0Cette mesure, qui intervient alors que l\u2019imam Ismail, d\u00e9j\u00e0 jug\u00e9 le 30 mai 2025, a interjet\u00e9 appel d\u2019une condamnation non d\u00e9finitive, appara\u00eet pr\u00e9matur\u00e9e et disproportionn\u00e9e\u00a0\u00bb.<\/p>\n<\/blockquote>\n<p>Le conseil estimait par ailleurs que cette d\u00e9cision p\u00e9nalisait, avant tout, les fid\u00e8les. Sma\u00efn Bendjilali regrettait \u00e9galement que la communaut\u00e9 p\u00e2tisse de cette fermeture et d\u00e9non\u00e7ait une atteinte aux droits \u00a0:<\/p>\n<blockquote>\n<p>\u00ab\u00a0Cette fermeture n\u2019est pas seulement une attaque contre moi : c\u2019est une atteinte \u00e0 la libert\u00e9 de culte et \u00e0 la dignit\u00e9 de toute une communaut\u00e9\u00a0\u00bb.<\/p>\n<p>\u00a0<\/p>\n<\/blockquote>\n<p>&gt; Sur le m\u00eame sujet :<a href=\"https:\/\/www.lecourrierdelatlas.com\/marseille-la-mosquee-des-bleuets-encore-menacee-de-fermeture\/\" target=\"_blank\" rel=\"noopener\">Marseille : la mosqu\u00e9e des Bleuets encore menac\u00e9e de fermeture<\/a><a href=\"https:\/\/www.lecourrierdelatlas.com\/marseille-limam-ismail-condamne-pour-apologie-du-terrorisme\/\" target=\"_blank\" rel=\"noopener\">Marseille. L\u2019imam Ismail condamn\u00e9 pour apologie du terrorisme<\/a><a href=\"https:\/\/www.lecourrierdelatlas.com\/prison-requise-contre-un-imam-marseillais-pour-apologie-du-terrorisme\/\" target=\"_blank\" rel=\"noopener\">Imam Sma\u00efn Bendjilali : prison requise pour apologie du terrorisme<\/a><a href=\"https:\/\/www.lecourrierdelatlas.com\/mosquee-des-bleuets-arrete-de-fermeture-suspendu-reouverture-autorisee\/\" target=\"_blank\" rel=\"noopener\">Mosqu\u00e9e des Bleuets : arr\u00eat\u00e9 de fermeture suspendu, r\u00e9ouverture autoris\u00e9e<\/a><a href=\"https:\/\/www.lecourrierdelatlas.com\/marseille-un-imam-bientot-juge-pour-apologie-du-terrorisme\/\" target=\"_blank\" rel=\"noopener\">Marseille : un imam bient\u00f4t jug\u00e9 pour apologie du terrorisme<\/a><\/p>\n<p>\u00a0<\/p>\n","protected":false},"excerpt":{"rendered":"Une fermeture qui n\u2019\u00e9tait pas effective hier (6 octobre). Une d\u00e9cision suspendue puisque l\u2019imam de cette mosqu\u00e9e a&hellip;\n","protected":false},"author":2,"featured_media":444761,"comment_status":"","ping_status":"","sticky":false,"template":"","format":"standard","meta":{"footnotes":""},"categories":[2814],"tags":[1111,11,9205,1777,674,1011,27,26519,57095,303,884,14577,57096,12,882,25,57097,57098],"class_list":{"0":"post-444760","1":"post","2":"type-post","3":"status-publish","4":"format-standard","5":"has-post-thumbnail","7":"category-marseille","8":"tag-actu","9":"tag-actualites","10":"tag-apologie-du-terrorisme","11":"tag-eu","12":"tag-europe","13":"tag-fr","14":"tag-france","15":"tag-imam","16":"tag-imam-ismail","17":"tag-justice","18":"tag-marseille","19":"tag-mosquee","20":"tag-mosquee-des-bleuets","21":"tag-news","22":"tag-provence-alpes-cote-dazur","23":"tag-republique-francaise","24":"tag-smain-bendjilali","25":"tag-ta-de-marseille"},"share_on_mastodon":{"url":"https:\/\/pubeurope.com\/@fr\/115332152364121025","error":""},"_links":{"self":[{"href":"https:\/\/www.europesays.com\/fr\/wp-json\/wp\/v2\/posts\/444760","targetHints":{"allow":["GET"]}}],"collection":[{"href":"https:\/\/www.europesays.com\/fr\/wp-json\/wp\/v2\/posts"}],"about":[{"href":"https:\/\/www.europesays.com\/fr\/wp-json\/wp\/v2\/types\/post"}],"author":[{"embeddable":true,"href":"https:\/\/www.europesays.com\/fr\/wp-json\/wp\/v2\/users\/2"}],"replies":[{"embeddable":true,"href":"https:\/\/www.europesays.com\/fr\/wp-json\/wp\/v2\/comments?post=444760"}],"version-history":[{"count":0,"href":"https:\/\/www.europesays.com\/fr\/wp-json\/wp\/v2\/posts\/444760\/revisions"}],"wp:featuredmedia":[{"embeddable":true,"href":"https:\/\/www.europesays.com\/fr\/wp-json\/wp\/v2\/media\/444761"}],"wp:attachment":[{"href":"https:\/\/www.europesays.com\/fr\/wp-json\/wp\/v2\/media?parent=444760"}],"wp:term":[{"taxonomy":"category","embeddable":true,"href":"https:\/\/www.europesays.com\/fr\/wp-json\/wp\/v2\/categories?post=444760"},{"taxonomy":"post_tag","embeddable":true,"href":"https:\/\/www.europesays.com\/fr\/wp-json\/wp\/v2\/tags?post=444760"}],"curies":[{"name":"wp","href":"https:\/\/api.w.org\/{rel}","templated":true}]}}