{"id":444762,"date":"2025-10-07T09:22:10","date_gmt":"2025-10-07T09:22:10","guid":{"rendered":"https:\/\/www.europesays.com\/fr\/444762\/"},"modified":"2025-10-07T09:22:10","modified_gmt":"2025-10-07T09:22:10","slug":"ces-trois-grandes-tours-et-leurs-170-logements-vont-bientot-etre-detruits","status":"publish","type":"post","link":"https:\/\/www.europesays.com\/fr\/444762\/","title":{"rendered":"ces trois grandes tours et leurs 170 logements vont bient\u00f4t \u00eatre d\u00e9truits"},"content":{"rendered":"<p>            Par<br \/>\n        <strong><br \/>\n            <a href=\"https:\/\/actu.fr\/auteur\/ludivine-caporal\" title=\"Consulter tous les articles de Ludivine Caporal\" target=\"_blank\" rel=\"noopener\">Ludivine Caporal<\/a><br \/>\n        <\/strong><\/p>\n<p>        Publi\u00e9 le<\/p>\n<p>            7 oct. 2025 \u00e0 10h59        <\/p>\n<p>Cinq ans pr\u00e8s la <a href=\"https:\/\/actu.fr\/auvergne-rhone-alpes\/lyon_69123\/videos-ces-tours-et-immeubles-qui-ont-disparu-du-paysage-de-lyon_50244950.html\" target=\"_blank\" rel=\"noopener\">d\u00e9molition de la barre Monmousseau<\/a>, la petite barre et les trois tours \u00e9ponyme s\u2019appr\u00eatent \u00e0 leur tour \u00e0 \u00eatre d\u00e9truites au d\u00e9but de l\u2019ann\u00e9e 2026.<\/p>\n<p class=\" wall-content\">Situ\u00e9es sur le plateau des Minguettes, \u00e0 <a href=\"https:\/\/actu.fr\/auvergne-rhone-alpes\/venissieux_69259\" target=\"_blank\" rel=\"noopener\">V\u00e9nissieux<\/a> dans la m\u00e9tropole de Lyon, ces habitations vou\u00e9es \u00e0 disparaitre dans le cadre du <strong>renouvellement urbain du quartier<\/strong> se vident petit \u00e0 petit de leurs habitants.\u00a0<\/p>\n<p class=\" wall-content\">Si la petite barre sonne d\u00e9j\u00e0 creux, les trois tours, elles, abritent encore de nombreuses familles, selon les derni\u00e8res informations du <a href=\"https:\/\/c.leprogres.fr\/societe\/2025\/10\/07\/transformation-des-minguettes-a-venissieux-ces-trois-tours-seront-demolies-en-debut-2026?at_content=photo&amp;at_term=leprogreslyon&amp;at_campaign=Twitter&amp;at_medium=Social&amp;at_source=nonli\" target=\"_blank\" rel=\"noopener\">Progr\u00e8s<\/a>.\u00a0<\/p>\n<p>Environ 130 logements vid\u00e9s sur plus de 170<\/p>\n<p class=\" wall-content\">Sur les plus de 170 logements que comptent les tours, il resterait environ <strong>une quarantaine d\u2019appartements<\/strong> habit\u00e9s par des r\u00e9sidents en attente d\u2019\u00eatre relog\u00e9s par <a href=\"https:\/\/actu.fr\/auvergne-rhone-alpes\/vernaison_69260\/pres-de-lyon-elle-habite-un-logement-moisi-son-bailleur-lui-offre-la-pire-des-solutions_62373770.html\" target=\"_blank\" rel=\"noopener\">Alliade Habitat<\/a>. Le bailleur social affirme n\u00e9anmoins que le plan de relogement, qui se d\u00e9roule \u00ab\u00a0sans difficult\u00e9s\u00a0\u00bb, devrait se terminer \u00e0 la fin de l\u2019ann\u00e9e 2025.<\/p>\n<p class=\" wall-content\">Une fois les b\u00e2timents d\u00e9truits, les terrains sur lesquels ils \u00e9taient \u00e9rig\u00e9s seront revendus par Alliade et ICF Habitat (propri\u00e9taire de la petite barre) \u00e0 la <a href=\"https:\/\/actu.fr\/tag\/grand-lyon\" target=\"_blank\" rel=\"noopener\">M\u00e9tropole de Lyon<\/a>. Mais les logements ne seront pas reconstruits.<\/p>\n<p class=\" wall-content\">Personnalisez votre actualit\u00e9 en ajoutant vos villes et m\u00e9dias en favori avec <a href=\"https:\/\/moncompte.actu.fr\" title=\"D\u00e9couvez Mon Actu\" rel=\"nofollow noopener\" data-trk=\"{&quot;cta&quot;:{&quot;action&quot;:&quot;https:\\\/\\\/moncompte.actu.fr&quot;,&quot;category&quot;:&quot;mon compte&quot;,&quot;from&quot;:&quot;article footer&quot;,&quot;name&quot;:&quot;Mon actu&quot;,&quot;type&quot;:&quot;cta&quot;}}\" target=\"_blank\">Mon Actu<\/a>.<\/p>\n","protected":false},"excerpt":{"rendered":"Par Ludivine Caporal Publi\u00e9 le 7 oct. 2025 \u00e0 10h59 Cinq ans pr\u00e8s la d\u00e9molition de la barre&hellip;\n","protected":false},"author":2,"featured_media":444763,"comment_status":"","ping_status":"","sticky":false,"template":"","format":"standard","meta":{"footnotes":""},"categories":[1889],"tags":[1111,11,2430,1777,674,1011,27,1116,1908,2428,12,25,104,2086],"class_list":{"0":"post-444762","1":"post","2":"type-post","3":"status-publish","4":"format-standard","5":"has-post-thumbnail","7":"category-lyon","8":"tag-actu","9":"tag-actualites","10":"tag-auvergne-rhone-alpes","11":"tag-eu","12":"tag-europe","13":"tag-fr","14":"tag-france","15":"tag-immobilier","16":"tag-logement","17":"tag-lyon","18":"tag-news","19":"tag-republique-francaise","20":"tag-societe","21":"tag-travaux"},"share_on_mastodon":{"url":"https:\/\/pubeurope.com\/@fr\/115332156332082280","error":""},"_links":{"self":[{"href":"https:\/\/www.europesays.com\/fr\/wp-json\/wp\/v2\/posts\/444762","targetHints":{"allow":["GET"]}}],"collection":[{"href":"https:\/\/www.europesays.com\/fr\/wp-json\/wp\/v2\/posts"}],"about":[{"href":"https:\/\/www.europesays.com\/fr\/wp-json\/wp\/v2\/types\/post"}],"author":[{"embeddable":true,"href":"https:\/\/www.europesays.com\/fr\/wp-json\/wp\/v2\/users\/2"}],"replies":[{"embeddable":true,"href":"https:\/\/www.europesays.com\/fr\/wp-json\/wp\/v2\/comments?post=444762"}],"version-history":[{"count":0,"href":"https:\/\/www.europesays.com\/fr\/wp-json\/wp\/v2\/posts\/444762\/revisions"}],"wp:featuredmedia":[{"embeddable":true,"href":"https:\/\/www.europesays.com\/fr\/wp-json\/wp\/v2\/media\/444763"}],"wp:attachment":[{"href":"https:\/\/www.europesays.com\/fr\/wp-json\/wp\/v2\/media?parent=444762"}],"wp:term":[{"taxonomy":"category","embeddable":true,"href":"https:\/\/www.europesays.com\/fr\/wp-json\/wp\/v2\/categories?post=444762"},{"taxonomy":"post_tag","embeddable":true,"href":"https:\/\/www.europesays.com\/fr\/wp-json\/wp\/v2\/tags?post=444762"}],"curies":[{"name":"wp","href":"https:\/\/api.w.org\/{rel}","templated":true}]}}