{"id":444770,"date":"2025-10-07T09:26:13","date_gmt":"2025-10-07T09:26:13","guid":{"rendered":"https:\/\/www.europesays.com\/fr\/444770\/"},"modified":"2025-10-07T09:26:13","modified_gmt":"2025-10-07T09:26:13","slug":"le-president-bresilien-lula-renoue-avec-donald-trump-apres-des-mois-de-tensions","status":"publish","type":"post","link":"https:\/\/www.europesays.com\/fr\/444770\/","title":{"rendered":"Le pr\u00e9sident br\u00e9silien Lula renoue avec Donald Trump apr\u00e8s des mois de tensions"},"content":{"rendered":"<p>                         <img loading=\"lazy\" decoding=\"async\" src=\"https:\/\/www.europesays.com\/fr\/wp-content\/uploads\/2025\/10\/f27a01a_ftp-import-images-1-kr5phq00v3nr-2025-09-26t163215z-1575263158-rc2qzga1h066-rtrmadp-3-brazil.jpeg\" alt=\"Le pr\u00e9sident br\u00e9silien, Luiz Inacio Lula da Silva, \u00e0 Brasilia, le 26\u00a0septembre 2025. \"   width=\"664\" height=\"443\"\/>    Le pr\u00e9sident br\u00e9silien, Luiz Inacio Lula da Silva, \u00e0 Brasilia, le 26\u00a0septembre 2025.  ADRIANO MACHADO \/ REUTERS                 <\/p>\n<p class=\"article__paragraph  \">Revenu au pouvoir en 2023, Luiz Inacio Lula da Silva vit sans doute la meilleure s\u00e9quence de son troisi\u00e8me mandat \u00e0 la t\u00eate du Br\u00e9sil. Le pr\u00e9sident de gauche a encha\u00een\u00e9 ces derniers temps les succ\u00e8s politiques, \u00e9conomiques et diplomatiques. Le dernier en date est intervenu lundi 6\u00a0octobre, lors de<strong> <\/strong>sa premi\u00e8re conversation<strong> <\/strong>avec son homologue am\u00e9ricain, Donald Trump, depuis le retour de celui-ci \u00e0 la Maison Blanche.<\/p>\n<p class=\"article__paragraph  \">L\u2019entretien par visioconf\u00e9rence, d\u2019une dur\u00e9e de trente minutes, a eu lieu dans une ambiance d\u00e9crite comme cordiale et m\u00eame chaleureuse. \u00ab\u00a0J\u2019y vois une occasion de renouer des liens amicaux (\u2026) entre les deux plus grandes d\u00e9mocraties occidentales\u00a0\u00bb, s\u2019est r\u00e9joui Lula sur le r\u00e9seau social X, peu de temps apr\u00e8s l\u2019appel. Cette issue positive \u00e9tait loin d\u2019\u00eatre acquise, au vu des tensions accumul\u00e9es entre ces deux hommes de 79\u00a0ans, aux positions diam\u00e9tralement oppos\u00e9es.<\/p>\n<p class=\"article__paragraph  \">Au mois de juillet, <a href=\"https:\/\/www.lemonde.fr\/economie\/article\/2025\/08\/06\/guerre-commerciale-le-bresil-durement-touche-par-la-surtaxe-douaniere-americaine-de-50_6627116_3234.html\" rel=\"nofollow noopener\" target=\"_blank\">Donald Trump avait d\u00e9clench\u00e9 l\u2019ire de Lula en frappant le Br\u00e9sil d\u2019une surtaxe douani\u00e8re de 50\u00a0%<\/a> \u00e0 partir du mois d\u2019ao\u00fbt. \u00ab\u00a0Nous ne sommes pas dispos\u00e9s \u00e0 \u00eatre trait\u00e9s comme si nous \u00e9tions des subalternes\u00a0!\u00a0\u00bb, tonnait-il, le 26\u00a0ao\u00fbt, entour\u00e9 de ses ministres, tous coiff\u00e9s comme lui d\u2019une casquette \u00ab\u00a0Le Br\u00e9sil appartient aux Br\u00e9siliens\u00a0\u00bb.<\/p>\n<p class=\"reading-mode-only \"><strong>Il vous reste 81.8% de cet article \u00e0 lire. La suite est r\u00e9serv\u00e9e aux abonn\u00e9s.<\/strong><\/p>\n","protected":false},"excerpt":{"rendered":"Le pr\u00e9sident br\u00e9silien, Luiz Inacio Lula da Silva, \u00e0 Brasilia, le 26\u00a0septembre 2025. ADRIANO MACHADO \/ REUTERS Revenu&hellip;\n","protected":false},"author":2,"featured_media":444771,"comment_status":"","ping_status":"","sticky":false,"template":"","format":"standard","meta":{"footnotes":""},"categories":[1888],"tags":[1111,1928,11,1927,1777,674,1011,27,12,1926,626,1925,25],"class_list":{"0":"post-444770","1":"post","2":"type-post","3":"status-publish","4":"format-standard","5":"has-post-thumbnail","7":"category-paris","8":"tag-actu","9":"tag-actu-paris","10":"tag-actualites","11":"tag-actualites-paris","12":"tag-eu","13":"tag-europe","14":"tag-fr","15":"tag-france","16":"tag-news","17":"tag-news-paris","18":"tag-paris","19":"tag-paris-news","20":"tag-republique-francaise"},"share_on_mastodon":{"url":"https:\/\/pubeurope.com\/@fr\/115332172872087295","error":""},"_links":{"self":[{"href":"https:\/\/www.europesays.com\/fr\/wp-json\/wp\/v2\/posts\/444770","targetHints":{"allow":["GET"]}}],"collection":[{"href":"https:\/\/www.europesays.com\/fr\/wp-json\/wp\/v2\/posts"}],"about":[{"href":"https:\/\/www.europesays.com\/fr\/wp-json\/wp\/v2\/types\/post"}],"author":[{"embeddable":true,"href":"https:\/\/www.europesays.com\/fr\/wp-json\/wp\/v2\/users\/2"}],"replies":[{"embeddable":true,"href":"https:\/\/www.europesays.com\/fr\/wp-json\/wp\/v2\/comments?post=444770"}],"version-history":[{"count":0,"href":"https:\/\/www.europesays.com\/fr\/wp-json\/wp\/v2\/posts\/444770\/revisions"}],"wp:featuredmedia":[{"embeddable":true,"href":"https:\/\/www.europesays.com\/fr\/wp-json\/wp\/v2\/media\/444771"}],"wp:attachment":[{"href":"https:\/\/www.europesays.com\/fr\/wp-json\/wp\/v2\/media?parent=444770"}],"wp:term":[{"taxonomy":"category","embeddable":true,"href":"https:\/\/www.europesays.com\/fr\/wp-json\/wp\/v2\/categories?post=444770"},{"taxonomy":"post_tag","embeddable":true,"href":"https:\/\/www.europesays.com\/fr\/wp-json\/wp\/v2\/tags?post=444770"}],"curies":[{"name":"wp","href":"https:\/\/api.w.org\/{rel}","templated":true}]}}