{"id":444781,"date":"2025-10-07T09:32:12","date_gmt":"2025-10-07T09:32:12","guid":{"rendered":"https:\/\/www.europesays.com\/fr\/444781\/"},"modified":"2025-10-07T09:32:12","modified_gmt":"2025-10-07T09:32:12","slug":"trump-annonce-que-les-poids-lourds-importes-seront-taxes-a-25","status":"publish","type":"post","link":"https:\/\/www.europesays.com\/fr\/444781\/","title":{"rendered":"Trump annonce que les poids lourds import\u00e9s seront tax\u00e9s \u00e0 25%"},"content":{"rendered":"<p dir=\"ltr\" id=\"myModalLabel\">\u00ab\u00a0\u00c0 compter du 1er novembre 2025, tous les camions moyens et lourds entrant aux \u00c9tats-Unis en provenance d&rsquo;autres pays seront soumis \u00e0 une taxe de 25 %\u00a0\u00bb, a \u00e9crit le locataire de la Maison Blanche sur sa plateforme Truth Social.<\/p>\n<p>La mesure, prise pour des questions de \u00ab\u00a0s\u00e9curit\u00e9 nationale\u00a0\u00bb, doit soutenir les fabricants am\u00e9ricains de camions tels que Peterbilt, Kenworth, Freightliner ou Mack Trucks.<\/p>\n<p>Trump avait annonc\u00e9 le 26 septembre son intention d&rsquo;imposer des droits de douane sur plusieurs secteurs, dont les m\u00e9dicaments, les meubles et les poids lourds.<\/p>\n<p>Le pr\u00e9sident am\u00e9ricain a lanc\u00e9 une offensive protectionniste tous azimuts, passant en particulier par des droits de douanes impos\u00e9s en fonction du pays ou de la zone d&rsquo;origine des marchandises.<\/p>\n<p>En parall\u00e8le, Donald Trump a impos\u00e9 des droits de douane sectoriels, qui touchent \u00e9galement les automobiles, l&rsquo;acier, l&rsquo;aluminium ou encore le cuivre.<\/p>\n<p>Il reste toutefois \u00e0 savoir comment ces droits de douane sur les camions s&rsquo;accorderont avec certains accords commerciaux existant, notamment celui liant les Etats-Unis au Canada et au Mexique, ou encore celui annonc\u00e9 cet \u00e9t\u00e9 avec l&rsquo;Union europ\u00e9enne.<\/p>\n<p dir=\"ltr\">\u00a0<\/p>\n<p dir=\"ltr\">\u00a0<\/p>\n<p dir=\"ltr\">\u00a0<\/p>\n","protected":false},"excerpt":{"rendered":"\u00ab\u00a0\u00c0 compter du 1er novembre 2025, tous les camions moyens et lourds entrant aux \u00c9tats-Unis en provenance d&rsquo;autres&hellip;\n","protected":false},"author":2,"featured_media":444782,"comment_status":"","ping_status":"","sticky":false,"template":"","format":"standard","meta":{"footnotes":""},"categories":[1589],"tags":[11,73,1866,12,57100,1864,1865,1863,308,57099],"class_list":{"0":"post-444781","1":"post","2":"type-post","3":"status-publish","4":"format-standard","5":"has-post-thumbnail","7":"category-etats-unis","8":"tag-actualites","9":"tag-etats-unis","10":"tag-etats-unis-damerique","11":"tag-news","12":"tag-poids-lourds-importes-aux-etats-unis","13":"tag-united-states","14":"tag-united-states-of-america","15":"tag-us","16":"tag-usa","17":"tag-usa-trump-douane"},"share_on_mastodon":{"url":"https:\/\/pubeurope.com\/@fr\/115332195651852153","error":""},"_links":{"self":[{"href":"https:\/\/www.europesays.com\/fr\/wp-json\/wp\/v2\/posts\/444781","targetHints":{"allow":["GET"]}}],"collection":[{"href":"https:\/\/www.europesays.com\/fr\/wp-json\/wp\/v2\/posts"}],"about":[{"href":"https:\/\/www.europesays.com\/fr\/wp-json\/wp\/v2\/types\/post"}],"author":[{"embeddable":true,"href":"https:\/\/www.europesays.com\/fr\/wp-json\/wp\/v2\/users\/2"}],"replies":[{"embeddable":true,"href":"https:\/\/www.europesays.com\/fr\/wp-json\/wp\/v2\/comments?post=444781"}],"version-history":[{"count":0,"href":"https:\/\/www.europesays.com\/fr\/wp-json\/wp\/v2\/posts\/444781\/revisions"}],"wp:featuredmedia":[{"embeddable":true,"href":"https:\/\/www.europesays.com\/fr\/wp-json\/wp\/v2\/media\/444782"}],"wp:attachment":[{"href":"https:\/\/www.europesays.com\/fr\/wp-json\/wp\/v2\/media?parent=444781"}],"wp:term":[{"taxonomy":"category","embeddable":true,"href":"https:\/\/www.europesays.com\/fr\/wp-json\/wp\/v2\/categories?post=444781"},{"taxonomy":"post_tag","embeddable":true,"href":"https:\/\/www.europesays.com\/fr\/wp-json\/wp\/v2\/tags?post=444781"}],"curies":[{"name":"wp","href":"https:\/\/api.w.org\/{rel}","templated":true}]}}