{"id":444799,"date":"2025-10-07T09:45:18","date_gmt":"2025-10-07T09:45:18","guid":{"rendered":"https:\/\/www.europesays.com\/fr\/444799\/"},"modified":"2025-10-07T09:45:18","modified_gmt":"2025-10-07T09:45:18","slug":"une-nouvelle-voie-se-dessine-pour-oliveira-un-double-contrat-bmw-aprilia","status":"publish","type":"post","link":"https:\/\/www.europesays.com\/fr\/444799\/","title":{"rendered":"Une nouvelle voie se dessine pour Oliveira : un double contrat BMW-Aprilia"},"content":{"rendered":"<p>Et si <a href=\"https:\/\/fr.motorsport.com\/driver\/miguel-oliveira\/109382\/\" target=\"_blank\" rel=\"noopener nofollow\">Miguel Oliveira<\/a> n&rsquo;en avait pas totalement termin\u00e9 avec le MotoGP\u00a0?\u00a0Une nouvelle perspective semble en effet se dessiner pour le pilote portugais, qui le verrait courir pour BMW en WorldSBK et \u00eatre dans le m\u00eame temps pilote essayeur Aprilia en Grand Prix.<\/p>\n<p>Son d\u00e9part vers le Superbike s&rsquo;est fait contraint et forc\u00e9, <a href=\"https:\/\/fr.motorsport.com\/driver\/toprak-razgatlioglu\/178502\/\" rel=\"nofollow noopener\" target=\"_blank\">Toprak Razgatlioglu<\/a> ayant \u00e9t\u00e9 recrut\u00e9 \u00e0 sa place dans le team Pramac Racing pour la saison prochaine. Faute de place ailleurs et alors qu&rsquo;\u00e0 30 ans, il n&rsquo;est pas pr\u00eat pour la retraite, <a href=\"https:\/\/fr.motorsport.com\/wsbk\/news\/miguel-oliveira-rejoint-worldsbk-bmw-2026\/10763576\/\" target=\"_self\" rel=\"noopener nofollow\">Miguel Oliveira a trouv\u00e9 refuge dans le programme BMW en WorldSBK<\/a>, o\u00f9 il remplacera pr\u00e9cis\u00e9ment le Turc, aujourd&rsquo;hui en t\u00eate du championnat.<\/p>\n<p>\u00ab\u00a0Je suis vraiment motiv\u00e9 car c&rsquo;est un grand changement dans ma carri\u00e8re, m\u00eame si je suis \u00e9videmment un peu triste de partir. Je ne veux pas dire au revoir, mais plut\u00f4t \u00e0 bient\u00f4t\u00a0!\u00a0\u00bb, assurait Oliveira en annon\u00e7ant la nouvelle, questionn\u00e9 au d\u00e9but du week-end indon\u00e9sien par le site officiel du MotoGP.<\/p>\n<p>Lire aussi :<\/p>\n<p>Et ce qui justifiait cette porte laiss\u00e9e ouverte, c&rsquo;est donc la proposition d&rsquo;Aprilia de le recruter en tant que pilote essayeur pour son programme MotoGP. \u00ab\u00a0Exactement, c&rsquo;est pour \u00e7a que je ne veux pas encore dire au revoir\u00a0\u00bb, a alors confirm\u00e9 Oliveira, \u00ab\u00a0parce qu&rsquo;il y a cette petite chance, peut-\u00eatre lointaine, mais qui sait ce qu&rsquo;il est possible de faire en termes de calendrier\u00a0?\u00a0\u00bb<\/p>\n<p>\u00ab\u00a0Je pense que [ce serait] une \u00e9norme am\u00e9lioration pour moi en tant que pilote de rester en contact avec le MotoGP. Je pense que \u00e7a peut vraiment m&rsquo;aider \u00e0 rester en forme pour le WorldSBK. M\u00eame si c&rsquo;est une moto diff\u00e9rente, elle offre beaucoup d&rsquo;outils et de capacit\u00e9s qui peuvent \u00eatre d\u00e9velopp\u00e9s pour la saison en cours et dont il est possible de tirer profit. Alors, oui, qui sait\u00a0?\u00a0\u00bb<\/p>\n<p>En fin de week-end, Massimo Rivola a confirm\u00e9 du bout des l\u00e8vres que cette hypoth\u00e8se \u00e9tait bel et bien concr\u00e8te. \u00ab\u00a0Si vous me parlez de Miguel Oliveira, s&rsquo;il y a une possibilit\u00e9 alors nous la saisirons peut-\u00eatre. Mais pour le moment, je ne sais pas\u00a0\u00bb, a fait savoir le PDG d&rsquo;Aprilia Racing, souriant mais pr\u00e9f\u00e9rant de toute \u00e9vidence ne pas trop en dire.<\/p>\n<p>Le besoin pour Aprilia de se renforcer<\/p>\n<p>Ce que Massimo Rivola a dans un coin de la t\u00eate, c&rsquo;est la n\u00e9cessit\u00e9 pour Aprilia de renforcer ses effectifs apr\u00e8s une saison qui a mis \u00e0 mal ses pilotes. En Indon\u00e9sie, deux des quatre titulaires \u00e9taient absents et <a href=\"https:\/\/fr.motorsport.com\/driver\/marco-bezzecchi\/441839\/\" target=\"_blank\" rel=\"noopener nofollow\">Marco Bezzecchi<\/a> tra\u00eenait lui-m\u00eame des douleurs au dos avant de chuter encore lourdement dimanche.<\/p>\n<p>Questionn\u00e9 pour savoir si Aprilia aurait besoin d&rsquo;un pilote de plus pour pallier les absences, Massimo Rivola a r\u00e9pondu\u00a0:\u00a0\u00ab\u00a0Je pr\u00e9f\u00e9rerais qu&rsquo;on ait un peu plus de chance avec les chutes, mais si la statistique est celle-l\u00e0, alors nous aurions peut-\u00eatre besoin de quelqu\u2019un ! [rires] Par exemple, cette ann\u00e9e, je ne veux pas dire que Sava n&rsquo;a fait aucun test, il en a fait, mais il a couru.\u00a0\u00bb<\/p>\n<p>   <img decoding=\"async\" draggable=\"false\" src=\"https:\/\/www.europesays.com\/fr\/wp-content\/uploads\/2025\/08\/toprak-razgatlioglu-bmw-motorr.jpg\" alt=\"Miguel Oliveira remplacera bient\u00f4t Toprak Razgatlioglu chez BMW en WorldSBK.\" width=\"1200\" height=\"800\" loading=\"lazy\"\/> <\/p>\n<p class=\"title\">Miguel Oliveira remplacera bient\u00f4t Toprak Razgatlioglu chez BMW en WorldSBK.<\/p>\n<p class=\"photographer\">Photo de: Gold and Goose<\/p>\n<p>Pour que Miguel Oliveira rejoigne <a href=\"https:\/\/fr.motorsport.com\/driver\/lorenzo-savadori\/408147\/\" target=\"_blank\" rel=\"noopener nofollow\">Lorenzo Savadori<\/a> dans l&rsquo;\u00e9quipe test d&rsquo;Aprilia, il faudrait n\u00e9anmoins trouver un accord contractuel qui soit valid\u00e9 par BMW, son futur employeur en WorldSBK. \u00ab\u00a0\u00c9tant donn\u00e9 qu&rsquo;il a sign\u00e9 avec BMW, il faudrait d&rsquo;abord poser la question \u00e0 BMW. En ce qui nous concerne, nous verrons\u00a0\u00bb, a soulign\u00e9 Massimo Rivola.<\/p>\n<p>Quant au pilote portugais, lorsqu&rsquo;il lui a \u00e9t\u00e9 rapport\u00e9 que le patron d&rsquo;Aprilia Racing aimerait qu&rsquo;il se partage entre un r\u00f4le de pilote d&rsquo;essais MotoGP et un contrat de course avec BMW, il a opin\u00e9\u00a0:\u00a0\u00ab\u00a0On est sur la m\u00eame longueur d&rsquo;ondes.\u00a0\u00bb<\/p>\n<p>\u00ab\u00a0Pour moi, c&rsquo;est une option\u00a0\u00bb, a ajout\u00e9 Oliveira. \u00ab\u00a0Il faudrait bien s\u00fbr voir \u00e7a avec BMW d&rsquo;abord. La priorit\u00e9 est de courir, \u00e9videmment, mais en ce qui concerne la mani\u00e8re dont les choses pourraient se faire, en termes de calendrier\u2026 Je comprendrais aussi qu&rsquo;Aprilia veuille tirer pleinement avantage de ma pr\u00e9sence pour que je teste leur moto, au lieu que j&rsquo;enfourche la moto de temps en temps, dans mon temps libre, donc \u00e7a n&rsquo;est pas facile d&rsquo;en arriver \u00e0 un agenda qui convienne \u00e0 tout le monde.\u00a0\u00bb<\/p>\n<p>Miguel Oliveira poss\u00e8de 15 ans d&rsquo;exp\u00e9rience dans les diff\u00e9rentes cat\u00e9gories des Grands Prix mondiaux, et notamment sept en MotoGP o\u00f9 il a couru pour trois marques diff\u00e9rentes. Il a fait partie de l&rsquo;\u00e9quipe satellite Aprilia durant deux ans, laissant un bon souvenir \u00e0 Davide Brivio.<\/p>\n<p>\u00ab\u00a0Nous avons travaill\u00e9 avec Miguel et il poss\u00e8de beaucoup de connaissances, une expertise et c&rsquo;est aussi un pilote sensible, alors il serait un tr\u00e8s bon pilote essayeur de ce point de vue-l\u00e0. Je serais donc tr\u00e8s heureux qu&rsquo;il nous rejoigne\u00a0\u00bb, a t\u00e9moign\u00e9 le directeur de l&rsquo;\u00e9quipe Trackhouse Racing dans le courant du week-end de Mandalika, laissant le soin au PDG d&rsquo;Aprilia Racing d&rsquo;en dire plus sur cette hypoth\u00e8se.<\/p>\n<p>Lire aussi :<\/p>\n<p>            Votre avis nous int\u00e9resse !<\/p>\n<p class=\"mt-auto\">Qu&rsquo;aimeriez-vous voir sur Motorsport.com ?<\/p>\n<p>            <a href=\"#\" class=\"ms-link text-link font-bold\">R\u00e9pondez \u00e0 notre enqu\u00eate de 5 minutes.<\/a><\/p>\n<p class=\"mt-1 font-info text-body\">&#8211; L&rsquo;\u00e9quipe Motorsport.com<\/p>\n","protected":false},"excerpt":{"rendered":"Et si Miguel Oliveira n&rsquo;en avait pas totalement termin\u00e9 avec le MotoGP\u00a0?\u00a0Une nouvelle perspective semble en effet se&hellip;\n","protected":false},"author":2,"featured_media":444800,"comment_status":"","ping_status":"","sticky":false,"template":"","format":"standard","meta":{"footnotes":""},"categories":[1413],"tags":[3563,1011,27,3594,1457,1456,1458,60,57102,11034],"class_list":{"0":"post-444799","1":"post","2":"type-post","3":"status-publish","4":"format-standard","5":"has-post-thumbnail","7":"category-moto","8":"tag-aprilia-racing-team","9":"tag-fr","10":"tag-france","11":"tag-miguel-oliveira","12":"tag-moto","13":"tag-motocycle","14":"tag-motogp","15":"tag-sports","16":"tag-une-nouvelle-voie-se-dessine-pour-oliveira-un-double-contrat-bmw-aprilia","17":"tag-worldsbk"},"share_on_mastodon":{"url":"https:\/\/pubeurope.com\/@fr\/115332247298371609","error":""},"_links":{"self":[{"href":"https:\/\/www.europesays.com\/fr\/wp-json\/wp\/v2\/posts\/444799","targetHints":{"allow":["GET"]}}],"collection":[{"href":"https:\/\/www.europesays.com\/fr\/wp-json\/wp\/v2\/posts"}],"about":[{"href":"https:\/\/www.europesays.com\/fr\/wp-json\/wp\/v2\/types\/post"}],"author":[{"embeddable":true,"href":"https:\/\/www.europesays.com\/fr\/wp-json\/wp\/v2\/users\/2"}],"replies":[{"embeddable":true,"href":"https:\/\/www.europesays.com\/fr\/wp-json\/wp\/v2\/comments?post=444799"}],"version-history":[{"count":0,"href":"https:\/\/www.europesays.com\/fr\/wp-json\/wp\/v2\/posts\/444799\/revisions"}],"wp:featuredmedia":[{"embeddable":true,"href":"https:\/\/www.europesays.com\/fr\/wp-json\/wp\/v2\/media\/444800"}],"wp:attachment":[{"href":"https:\/\/www.europesays.com\/fr\/wp-json\/wp\/v2\/media?parent=444799"}],"wp:term":[{"taxonomy":"category","embeddable":true,"href":"https:\/\/www.europesays.com\/fr\/wp-json\/wp\/v2\/categories?post=444799"},{"taxonomy":"post_tag","embeddable":true,"href":"https:\/\/www.europesays.com\/fr\/wp-json\/wp\/v2\/tags?post=444799"}],"curies":[{"name":"wp","href":"https:\/\/api.w.org\/{rel}","templated":true}]}}