{"id":444814,"date":"2025-10-07T09:58:40","date_gmt":"2025-10-07T09:58:40","guid":{"rendered":"https:\/\/www.europesays.com\/fr\/444814\/"},"modified":"2025-10-07T09:58:40","modified_gmt":"2025-10-07T09:58:40","slug":"prime-day-smartphones-tv-consoles-voici-les-vrais-deals-des-jours-flash-amazon-en-direct","status":"publish","type":"post","link":"https:\/\/www.europesays.com\/fr\/444814\/","title":{"rendered":"Prime Day : smartphones, TV, consoles\u2026 voici les vrais deals des Jours Flash Amazon (en direct)"},"content":{"rendered":"<p>Prime Day, Jours Flash Prime\u2026 peu importe le nom, c\u2019est le m\u00eame rendez-vous. Pendant deux jours seulement, les 7 et 8 octobre, Amazon r\u00e9serve \u00e0 ses abonn\u00e9s Prime des tonnes de promos exclusives. Et plut\u00f4t que de vous perdre dans des dizaines de pages de la marketplace, on vous propose ici, en direct, les vraies bonnes affaires d\u00e9j\u00e0 rep\u00e9r\u00e9es.<\/p>\n<p>Chaque ann\u00e9e, Amazon multiplie les rendez-vous commerciaux et en particulier pour ses abonn\u00e9s Prime. Apr\u00e8s les Prime Day de juillet, <a href=\"https:\/\/www.numerama.com\/tech\/532952-guide-amazon-jours-flash-prime-2025.html\" rel=\"nofollow noopener\" target=\"_blank\">place d\u00e9sormais aux Jours Flash Prime<\/a>, une version condens\u00e9e de deux jours seulement. Cette \u00e9dition automnale commence ce mardi 7 et fini le mercredi 8 octobre 2025, \u00e0 23 h 59. <\/p>\n<p>En 48 heures chrono, Amazon met en ligne de nombreux produits remis\u00e9s. Mais contrairement aux promotions classiques, ces r\u00e9ductions sont uniquement r\u00e9serv\u00e9es aux membres Prime. Si vous \u00eates d\u00e9j\u00e0 dans le club des \u00ab\u00a0privil\u00e9gi\u00e9s\u00a0\u00bb (et que vous chassez d\u00e9j\u00e0 les \u00e9conomies pour les cadeaux No\u00ebl), voici les offres qui valent vraiment le coup d\u2019\u0153il.<\/p>\n<p>Prime Day : les meilleures offres des Jours Flash Prime, en direct<\/p>\n<p>            mises \u00e0 jour disponibles<\/p>\n<p><a href=\"https:\/\/www.numerama.com\/wp-content\/uploads\/2025\/10\/sony-wf-1000xm5.jpg\" rel=\"nofollow noopener\" target=\"_blank\"><img decoding=\"async\" width=\"1024\" height=\"576\" loading=\"lazy\" alt=\"Sony WF-1000XM5\" title=\"Sony WF-1000XM5\" class=\"wp-image-2088761 placeholder-default wp-image\" src=\"https:\/\/www.europesays.com\/fr\/wp-content\/uploads\/2025\/10\/sony-wf-1000xm5-1024x576.jpg\" \/><\/a>Sony WF-1000XM5 \/\/ Source : Numerama<\/p>\n<p>Pendant les Jours Flash Prime sur Amazon, les <a href=\"https:\/\/www.numerama.com\/ecouteurs\/wf-1000xm5\/\" rel=\"nofollow noopener\" target=\"_blank\">Sony WF-1000XM5<\/a> passent de <a href=\"https:\/\/shop.numerama.com\/s050ad55\" target=\"_blank\" rel=\"noreferrer noopener sponsored nofollow\" data-gtm=\"{&quot;event&quot;:&quot;afficlic&quot;,&quot;nom_marchand&quot;:&quot;amazon_fr&quot;,&quot;nom_produit&quot;:&quot;inconnu&quot;,&quot;categorie_produit&quot;:&quot;inconnu&quot;,&quot;module_produit&quot;:&quot;editolink&quot;,&quot;position_marchand&quot;:0,&quot;texte&quot;:&quot;319-e-a-199-e&quot;,&quot;offer_url&quot;:&quot;https:\/\/shop.numerama.com\/s050ad55&quot;,&quot;zone&quot;:&quot;contenu-page&quot;}\">319 \u20ac \u00e0 199 \u20ac<\/a>. Ce mod\u00e8le corrige l\u2019un des reproches faits \u00e0 la g\u00e9n\u00e9ration pr\u00e9c\u00e9dente : le confort. Plus petits et plus l\u00e9gers, ils s\u2019oublient rapidement dans l\u2019oreille, tout en restant stables lors d\u2019une s\u00e9ance de course. <\/p>\n<p>C\u00f4t\u00e9 son, Sony reste fid\u00e8le \u00e0 sa r\u00e9putation : une restitution \u00e9quilibr\u00e9e, des graves propres, des m\u00e9diums clairs et un \u00e9galiseur pr\u00e9cis pour affiner \u00e0 sa guise. La r\u00e9duction de bruit, elle, fait le travail dans les transports, mais laisse un l\u00e9ger avantage aux mod\u00e8les de Bose ou Apple dans les environnements tr\u00e8s bruyants. L\u2019autonomie atteint 8 h par charge (24 h avec le bo\u00eetier), avec recharge sans fil en prime. C\u2019est une bonne affaire, m\u00eame si les WF-1000XM6 devraient bient\u00f4t prendre la rel\u00e8ve \u2014 mais ils seront sans doute bien plus chers.<\/p>\n<p><a href=\"https:\/\/www.numerama.com\/wp-content\/uploads\/2025\/10\/tv-philips-65pus7609.jpg\" rel=\"nofollow noopener\" target=\"_blank\"><img decoding=\"async\" width=\"1024\" height=\"576\" loading=\"lazy\" alt=\"TV PHILIPS 65PUS7609\" title=\"TV PHILIPS 65PUS7609\" class=\"wp-image-2089435 placeholder-default wp-image\" src=\"https:\/\/www.europesays.com\/fr\/wp-content\/uploads\/2025\/10\/tv-philips-65pus7609-1024x576.jpg\" \/><\/a>TV PHILIPS 65PUS7609 \/\/ Source : Numerama<\/p>\n<p>Le TV Philips 65PUS7609 passe \u00e0 <a href=\"https:\/\/shop.numerama.com\/kt0m74pg\" target=\"_blank\" rel=\"noreferrer noopener sponsored nofollow\" data-gtm=\"{&quot;event&quot;:&quot;afficlic&quot;,&quot;nom_marchand&quot;:&quot;amazon_fr&quot;,&quot;nom_produit&quot;:&quot;inconnu&quot;,&quot;categorie_produit&quot;:&quot;inconnu&quot;,&quot;module_produit&quot;:&quot;editolink&quot;,&quot;position_marchand&quot;:0,&quot;texte&quot;:&quot;349-e-au-lieu-de-549-e&quot;,&quot;offer_url&quot;:&quot;https:\/\/shop.numerama.com\/kt0m74pg&quot;,&quot;zone&quot;:&quot;contenu-page&quot;}\">349 \u20ac au lieu de 549 \u20ac<\/a> pendant les Jours Flash Prime. Sorti en 2024, ce t\u00e9l\u00e9viseur 65 pouces 4K UHD propose une image nette, un son avec Dolby Atmos et la compatibilit\u00e9 HDMI 2.1 avec une faible latence pour jouer confortablement sur une PS5, Xbox ou Switch. Il tourne sous Titan OS, qui centralise vos applis de streaming. Le tout en fait un excellent rapport qualit\u00e9-prix, m\u00eame si l\u2019absence d\u2019Ambilight (la signature lumineuse de Philips ) rappelle qu\u2019on est sur une gamme plus abordable.<\/p>\n<p><a href=\"https:\/\/www.numerama.com\/wp-content\/uploads\/2025\/10\/casque-bose-quietcomfort-sc.jpg\" rel=\"nofollow noopener\" target=\"_blank\"><img decoding=\"async\" width=\"1024\" height=\"576\" loading=\"lazy\" alt=\"Casque Bose QuietComfort SC\" title=\"Casque Bose QuietComfort SC\" class=\"wp-image-2089405 placeholder-default wp-image\" src=\"https:\/\/www.europesays.com\/fr\/wp-content\/uploads\/2025\/10\/casque-bose-quietcomfort-sc-1024x576.jpg\" \/><\/a>Casque Bose QuietComfort SC \/\/ Source : Numerama<\/p>\n<p>Pendant les Jours Flash Prime, le Bose QuietComfort Headphones passe \u00e0 <a href=\"https:\/\/shop.numerama.com\/yfbzi6tg\" target=\"_blank\" rel=\"noreferrer noopener sponsored nofollow\">179,95 \u20ac au lieu de 289,95 \u20ac<\/a>. On reste sur un classique : un confort qui permet de le garder des heures, une r\u00e9duction de bruit parmi les meilleures, et un son g\u00e9n\u00e9reux, surtout en basse sans pour autant \u00eatre mal \u00e9quilibr\u00e9. Son autonomie est de 24 h, de quoi assurer les longs trajets.<\/p>\n<p><a href=\"https:\/\/www.numerama.com\/wp-content\/uploads\/2025\/10\/lenovo-legion-go-s.jpg\" rel=\"nofollow noopener\" target=\"_blank\"><img decoding=\"async\" width=\"1024\" height=\"576\" loading=\"lazy\" alt=\"Lenovo Legion Go S\" title=\"Lenovo Legion Go S\" class=\"wp-image-2089077 placeholder-default wp-image\" src=\"https:\/\/www.europesays.com\/fr\/wp-content\/uploads\/2025\/10\/lenovo-legion-go-s-1024x576.jpg\" \/><\/a>Lenovo Legion Go S \/\/ Source : Numerama<\/p>\n<p>C\u2019est assez rare de voir une console portable Windows tomber sous la barre des 500 \u20ac. La Lenovo Legion Go S passe <a href=\"https:\/\/shop.numerama.com\/0nvq3ulc\" target=\"_blank\" rel=\"noreferrer noopener sponsored nofollow\" data-gtm=\"{&quot;event&quot;:&quot;afficlic&quot;,&quot;nom_marchand&quot;:&quot;amazon_fr&quot;,&quot;nom_produit&quot;:&quot;inconnu&quot;,&quot;categorie_produit&quot;:&quot;inconnu&quot;,&quot;module_produit&quot;:&quot;editolink&quot;,&quot;position_marchand&quot;:0,&quot;texte&quot;:&quot;a-489-e&quot;,&quot;offer_url&quot;:&quot;https:\/\/shop.numerama.com\/0nvq3ulc&quot;,&quot;zone&quot;:&quot;contenu-page&quot;}\">\u00e0 489 \u20ac<\/a> au lieu de 629 \u20ac sur Amazon pendant les Jours Flash Prime. <a target=\"_blank\" href=\"https:\/\/www.frandroid.com\/marques\/lenovo\/2517979_test-de-la-lenovo-legion-go-s-windows-que-vaut-le-zen-2-go\" rel=\"nofollow noopener\">Ce mod\u00e8le reprend l\u2019ADN de la Legion Go classique<\/a> \u2014 un grand \u00e9cran lumineux de 8 pouces, une ergonomie robuste et confortable \u2014 mais en version all\u00e9g\u00e9e. Les manettes ne se d\u00e9tachent plus, ce qui fait baisser le poids \u00e0 730 g et rend l\u2019ensemble plus agr\u00e9able en main. <\/p>\n<p>On retrouve aussi quelques trouvailles bien pens\u00e9es, comme les g\u00e2chettes \u00e0 double mode (analogiques ou num\u00e9riques selon les besoins) et un petit pav\u00e9 tactile sous le stick droit. C\u00f4t\u00e9 technique, la Legion Go S mise sur la puce AMD Zen 2 Go, moins puissante que les Z1 Extreme des consoles concurrentes (comme la ROG Ally), mais suffisante pour du jeu avec des param\u00e8tres raisonnables en 1080p avec FSR. Son autonomie reste dans la moyenne : entre 1 h 30 en mode performance et 3 h en mode \u00e9co.<\/p>\n<p><a href=\"https:\/\/www.numerama.com\/wp-content\/uploads\/2025\/10\/apple-mac-mini-m4.jpg\" rel=\"nofollow noopener\" target=\"_blank\"><img decoding=\"async\" width=\"1024\" height=\"576\" loading=\"lazy\" alt=\"Apple Mac Mini M4\" title=\"Apple Mac Mini M4\" class=\"wp-image-2088765 placeholder-default wp-image\" src=\"https:\/\/www.europesays.com\/fr\/wp-content\/uploads\/2025\/10\/apple-mac-mini-m4-1024x576.jpg\" \/><\/a>Apple Mac Mini M4 \/\/ Source : Numerama<\/p>\n<p>En promo \u00e0 <a href=\"https:\/\/shop.numerama.com\/k6eoy9mk\" target=\"_blank\" rel=\"noreferrer noopener sponsored nofollow\" data-gtm=\"{&quot;event&quot;:&quot;afficlic&quot;,&quot;nom_marchand&quot;:&quot;amazon_fr&quot;,&quot;nom_produit&quot;:&quot;inconnu&quot;,&quot;categorie_produit&quot;:&quot;inconnu&quot;,&quot;module_produit&quot;:&quot;editolink&quot;,&quot;position_marchand&quot;:0,&quot;texte&quot;:&quot;585-e-au-lieu-de-699-e&quot;,&quot;offer_url&quot;:&quot;https:\/\/shop.numerama.com\/k6eoy9mk&quot;,&quot;zone&quot;:&quot;contenu-page&quot;}\">585 \u20ac au lieu de 699 \u20ac<\/a> pendant les Jours Flash Prime sur Amazon, le <a href=\"https:\/\/www.numerama.com\/tech\/1838866-test-du-mac-mini-m4-le-mac-baby-est-definitivement-le-meilleur-rapport-puissance-prix-dapple.html\" rel=\"nofollow noopener\" target=\"_blank\">Mac Mini M4<\/a> est la fa\u00e7on la plus abordable d\u2019acc\u00e9der \u00e0 la nouvelle puce Apple Silicon. Ultra-compact, on pourrait presque le glisser dans un sac comme un MacBook\u2026 \u00e0 condition d\u2019avoir un \u00e9cran \u00e0 disposition. Silencieux, efficace et tr\u00e8s performant en bureautique comme en cr\u00e9ation, c\u2019est le meilleur rapport puissance\/prix de la gamme Mac.<\/p>\n<p><a href=\"https:\/\/www.numerama.com\/wp-content\/uploads\/2025\/10\/nothing-phone-3.jpg\" rel=\"nofollow noopener\" target=\"_blank\"><img decoding=\"async\" width=\"1024\" height=\"576\" loading=\"lazy\" alt=\"Nothing Phone (3)\" title=\"Nothing Phone (3)\" class=\"wp-image-2089053 placeholder-default wp-image\" src=\"https:\/\/www.europesays.com\/fr\/wp-content\/uploads\/2025\/10\/nothing-phone-3-1024x576.jpg\" \/><\/a>Nothing Phone (3) \/\/ Source : Numerama<\/p>\n<p>Le premier smartphone haut de gamme de Nothing se rapproche maintenant d\u2019un tarif milieu de gamme gr\u00e2ce aux Jours Flash Prime. Initialement vendu 849 \u20ac, le <a href=\"https:\/\/www.numerama.com\/smartphones\/phone-3\/\" rel=\"nofollow noopener\" target=\"_blank\">Nothing Phone (3)<\/a> tombe <a href=\"https:\/\/shop.numerama.com\/1yx8xgwh\" target=\"_blank\" rel=\"noreferrer noopener sponsored nofollow\">\u00e0 699 \u20ac<\/a> sur Amazon. <\/p>\n<p>Avec son design transparent reconnaissable entre mille, il embarque tout ce que l\u2019on attend d\u2019un smartphone de cette gamme. L\u2019\u00e9cran AMOLED 120 Hz est fluide et bien calibr\u00e9, la puce Snapdragon 8s Gen 4 assure des performances solides, et le triple capteur 50 Mpx livre des clich\u00e9s convaincants, m\u00eame si l\u2019ultra grand-angle reste perfectible. L\u2019autonomie tient la journ\u00e9e et la charge rapide 65 W fait le reste.<\/p>\n<p><a href=\"https:\/\/www.numerama.com\/wp-content\/uploads\/2025\/10\/airpods-4-avec-anc.jpg\" rel=\"nofollow noopener\" target=\"_blank\"><img decoding=\"async\" width=\"1024\" height=\"576\" loading=\"lazy\" alt=\"AirPods 4 avec ANC\" title=\"AirPods 4 avec ANC\" class=\"wp-image-2088747 placeholder-default wp-image\" src=\"https:\/\/www.europesays.com\/fr\/wp-content\/uploads\/2025\/10\/airpods-4-avec-anc-1024x576.jpg\" \/><\/a>AirPods 4 avec ANC \/\/ Source : Numerama<\/p>\n<p>Affich\u00e9 <a href=\"https:\/\/shop.numerama.com\/n4oic7xk\" target=\"_blank\" rel=\"noreferrer noopener sponsored nofollow\">\u00e0 169 \u20ac<\/a> au lieu de 199 \u20ac, les AirPods 4 sont la meilleure option pour ceux qui n\u2019aiment pas les intra. Apple r\u00e9ussit un pari : int\u00e9grer une r\u00e9duction de bruit active dans un format ouvert. L\u2019ANC n\u2019atteint pas le niveau des Pro 2 ou 3, mais suffit pour masquer le bruit d\u2019un train ou d\u2019une salle de sport. Le rendu sonore est bon gr\u00e2ce \u00e0 la puce H2, la m\u00eame pr\u00e9sente sur les mod\u00e8les haut de gamme. L\u2019autonomie un peu courte, elle plafonne \u00e0 4 h avec ANC (30 h avec le bo\u00eetier) et les tiges ne g\u00e8rent pas le volume, mais \u00e0 ce prix, c\u2019est une r\u00e9f\u00e9rence pour les celles et ceux qui sont allergiques aux embouts.<\/p>\n<p>La version sans r\u00e9duction de bruit active est \u00e9galement en promotion <a href=\"https:\/\/shop.numerama.com\/h9un5jbv\" target=\"_blank\" rel=\"noreferrer noopener sponsored nofollow\" data-gtm=\"{&quot;event&quot;:&quot;afficlic&quot;,&quot;nom_marchand&quot;:&quot;amazon_fr&quot;,&quot;nom_produit&quot;:&quot;inconnu&quot;,&quot;categorie_produit&quot;:&quot;inconnu&quot;,&quot;module_produit&quot;:&quot;editolink&quot;,&quot;position_marchand&quot;:0,&quot;texte&quot;:&quot;a-113-e&quot;,&quot;offer_url&quot;:&quot;https:\/\/shop.numerama.com\/h9un5jbv&quot;,&quot;zone&quot;:&quot;contenu-page&quot;}\">\u00e0 113 \u20ac<\/a> au lieu de 149 \u20ac si ce n\u2019est pas forc\u00e9ment un crit\u00e8re essentiel pour vous.<\/p>\n<p><a href=\"https:\/\/www.numerama.com\/wp-content\/uploads\/2025\/10\/evo-plus.jpg\" rel=\"nofollow noopener\" target=\"_blank\"><img decoding=\"async\" width=\"1024\" height=\"576\" loading=\"lazy\" alt=\"SSD Samsung EVO Plus (2 T o)\" title=\"SSD Samsung EVO Plus (2 T o)\" class=\"wp-image-2089237 placeholder-default wp-image\" src=\"https:\/\/www.europesays.com\/fr\/wp-content\/uploads\/2025\/10\/evo-plus-1024x576.jpg\" \/><\/a>SSD Samsung EVO Plus (2 T o) \/\/ Source : Numerama<\/p>\n<p>C\u2019est une belle opportunit\u00e9 si vous cherchez \u00e0 booster le stockage de votre PS5 ou votre PC sans vous ruiner. Le Samsung 990 EVO Plus en version 2 To tombe \u00e0 <a href=\"https:\/\/shop.numerama.com\/zm46k2ir\" target=\"_blank\" rel=\"noreferrer noopener sponsored nofollow\" data-gtm=\"{&quot;event&quot;:&quot;afficlic&quot;,&quot;nom_marchand&quot;:&quot;amazon_fr&quot;,&quot;nom_produit&quot;:&quot;inconnu&quot;,&quot;categorie_produit&quot;:&quot;inconnu&quot;,&quot;module_produit&quot;:&quot;editolink&quot;,&quot;position_marchand&quot;:0,&quot;texte&quot;:&quot;109-99-e-sur-amazon-contre-127-99-e&quot;,&quot;offer_url&quot;:&quot;https:\/\/shop.numerama.com\/zm46k2ir&quot;,&quot;zone&quot;:&quot;contenu-page&quot;}\">109,99 \u20ac sur Amazon, contre 127,99 \u20ac<\/a> habituellement. Compatible PCIe 4.0 x4 comme PCIe 5.0 x2, ce SSD NVMe assure jusqu\u2019\u00e0 7 250 Mo\/s en lecture, de quoi r\u00e9duire aussi drastiquement les temps de chargement, que ce soit en jeu ou pour vos usages plus classiques.<\/p>\n<p><a href=\"https:\/\/www.numerama.com\/wp-content\/uploads\/2025\/10\/segway-ninebot-f2-pro-e-ii.jpg\" rel=\"nofollow noopener\" target=\"_blank\"><img decoding=\"async\" width=\"1024\" height=\"576\" loading=\"lazy\" alt=\"Segway-Ninebot F2 Pro E II\" title=\"Segway-Ninebot F2 Pro E II\" class=\"wp-image-2089177 placeholder-default wp-image\" src=\"https:\/\/www.europesays.com\/fr\/wp-content\/uploads\/2025\/10\/segway-ninebot-f2-pro-e-ii-1024x576.jpg\" \/><\/a>Segway-Ninebot F2 Pro E II \/\/ Source : Numerama<\/p>\n<p>La Segway Ninebot F2 Pro E II passe \u00e0 <a href=\"https:\/\/shop.numerama.com\/961yohrt\" target=\"_blank\" rel=\"noreferrer noopener sponsored nofollow\">474,95 \u20ac au lieu de 529 \u20ac<\/a> sur Amazon. C\u2019est une trottinette robuste et bien \u00e9quip\u00e9e. Ses roues de 10 pouces et sa suspension avant \u00e0 double ressort att\u00e9nuent bien les chocs, tandis que le moteur de 900 W permet d\u2019atteindre sans peine les 25 km\/h et de grimper des c\u00f4tes jusqu\u2019\u00e0 22 %. Avec une autonomie qui peut grimper jusqu\u2019\u00e0 65 km, elle convient aussi bien aux trajets quotidiens qu\u2019aux balades plus longues du week-end, m\u00eame si la consommation varie \u00e9videmment selon la vitesse et le relief.<\/p>\n<p><a href=\"https:\/\/www.numerama.com\/wp-content\/uploads\/2025\/10\/samsung-galaxy-tab-s9-fe.jpg\" rel=\"nofollow noopener\" target=\"_blank\"><img decoding=\"async\" width=\"1024\" height=\"576\" loading=\"lazy\" alt=\"Samsung Galaxy Tab S9 FE\" title=\"Samsung Galaxy Tab S9 FE\" class=\"wp-image-2089159 placeholder-default wp-image\" src=\"https:\/\/www.europesays.com\/fr\/wp-content\/uploads\/2025\/10\/samsung-galaxy-tab-s9-fe-1024x576.jpg\" \/><\/a>Samsung Galaxy Tab S9 FE \/\/ Source : Numerama<\/p>\n<p>Samsung Galaxy Tab S9 FE tombe \u00e0 <a href=\"https:\/\/shop.numerama.com\/703ttswr\" target=\"_blank\" rel=\"noreferrer noopener sponsored nofollow\" data-gtm=\"{&quot;event&quot;:&quot;afficlic&quot;,&quot;nom_marchand&quot;:&quot;amazon_fr&quot;,&quot;nom_produit&quot;:&quot;inconnu&quot;,&quot;categorie_produit&quot;:&quot;inconnu&quot;,&quot;module_produit&quot;:&quot;editolink&quot;,&quot;position_marchand&quot;:0,&quot;texte&quot;:&quot;299-e-au-lieu-de-649-e&quot;,&quot;offer_url&quot;:&quot;https:\/\/shop.numerama.com\/703ttswr&quot;,&quot;zone&quot;:&quot;contenu-page&quot;}\">299 \u20ac au lieu de 649 \u20ac<\/a> \u00e0 sa sortie. Une grosse remise sur une tablette \u00ab Fan Edition \u00bb du <a href=\"https:\/\/www.numerama.com\/tablettes\/galaxy-tab-s9\/\" rel=\"nofollow noopener\" target=\"_blank\">mod\u00e8le S9<\/a>. Elle est fine (6,5 mm), l\u00e9g\u00e8re (523 g) et dot\u00e9e d\u2019un bel \u00e9cran de 10,9 pouces. Le mod\u00e8le se pr\u00eate aussi bien au streaming qu\u2019au travail ou au dessin, gr\u00e2ce \u00e0 son S Pen inclus. Ajoutez une autonomie d\u2019environ 18 heures et une webcam 12 Mpx en 4K, et vous obtenez une tablette polyvalente qui n\u2019a rien d\u2019un mod\u00e8le d\u2019entr\u00e9e de gamme\u2026 sauf le prix.<\/p>\n<p><a href=\"https:\/\/www.numerama.com\/wp-content\/uploads\/2025\/10\/samsung-z-fold6.jpg\" rel=\"nofollow noopener\" target=\"_blank\"><img decoding=\"async\" width=\"1024\" height=\"576\" loading=\"lazy\" alt=\"Samsung Z Fold6\" title=\"Samsung Z Fold6\" class=\"wp-image-2089139 placeholder-default wp-image\" src=\"https:\/\/www.europesays.com\/fr\/wp-content\/uploads\/2025\/10\/samsung-z-fold6-1024x576.jpg\" \/><\/a>Samsung Z Fold6 \/\/ Source : Numerama<\/p>\n<p>Le Samsung Galaxy <a href=\"https:\/\/www.numerama.com\/smartphones\/galaxy-z-fold-6\/\" rel=\"nofollow noopener\" target=\"_blank\">Z Fold 6<\/a>, qui passe de smartphone \u00e0 tablette en un geste, est affich\u00e9 \u00e0 <a href=\"https:\/\/shop.numerama.com\/wpiwmrv2\" target=\"_blank\" rel=\"noreferrer noopener sponsored nofollow\">1 119 \u20ac au lieu de 2 119 \u20ac<\/a> \u00e0 sa sortie. Certes ce n\u2019est pas le petit dernier, le <a href=\"https:\/\/www.numerama.com\/smartphones\/z-fold-7\/\" rel=\"nofollow noopener\" target=\"_blank\">Z Fold 7<\/a> a pris le relais, mais les \u00e9volutions restent modestes : un design un peu plus fin, un capteur photo gonfl\u00e9 \u00e0 200 Mpx et une puce plus rapide. Dans les faits, l\u2019exp\u00e9rience ne change pas vraiment. Si vous voulez d\u00e9couvrir l\u2019exp\u00e9rience d\u2019un pliant sans exploser votre budget, le Fold 6 reste une valeur s\u00fbre \u00e0 ce prix.<\/p>\n<p><a href=\"https:\/\/www.numerama.com\/wp-content\/uploads\/2025\/10\/ipad-11-2.jpg\" rel=\"nofollow noopener\" target=\"_blank\"><img decoding=\"async\" width=\"1024\" height=\"576\" loading=\"lazy\" alt=\"iPad 11\u00a0(A16)\" title=\"iPad 11\u00a0(A16)\" class=\"wp-image-2089121 placeholder-default wp-image\" src=\"https:\/\/www.europesays.com\/fr\/wp-content\/uploads\/2025\/10\/ipad-11-2-1024x576.jpg\" \/><\/a>iPad 11\u00a0(A16) \/\/ Source : Numerama<\/p>\n<p>L\u2019<a href=\"https:\/\/www.numerama.com\/tablettes\/ipad-11-2025\/\" rel=\"nofollow noopener\" target=\"_blank\">iPad 11<\/a> est affich\u00e9 avec <a href=\"https:\/\/shop.numerama.com\/7l9niskd\" target=\"_blank\" rel=\"noreferrer noopener sponsored nofollow\">60 \u20ac de r\u00e9duction<\/a> pendant les Prime Day. Une belle offre pour une tablette pens\u00e9e avant tout comme un iPad de salon : parfait pour jouer, naviguer ou profiter d\u2019un bel \u00e9cran Retina confortablement install\u00e9 dans le canap\u00e9. C\u2019est l\u2019iPad du confort par excellence, et m\u00eame s\u2019il remplit parfaitement sa mission (loin des usages intensifs des mod\u00e8les Pro) \u2014 mais on aurait quand m\u00eame aim\u00e9 qu\u2019Apple Intelligence soit aussi de la partie. D\u2019autant plus que l\u2019<a href=\"https:\/\/www.numerama.com\/tablettes\/ipad-mini-7\/\" rel=\"nofollow noopener\" target=\"_blank\">iPad mini<\/a>, lui, y a droit.<\/p>\n<p><a href=\"https:\/\/www.numerama.com\/wp-content\/uploads\/2025\/10\/lego-le-seigneur-des-anneaux-fondcombe.jpg\" rel=\"nofollow noopener\" target=\"_blank\"><img decoding=\"async\" width=\"1024\" height=\"576\" loading=\"lazy\" alt=\"LEGO Le Seigneur des Anneaux : Fondcombe\" title=\"LEGO Le Seigneur des Anneaux : Fondcombe\" class=\"wp-image-2089081 placeholder-default wp-image\" src=\"https:\/\/www.europesays.com\/fr\/wp-content\/uploads\/2025\/10\/lego-le-seigneur-des-anneaux-fondcombe-1024x576.jpg\" \/><\/a>LEGO Le Seigneur des Anneaux : Fondcombe \/\/ Source : Numerama<\/p>\n<p>Il y a des sets LEGO plus chers que d\u2019autres, et ceux inspir\u00e9s du Seigneur des Anneaux font partie de la cat\u00e9gorie collector, <a target=\"_blank\" href=\"https:\/\/www.instagram.com\/p\/DOqxc8QjBlB\/\" rel=\"nofollow noopener\">avec Star Wars<\/a>. Pendant les Jours Flash Prime, le monumental LEGO Fondcombe passe \u00e0 <a href=\"https:\/\/shop.numerama.com\/4d610ta1\" target=\"_blank\" rel=\"noreferrer noopener sponsored nofollow\" data-gtm=\"{&quot;event&quot;:&quot;afficlic&quot;,&quot;nom_marchand&quot;:&quot;amazon_fr&quot;,&quot;nom_produit&quot;:&quot;inconnu&quot;,&quot;categorie_produit&quot;:&quot;inconnu&quot;,&quot;module_produit&quot;:&quot;editolink&quot;,&quot;position_marchand&quot;:0,&quot;texte&quot;:&quot;392-e-au-lieu-de-499-e&quot;,&quot;offer_url&quot;:&quot;https:\/\/shop.numerama.com\/4d610ta1&quot;,&quot;zone&quot;:&quot;contenu-page&quot;}\">392 \u20ac au lieu de 499 \u20ac<\/a> sur Amazon. <\/p>\n<p>On parle ici d\u2019un set de plus de 6 000 pi\u00e8ces qui permet de recr\u00e9er Fondcombe, la vall\u00e9e elfique o\u00f9 se d\u00e9cide le destin de l\u2019Anneau. C\u2019est une construction, remplie de d\u00e9tails : l\u2019escalier en colima\u00e7on, le pont, la salle du Conseil d\u2019Elrond o\u00f9 la Communaut\u00e9 se forme\u2026 LEGO y a gliss\u00e9 pas moins de 15 minifigurines, dont Frodon, Sam, Bilbon, Gimli, Legolas, Boromir, Gandalf et bien s\u00fbr Elrond. Bref, de quoi mettre en sc\u00e8ne le Conseil d\u2019Elrond de la Terre du Milieu.<\/p>\n<p><a href=\"https:\/\/www.numerama.com\/wp-content\/uploads\/2025\/10\/msi-rtx-5070.jpg\" rel=\"nofollow noopener\" target=\"_blank\"><img decoding=\"async\" width=\"1024\" height=\"576\" loading=\"lazy\" alt=\"MSI RTX 5070\" title=\"MSI RTX 5070\" class=\"wp-image-2089073 placeholder-default wp-image\" src=\"https:\/\/www.europesays.com\/fr\/wp-content\/uploads\/2025\/10\/msi-rtx-5070-1024x576.jpg\" \/><\/a>MSI RTX 5070 \/\/ Source : Numerama<\/p>\n<p>C\u2019est assez rare pour le noter : la GeForce RTX 5070 de MSI se retrouve aux alentours de son prix de lancement, <a href=\"https:\/\/shop.numerama.com\/wwbg3q7x\" target=\"_blank\" rel=\"noreferrer noopener sponsored nofollow\">569 \u20ac au lieu de 599 \u20ac<\/a> sur Amazon pendant les Jours Flash Prime. Une situation plut\u00f4t saine, surtout quand on compare \u00e0 la s\u00e9rie 3000 qui s\u2019\u00e9tait envol\u00e9e bien au-del\u00e0 du tarif conseill\u00e9, ou m\u00eame \u00e0 certaines 4000. <\/p>\n<p>La RTX 5070 n\u2019est pas la carte la plus muscl\u00e9e de la g\u00e9n\u00e9ration, mais elle vise juste pour une configuration milieu de gamme popur quiconque veut jouer en 2K. On trouve 12 Go de GDDR7 de quoi jouer confortablement en QHD avec ray tracing et DLSS 3.5. Le mod\u00e8le Ventus 3X OC de MSI ajoute un refroidissement efficace gr\u00e2ce \u00e0 ses trois ventilateurs.<\/p>\n<p><a href=\"https:\/\/www.numerama.com\/wp-content\/uploads\/2025\/10\/tineco-floor-one-s7.jpg\" rel=\"nofollow noopener\" target=\"_blank\"><img decoding=\"async\" width=\"1024\" height=\"576\" loading=\"lazy\" alt=\"Tineco Floor One S7\" title=\"Tineco Floor One S7\" class=\"wp-image-2089063 placeholder-default wp-image\" src=\"https:\/\/www.europesays.com\/fr\/wp-content\/uploads\/2025\/10\/tineco-floor-one-s7-1024x576.jpg\" \/><\/a>Tineco Floor One S7 \/\/ Source : Numerama<\/p>\n<p>Le <a href=\"https:\/\/www.numerama.com\/aspirateurs-balais\/floor-one-s7-stretch-ultra\/\" rel=\"nofollow noopener\" target=\"_blank\">Tineco Floor One S7<\/a> passe \u00e0 <a href=\"https:\/\/shop.numerama.com\/rm46ioeh\" target=\"_blank\" rel=\"noreferrer noopener sponsored nofollow\" data-gtm=\"{&quot;event&quot;:&quot;afficlic&quot;,&quot;nom_marchand&quot;:&quot;amazon_fr&quot;,&quot;nom_produit&quot;:&quot;inconnu&quot;,&quot;categorie_produit&quot;:&quot;inconnu&quot;,&quot;module_produit&quot;:&quot;editolink&quot;,&quot;position_marchand&quot;:0,&quot;texte&quot;:&quot;319-e-au-lieu-de-399-e&quot;,&quot;offer_url&quot;:&quot;https:\/\/shop.numerama.com\/rm46ioeh&quot;,&quot;zone&quot;:&quot;contenu-page&quot;}\">319 \u20ac au lieu de 399 \u20ac<\/a> chez Amazon pendant les Jours Flash Prime, et c\u2019est probablement le meilleur rapport qualit\u00e9-prix du moment pour qui veut un aspirateur-laveur efficace. <a href=\"https:\/\/www.numerama.com\/tech\/2063423-5-mois-avec-le-tineco-floor-one-s7-stretch-laspirateur-balai-lavant-qui-fait-tout-mieux-que-les-autres.html\" rel=\"nofollow noopener\" target=\"_blank\">Ce qui nous a marqu\u00e9 avec sa version Stretch, c\u2019est sa polyvalence<\/a> : il aspire et lave en un seul passage, avec une certaine efficacit\u00e9. <\/p>\n<p>Sa base s\u00e9chante change compl\u00e8tement l\u2019exp\u00e9rience. On repose l\u2019appareil dessus, il nettoie et s\u00e8che son rouleau tout seul, ce qui \u00e9vite l\u2019odeur d\u2019eau croupie que l\u2019on retrouve souvent sur ses concurrents. Il est lourd sur le papier (plus qu\u2019un aspirateur balai classique), mais sa brosse motoris\u00e9e le fait avancer presque tout seul, ce qui compense largement son poids.<\/p>\n<p><a href=\"https:\/\/www.numerama.com\/wp-content\/uploads\/2025\/10\/google-pixel-10-buds-pro-2.jpg\" rel=\"nofollow noopener\" target=\"_blank\"><img decoding=\"async\" width=\"1024\" height=\"576\" loading=\"lazy\" alt=\"Google Pixel 10 + Buds Pro 2\" title=\"Google Pixel 10 + Buds Pro 2\" class=\"wp-image-2089057 placeholder-default wp-image\" src=\"https:\/\/www.europesays.com\/fr\/wp-content\/uploads\/2025\/10\/google-pixel-10-buds-pro-2-1024x576.jpg\" \/><\/a>Google Pixel 10 + Buds Pro 2 \/\/ Source : Numerama<\/p>\n<p>\u00c0 c\u00f4t\u00e9 des Samsung Galaxy et des iPhone, on trouve en haut du tableau le Google Pixel, <a href=\"https:\/\/www.numerama.com\/tech\/2060259-test-du-pixel-10-pro-la-masterclass-de-google.html\" rel=\"nofollow noopener\" target=\"_blank\">un concurrent solide en tout point<\/a>. La s\u00e9rie 10 est sortie cet \u00e9t\u00e9 et on retrouve d\u00e9j\u00e0 le Pixel 10 Pro en promotion sur Amazon, affich\u00e9 \u00e0 <a href=\"https:\/\/shop.numerama.com\/y8okrli5\" data-type=\"link\" data-id=\"https:\/\/www.amazon.fr\/Google-Pixel-Pro-Smartphone-dautonomie\/dp\/B0FSKH139W?th=1\" target=\"_blank\" rel=\"noreferrer noopener sponsored nofollow\" data-gtm=\"{&quot;event&quot;:&quot;afficlic&quot;,&quot;nom_marchand&quot;:&quot;amazon_fr&quot;,&quot;nom_produit&quot;:&quot;inconnu&quot;,&quot;categorie_produit&quot;:&quot;inconnu&quot;,&quot;module_produit&quot;:&quot;editolink&quot;,&quot;position_marchand&quot;:0,&quot;texte&quot;:&quot;1-049-e-au-lieu-de-1-297-e&quot;,&quot;offer_url&quot;:&quot;https:\/\/shop.numerama.com\/y8okrli5&quot;,&quot;zone&quot;:&quot;contenu-page&quot;}\">1 049 \u20ac au lieu de 1 297 \u20ac<\/a>, avec en bonus les Pixel Buds Pro 2 offerts. <\/p>\n<p>Sorti il y a quelques mois seulement, le Pixel 10 Pro ne bouleverse pas la formule du <a href=\"https:\/\/www.numerama.com\/smartphones\/pixel-9-pro\/\" rel=\"nofollow noopener\" target=\"_blank\">Pixel 9 Pro<\/a> mais l\u2019affine : design en verre mat soign\u00e9, \u00e9cran OLED LTPO 120 Hz plus lumineux, autonomie solide et surtout l\u2019excellence photo que l\u2019on attend de Google. Le nouveau zoom x100 reste un gadget, mais le reste est irr\u00e9prochable, notamment le traitement d\u2019image qui reste imbattable. Bref, c\u2019est <a href=\"https:\/\/www.numerama.com\/tech\/712919-meilleurs-smartphones-guide-achat.html#google-pixel-10-pro\" rel=\"nofollow noopener\" target=\"_blank\">l\u2019un des meilleurs choix dans le haut de gamme en 2025<\/a>.<\/p>\n<p><a href=\"https:\/\/www.numerama.com\/wp-content\/uploads\/2025\/10\/garmin-fenix-7x-pro-solar.jpg\" rel=\"nofollow noopener\" target=\"_blank\"><img decoding=\"async\" width=\"1024\" height=\"576\" loading=\"lazy\" alt=\"Garmin Fenix 7X Pro Solar\" title=\"Garmin Fenix 7X Pro Solar\" class=\"wp-image-2088767 placeholder-default wp-image\" src=\"https:\/\/www.europesays.com\/fr\/wp-content\/uploads\/2025\/10\/garmin-fenix-7x-pro-solar-1024x576.jpg\" \/><\/a>Garmin Fenix 7X Pro Solar \/\/ Source : Numerama<\/p>\n<p>\u00c0 <a href=\"https:\/\/shop.numerama.com\/p6c8dei6\" target=\"_blank\" rel=\"noreferrer noopener sponsored nofollow\">689 \u20ac au lieu de 899 \u20ac<\/a> pendant les Jours Flash Prime sur Amazon, la Garmin Fenix 7X Pro Solar reste la montre des sportifs extr\u00eames. Autonomie colossale (jusqu\u2019\u00e0 plusieurs semaines avec la recharge solaire), GPS multi-bandes ultra-pr\u00e9cis, cartographie embarqu\u00e9e, suivi complet de l\u2019entra\u00eenement et de la sant\u00e9 : <a target=\"_blank\" href=\"https:\/\/www.frandroid.com\/test\/1750253_test-de-la-garmin-fenix-7-pro-toujours-aussi-polyvalente-et-maintenant-brillante\" rel=\"nofollow noopener\">c\u2019est une montre d\u2019aventurier<\/a>. Pour qui veut partir loin sans chargeur, la Fenix 7X Pro Solar garde un avantage face \u00e0 la derni\u00e8re <a href=\"https:\/\/www.numerama.com\/montres-connectes\/watch-ultra-3\/\" rel=\"nofollow noopener\" target=\"_blank\">Apple Watch Ultra 3<\/a>.<\/p>\n<p><a href=\"https:\/\/www.numerama.com\/wp-content\/uploads\/2025\/10\/xiaomi-tv-max-100.jpg\" rel=\"nofollow noopener\" target=\"_blank\"><img decoding=\"async\" width=\"1024\" height=\"576\" loading=\"lazy\" alt=\"Xiaomi TV Max 100&quot;\" title=\"Xiaomi TV Max 100&quot;\" class=\"wp-image-2088751 placeholder-default wp-image\" src=\"https:\/\/www.europesays.com\/fr\/wp-content\/uploads\/2025\/10\/xiaomi-tv-max-100-1024x576.jpg\" \/><\/a>Xiaomi TV Max 100\u2033 \/\/ Source : Numerama<\/p>\n<p>Pendant les Jours Flash Prime sur Amazon, le Xiaomi TV Max 100 tombe d<a href=\"https:\/\/shop.numerama.com\/o32k5zt9\" target=\"_blank\" rel=\"noreferrer noopener sponsored nofollow\" data-gtm=\"{&quot;event&quot;:&quot;afficlic&quot;,&quot;nom_marchand&quot;:&quot;amazon_fr&quot;,&quot;nom_produit&quot;:&quot;inconnu&quot;,&quot;categorie_produit&quot;:&quot;inconnu&quot;,&quot;module_produit&quot;:&quot;editolink&quot;,&quot;position_marchand&quot;:0,&quot;texte&quot;:&quot;e-1-999-e-a-1-899-e&quot;,&quot;offer_url&quot;:&quot;https:\/\/shop.numerama.com\/o32k5zt9&quot;,&quot;zone&quot;:&quot;contenu-page&quot;}\">e 1 999 \u20ac \u00e0 1 899 \u20ac<\/a>. Avec sa diagonale de 100 pouces (254 cm, soit 30 cm de plus que Victor Wembanyama), il s\u2019agit de l\u2019un des rares t\u00e9l\u00e9viseurs g\u00e9ants accessibles sous la barre des 2 000 \u20ac. Assurez-vous donc d\u2019avoir un espace suffisamment grand pour que le canap\u00e9 ne soit pas trop proche. Sa dalle QLED 4K 144 Hz est compatible Dolby Vision et HDR10+ et s\u2019adresse autant aux cin\u00e9philes qu\u2019aux joueurs (mode Game Boost jusqu\u2019\u00e0 240 Hz, 4 ms de r\u00e9ponse). La contrepartie : une luminosit\u00e9 limit\u00e9e (500 nits), des noirs perfectibles et un son int\u00e9gr\u00e9 un peu juste (30 W). Mais pour qui veut un v\u00e9ritable \u00e9cran XXL sans basculer dans les budgets qui fr\u00f4lent les cinq chiffres, c\u2019est une alternative cr\u00e9dible.<\/p>\n<p><a href=\"https:\/\/www.numerama.com\/wp-content\/uploads\/2025\/10\/proposition-2-solo-numerama-9.jpg\" rel=\"nofollow noopener\" target=\"_blank\"><img decoding=\"async\" width=\"1024\" height=\"576\" loading=\"lazy\" alt=\"Google Pixel 9a (256 Go)\" title=\"Google Pixel 9a (256 Go)\" class=\"wp-image-2088749 placeholder-default wp-image\" src=\"https:\/\/www.europesays.com\/fr\/wp-content\/uploads\/2025\/10\/proposition-2-solo-numerama-9-1024x576.jpg\" \/><\/a>Google Pixel 9a (256 Go) \/\/ Source : Numerama<\/p>\n<p>Propos\u00e9 <a href=\"https:\/\/shop.numerama.com\/yiw45ubs\" target=\"_blank\" rel=\"noreferrer noopener sponsored nofollow\">\u00e0 449 \u20ac<\/a> au lieu de 649 \u20ac pour les Jours Flash Prime, le <a href=\"https:\/\/www.numerama.com\/smartphones\/pixel-9a\/\" rel=\"nofollow noopener\" target=\"_blank\">Pixel 9a<\/a> reste une valeur s\u00fbre du milieu de gamme, m\u00eame si <a href=\"https:\/\/www.numerama.com\/tech\/2056249-pixel-10-et-pixel-10-pro-ce-quil-faut-retenir-des-nouveaux-smartphones-de-google.html\" rel=\"nofollow noopener\" target=\"_blank\">la famille Pixel 10<\/a> est d\u00e9j\u00e0 l\u00e0. Dernier repr\u00e9sentant de la s\u00e9rie 9 avant l\u2019arriv\u00e9e d\u2019un futur 10a l\u2019ann\u00e9e prochaine, il condense le meilleur d\u2019un Pixel : batterie 5 100 mAh qui tient deux jours, IA int\u00e9gr\u00e9e (Gemini, retouche photo) et un appareil photo qui domine toujours sa cat\u00e9gorie. Son \u00e9cran est \u00e0 la hauteur, si l\u2019on fait abstraction de ses larges bordures regrettables. <a href=\"https:\/\/www.numerama.com\/tech\/1978209-test-du-google-pixel-9a-on-vous-recommande-vraiment-ce-smartphone.html\" rel=\"nofollow noopener\" target=\"_blank\">Il reste une r\u00e9f\u00e9rence sur ce segment<\/a> \u2014 et m\u00eame une source d\u2019inspiration, puisque son format a inspir\u00e9 Apple avec l\u2019<a href=\"https:\/\/www.numerama.com\/tech\/1912357-test-de-liphone-16e-la-bonne-surprise-de-2025-est-signee-apple.html\" rel=\"nofollow noopener\" target=\"_blank\">iPhone 16e<\/a>.<\/p>\n<p><a href=\"https:\/\/www.numerama.com\/wp-content\/uploads\/2025\/10\/liphone-16e.jpg\" rel=\"nofollow noopener\" target=\"_blank\"><img decoding=\"async\" width=\"1024\" height=\"576\" loading=\"lazy\" alt=\"iPhone 16e\" title=\"iPhone 16e\" class=\"wp-image-2088763 placeholder-default wp-image\" src=\"https:\/\/www.europesays.com\/fr\/wp-content\/uploads\/2025\/10\/liphone-16e-1024x576.jpg\" \/><\/a>iPhone 16e \/\/ Source : Numerama<\/p>\n<p>Toujours au catalogue malgr\u00e9 <a href=\"https:\/\/www.numerama.com\/tech\/1926689-iphone-17-toutes-les-infos-apple.html\" rel=\"nofollow noopener\" target=\"_blank\">la sortie des iPhone 17<\/a>, l\u2019<a href=\"https:\/\/www.numerama.com\/smartphones\/iphone-16e\/\" rel=\"nofollow noopener\" target=\"_blank\">iPhone 16e<\/a> s\u2019impose comme le mod\u00e8le au meilleur rapport qualit\u00e9-prix chez Apple. Propos\u00e9 \u00e0 <a href=\"https:\/\/shop.numerama.com\/ombnwn44\" target=\"_blank\" rel=\"noreferrer noopener sponsored nofollow\" data-gtm=\"{&quot;event&quot;:&quot;afficlic&quot;,&quot;nom_marchand&quot;:&quot;amazon_fr&quot;,&quot;nom_produit&quot;:&quot;inconnu&quot;,&quot;categorie_produit&quot;:&quot;inconnu&quot;,&quot;module_produit&quot;:&quot;editolink&quot;,&quot;position_marchand&quot;:0,&quot;texte&quot;:&quot;592-e-au-lieu-de-719-e&quot;,&quot;offer_url&quot;:&quot;https:\/\/shop.numerama.com\/ombnwn44&quot;,&quot;zone&quot;:&quot;contenu-page&quot;}\">592 \u20ac au lieu de 719 \u20ac<\/a> pendant les Jours Flash Prime sur Amazon, il reprend l\u2019essentiel de l\u2019iPhone 16, avec quelques concessions bien choisies. <\/p>\n<p>On retrouve un \u00e9cran OLED de 6,1 pouces, la puce A18 compatible avec Apple Intelligence (un bon point par rapport au 15 qui en fait l\u2019impasse), une autonomie record avec un modem maison (Apple C1) moins rapide que Qualcomm, mais qui allonge l\u2019endurance. Bref, c\u2019est un iPhone compact et on trouve le design soign\u00e9 habituel d\u2019Apple. Les sacrifices ? Un seul capteur photo et pas de MagSafe.<\/p>\n<p><a href=\"https:\/\/www.numerama.com\/wp-content\/uploads\/2025\/10\/surface-laptop-7-snapdragon-x-elite.jpg\" rel=\"nofollow noopener\" target=\"_blank\"><img decoding=\"async\" width=\"1024\" height=\"576\" loading=\"lazy\" alt=\"Surface Laptop 7 (Snapdragon X Elite)\" title=\"Surface Laptop 7 (Snapdragon X Elite)\" class=\"wp-image-2088757 placeholder-default wp-image\" src=\"https:\/\/www.europesays.com\/fr\/wp-content\/uploads\/2025\/10\/surface-laptop-7-snapdragon-x-elite-1024x576.jpg\" \/><\/a>Surface Laptop 7 (Snapdragon X Elite) \/\/ Source : Numerama<\/p>\n<p>Pendant les Jours Flash Prime sur Amazon, le Surface Laptop 7 (15 pouces, Snapdragon X Elite) chute de <a href=\"https:\/\/shop.numerama.com\/6uudkob0\" target=\"_blank\" rel=\"noreferrer noopener sponsored nofollow\" data-gtm=\"{&quot;event&quot;:&quot;afficlic&quot;,&quot;nom_marchand&quot;:&quot;amazon_fr&quot;,&quot;nom_produit&quot;:&quot;inconnu&quot;,&quot;categorie_produit&quot;:&quot;inconnu&quot;,&quot;module_produit&quot;:&quot;editolink&quot;,&quot;position_marchand&quot;:0,&quot;texte&quot;:&quot;1-899-e-a-1-009-e&quot;,&quot;offer_url&quot;:&quot;https:\/\/shop.numerama.com\/6uudkob0&quot;,&quot;zone&quot;:&quot;contenu-page&quot;}\">1 899 \u20ac \u00e0 1 129 \u20ac<\/a>. C\u2019est aujourd\u2019hui le principal concurrent du MacBook Air c\u00f4t\u00e9 Windows. Microsoft propose ici un design fin et minimaliste, une autonomie qui flirte avec les 15 h, un \u00e9cran 3:2 lumineux et parfaitement calibr\u00e9.<\/p>\n<p>La puce ARM Snapdragon X Elite offre de tr\u00e8s bonnes performances en usage quotidien et en productivit\u00e9, m\u00eame si la partie graphique reste en retrait. La persistance du port Surface Connect n\u2019est pas indispensable et les fonctions IA Copilot+ restent encore gadgets. Mais \u00e0 ce tarif, c\u2019est un un tr\u00e8s bon ultrabook Windows.<\/p>\n<p><a href=\"https:\/\/www.numerama.com\/wp-content\/uploads\/2025\/10\/samsung-galaxy-s24-ultra-512-go.jpg\" rel=\"nofollow noopener\" target=\"_blank\"><img decoding=\"async\" width=\"1024\" height=\"576\" loading=\"lazy\" alt=\"Samsung Galaxy S24 Ultra (512 Go)\" title=\"Samsung Galaxy S24 Ultra (512 Go)\" class=\"wp-image-2088755 placeholder-default wp-image\" src=\"https:\/\/www.europesays.com\/fr\/wp-content\/uploads\/2025\/10\/samsung-galaxy-s24-ultra-512-go-1024x576.jpg\" \/><\/a>Samsung Galaxy S24 Ultra (512 Go) \/\/ Source : Numerama<\/p>\n<p>Pendant les Jours Flash Prime sur Amazon, le Galaxy S24 Ultra 512 Go passe de <a href=\"https:\/\/shop.numerama.com\/fjrcjnpo\" target=\"_blank\" rel=\"noreferrer noopener sponsored nofollow\" data-gtm=\"{&quot;event&quot;:&quot;afficlic&quot;,&quot;nom_marchand&quot;:&quot;amazon_fr&quot;,&quot;nom_produit&quot;:&quot;inconnu&quot;,&quot;categorie_produit&quot;:&quot;inconnu&quot;,&quot;module_produit&quot;:&quot;editolink&quot;,&quot;position_marchand&quot;:0,&quot;texte&quot;:&quot;1-589-e-a-899-e&quot;,&quot;offer_url&quot;:&quot;https:\/\/shop.numerama.com\/fjrcjnpo&quot;,&quot;zone&quot;:&quot;contenu-page&quot;}\">1 589 \u20ac \u00e0 899 \u20ac<\/a>. Le <a href=\"https:\/\/www.numerama.com\/smartphones\/galaxy-s25-ultra\/\" rel=\"nofollow noopener\" target=\"_blank\">S25 Ultra<\/a> a pris la rel\u00e8ve, mais sa principale nouveaut\u00e9 concerne surtout le logiciel. Le <a href=\"https:\/\/www.numerama.com\/smartphones\/galaxy-s24-ultra\/\" rel=\"nofollow noopener\" target=\"_blank\">S24 Ultra<\/a>, lui, a aussi re\u00e7u la mise \u00e0 jour vers One UI 8. Il conserve le stylet S Pen avec Bluetooth, une fonction que Samsung a retir\u00e9e sur son successeur, ce qui en fait un meilleur choix si vous l\u2019utilisez r\u00e9guli\u00e8rement. On profite toujours de son \u00e9cran AMOLED 120 Hz de 6,8 pouces, d\u2019un quadruple module photo tr\u00e8s complet et d\u2019une batterie de 5 000 mAh avec 7 ans de mises \u00e0 jour assur\u00e9s. Son seul vrai point faible reste la charge lente, mais \u00e0 moins de 900 \u20ac pour la version 512 Go, c\u2019est une affaire rare sur le tr\u00e8s haut de gamme. <\/p>\n<p>Nos autres s\u00e9lections et bons plans des Prime Day<\/p>\n<p><strong>Quelles sont les dates des Jours Flash Prime ?<\/strong><\/p>\n<p>Les Jours Flash Prime 2025 se tiennent du mardi 7 octobre \u00e0 00h01 au mercredi 8 octobre \u00e0 23h59. Deux jours seulement, contre quatre pour les Prime Day d\u2019\u00e9t\u00e9, avec des offres renouvel\u00e9es r\u00e9guli\u00e8rement.<\/p>\n<p><strong>C\u2019est quoi ces Prime Day ?<\/strong><\/p>\n<p>C\u2019est un \u00e9v\u00e8nement promotionnel organis\u00e9 par Amazon depuis 2015, r\u00e9serv\u00e9 aux abonn\u00e9s Prime. L\u2019id\u00e9e est simple : deux jours de ventes flash exclusives, avec des r\u00e9ductions sur des milliers de produits (high-tech, maison, mode, jeux vid\u00e9o\u2026). <a href=\"https:\/\/www.numerama.com\/tech\/532952-guide-amazon-jours-flash-prime-2025.html\" rel=\"nofollow noopener\" target=\"_blank\">C\u2019est aussi un moyen de pr\u00e9parer ses cadeaux de fin d\u2019ann\u00e9e en avance<\/a>, avant le Black Friday.<\/p>\n<p>Qui peut participer aux Jours Flash Prime ?<\/p>\n<p>Les offres sont exclusives aux membres Amazon Prime. Un simple compte Amazon ne suffit pas. Il faut souscrire \u00e0 <a href=\"https:\/\/www.numerama.com\/business\/205874-prix-services-amazon-prime.html\" rel=\"nofollow noopener\" target=\"_blank\">l\u2019abonnement Prime<\/a> (<a href=\"https:\/\/shop.numerama.com\/ralwnrnq\" target=\"_blank\" rel=\"noreferrer noopener sponsored nofollow\" data-gtm=\"{&quot;event&quot;:&quot;afficlic&quot;,&quot;nom_marchand&quot;:&quot;amazon_fr&quot;,&quot;nom_produit&quot;:&quot;inconnu&quot;,&quot;categorie_produit&quot;:&quot;inconnu&quot;,&quot;module_produit&quot;:&quot;editolink&quot;,&quot;position_marchand&quot;:0,&quot;texte&quot;:&quot;6-99-e-mois-ou-69-90-e-an&quot;,&quot;offer_url&quot;:&quot;https:\/\/shop.numerama.com\/ralwnrnq&quot;,&quot;zone&quot;:&quot;contenu-page&quot;}\">6,99 \u20ac\/mois ou 69,90 \u20ac\/an<\/a>). Celui-ci ne sert pas seulement \u00e0 profiter des ventes flash, il donne aussi droit \u00e0 la livraison rapide gratuite, au catalogue de films et s\u00e9ries de Prime Video, \u00e0 Prime Music et au stockage de photos dans le cloud. Pour ceux qui ne veulent pas s\u2019engager tout de suite, il existe une p\u00e9riode d\u2019essai gratuite de 30 jours qui permet d\u2019acc\u00e9der aux promotions sans frais imm\u00e9diats.<\/p>\n<p>        <img decoding=\"async\" width=\"168\" height=\"168\" loading=\"lazy\" alt=\"Comparatif svod \/\/ Source : Montage Numerama\" title=\"Comparatif svod \/\/ Source : Montage Numerama\" class=\"placeholder-default wp-image\" src=\"https:\/\/www.europesays.com\/fr\/wp-content\/uploads\/2025\/10\/comparatif-svod-200x200.jpg\" \/>    <\/p>\n<p>        Quel est le service de SVOD fait pour vous ?<br \/>\n        Netflix, Prime Video, HBO Max\u2026\u00a0: quelle est la meilleure plateforme de streaming en 2025\u00a0?<br \/>\n        <a href=\"https:\/\/www.numerama.com\/pop-culture\/541742-netflix-amazon-canal-ocs-apple-tv-le-grand-comparatif-2019-des-offres-de-svod-en-france.html\" class=\"btn is-family-secondary is-text-weight-bold has-text-left mt-2\" rel=\"nofollow noopener\" target=\"_blank\">D\u00e9couvrez notre comparateur<\/a><\/p>\n<p>            <img decoding=\"async\" src=\"https:\/\/www.europesays.com\/fr\/wp-content\/uploads\/2025\/04\/iPhone-16-pro.png\" alt=\"Toute l'actu tech en un clien d'oeil\"\/><\/p>\n<p class=\"card-install-pwa__title\">Toute l&rsquo;actu tech en un clin d&rsquo;\u0153il<\/p>\n<p class=\"card-install-pwa__description\">Ajoutez Numerama \u00e0 votre \u00e9cran d&rsquo;accueil et restez connect\u00e9s au futur !<\/p>\n<p>            <img decoding=\"async\" src=\"https:\/\/www.numerama.com\/wp-content\/themes\/numerama-next\/assets\/images\/premium\/logo-card-pwa-coupe.svg\" alt=\"Logo PWA\"\/><\/p>\n<p>       Installer Numerama<\/p>\n<p>        <script async src=\"\/\/www.instagram.com\/embed.js\"><\/script><\/p>\n","protected":false},"excerpt":{"rendered":"Prime Day, Jours Flash Prime\u2026 peu importe le nom, c\u2019est le m\u00eame rendez-vous. Pendant deux jours seulement, les&hellip;\n","protected":false},"author":2,"featured_media":444815,"comment_status":"","ping_status":"","sticky":false,"template":"","format":"standard","meta":{"footnotes":""},"categories":[7],"tags":[4239,37382,11776,677,2938,15124,16677,1011,27,43,40,41,39,42,44],"class_list":{"0":"post-444814","1":"post","2":"type-post","3":"status-publish","4":"format-standard","5":"has-post-thumbnail","7":"category-sciences-et-technologies","8":"tag-amazon","9":"tag-amazon-prime-day","10":"tag-amazon-prime","11":"tag-bons-plans","12":"tag-bons-plans-gaming","13":"tag-bons-plans-smartphones","14":"tag-bons-plans-tv","15":"tag-fr","16":"tag-france","17":"tag-science","18":"tag-science-and-technology","19":"tag-sciences","20":"tag-sciences-et-technologies","21":"tag-technologies","22":"tag-technology"},"share_on_mastodon":{"url":"https:\/\/pubeurope.com\/@fr\/115332301242505269","error":""},"_links":{"self":[{"href":"https:\/\/www.europesays.com\/fr\/wp-json\/wp\/v2\/posts\/444814","targetHints":{"allow":["GET"]}}],"collection":[{"href":"https:\/\/www.europesays.com\/fr\/wp-json\/wp\/v2\/posts"}],"about":[{"href":"https:\/\/www.europesays.com\/fr\/wp-json\/wp\/v2\/types\/post"}],"author":[{"embeddable":true,"href":"https:\/\/www.europesays.com\/fr\/wp-json\/wp\/v2\/users\/2"}],"replies":[{"embeddable":true,"href":"https:\/\/www.europesays.com\/fr\/wp-json\/wp\/v2\/comments?post=444814"}],"version-history":[{"count":0,"href":"https:\/\/www.europesays.com\/fr\/wp-json\/wp\/v2\/posts\/444814\/revisions"}],"wp:featuredmedia":[{"embeddable":true,"href":"https:\/\/www.europesays.com\/fr\/wp-json\/wp\/v2\/media\/444815"}],"wp:attachment":[{"href":"https:\/\/www.europesays.com\/fr\/wp-json\/wp\/v2\/media?parent=444814"}],"wp:term":[{"taxonomy":"category","embeddable":true,"href":"https:\/\/www.europesays.com\/fr\/wp-json\/wp\/v2\/categories?post=444814"},{"taxonomy":"post_tag","embeddable":true,"href":"https:\/\/www.europesays.com\/fr\/wp-json\/wp\/v2\/tags?post=444814"}],"curies":[{"name":"wp","href":"https:\/\/api.w.org\/{rel}","templated":true}]}}