{"id":444823,"date":"2025-10-07T10:03:10","date_gmt":"2025-10-07T10:03:10","guid":{"rendered":"https:\/\/www.europesays.com\/fr\/444823\/"},"modified":"2025-10-07T10:03:10","modified_gmt":"2025-10-07T10:03:10","slug":"sans-permis-sans-assurance-et-en-exces-de-vitesse-une-jeune-femme-de-20-ans-enchaine-les-delits","status":"publish","type":"post","link":"https:\/\/www.europesays.com\/fr\/444823\/","title":{"rendered":"sans permis, sans assurance&#8230;et en exc\u00e8s de vitesse, une jeune femme de 20 ans enchaine les d\u00e9lits"},"content":{"rendered":"\n<p>Ce dimanche 5 octobre, aux alentours de 22 heures, alors que la brigade canine de la police nationale circule sur la RN88 en voiture banalis\u00e9e, les agents remarquent une Peugeot 308 conduite par une jeune femme de 20 ans les doubler \u00e0 140 km\/h au lieu de 70km\/h au niveau du tunnel du rond-point. Ils actionnent donc le gyrophare pour ensuite l&rsquo;interpeller\u00a0 au niveau de boulevard Alexandre de Fraissinette.<\/p>\n<p>Face aux policiers, elle pr\u00e9sente donc son permis de conduire sur son t\u00e9l\u00e9phone mais&#8230;surprise&#8230;la photo ne correspond pas. En effectuant quelques recherches, les forces de l&rsquo;ordre constatent que son permis \u00e9tait en fait suspendu et que la voiture \u00e9tait normalement immobilis\u00e9e. Mais ce n&rsquo;est pas tout. Ils remarquent aussi que sa ceinture \u00e9tait attach\u00e9e dans le dos, avant de constater un d\u00e9faut de contr\u00f4le technique ou encore un d\u00e9faut d\u2019assurance.<\/p>\n<p>Pour l&rsquo;ensemble de ses oeuvres, la jeune femme de 20 ans va recevoir une ordonnace p\u00e9nale d\u00e9lictuelle.\u00a0<\/p>\n","protected":false},"excerpt":{"rendered":"Ce dimanche 5 octobre, aux alentours de 22 heures, alors que la brigade canine de la police nationale&hellip;\n","protected":false},"author":2,"featured_media":202675,"comment_status":"","ping_status":"","sticky":false,"template":"","format":"standard","meta":{"footnotes":""},"categories":[9653],"tags":[1111,11,2430,4378,1777,674,7077,1011,27,3367,12,1072,25,4001],"class_list":{"0":"post-444823","1":"post","2":"type-post","3":"status-publish","4":"format-standard","5":"has-post-thumbnail","7":"category-saint-etienne","8":"tag-actu","9":"tag-actualites","10":"tag-auvergne-rhone-alpes","11":"tag-chauffard","12":"tag-eu","13":"tag-europe","14":"tag-exces","15":"tag-fr","16":"tag-france","17":"tag-loire","18":"tag-news","19":"tag-police","20":"tag-republique-francaise","21":"tag-saint-etienne"},"share_on_mastodon":{"url":"https:\/\/pubeurope.com\/@fr\/115332317620614932","error":""},"_links":{"self":[{"href":"https:\/\/www.europesays.com\/fr\/wp-json\/wp\/v2\/posts\/444823","targetHints":{"allow":["GET"]}}],"collection":[{"href":"https:\/\/www.europesays.com\/fr\/wp-json\/wp\/v2\/posts"}],"about":[{"href":"https:\/\/www.europesays.com\/fr\/wp-json\/wp\/v2\/types\/post"}],"author":[{"embeddable":true,"href":"https:\/\/www.europesays.com\/fr\/wp-json\/wp\/v2\/users\/2"}],"replies":[{"embeddable":true,"href":"https:\/\/www.europesays.com\/fr\/wp-json\/wp\/v2\/comments?post=444823"}],"version-history":[{"count":0,"href":"https:\/\/www.europesays.com\/fr\/wp-json\/wp\/v2\/posts\/444823\/revisions"}],"wp:featuredmedia":[{"embeddable":true,"href":"https:\/\/www.europesays.com\/fr\/wp-json\/wp\/v2\/media\/202675"}],"wp:attachment":[{"href":"https:\/\/www.europesays.com\/fr\/wp-json\/wp\/v2\/media?parent=444823"}],"wp:term":[{"taxonomy":"category","embeddable":true,"href":"https:\/\/www.europesays.com\/fr\/wp-json\/wp\/v2\/categories?post=444823"},{"taxonomy":"post_tag","embeddable":true,"href":"https:\/\/www.europesays.com\/fr\/wp-json\/wp\/v2\/tags?post=444823"}],"curies":[{"name":"wp","href":"https:\/\/api.w.org\/{rel}","templated":true}]}}