{"id":44483,"date":"2025-04-22T17:21:10","date_gmt":"2025-04-22T17:21:10","guid":{"rendered":"https:\/\/www.europesays.com\/fr\/44483\/"},"modified":"2025-04-22T17:21:10","modified_gmt":"2025-04-22T17:21:10","slug":"huitres-vins-vide-greniers-la-place-du-bouffay-a-nantes-va-devenir-un-marche-gourmand","status":"publish","type":"post","link":"https:\/\/www.europesays.com\/fr\/44483\/","title":{"rendered":"Hu\u00eetres, vins, vide-greniers\u2026 La place du Bouffay \u00e0 Nantes va devenir \u00ab\u00a0un march\u00e9 gourmand\u00a0\u00bb"},"content":{"rendered":"<p>            Par<br \/>\n        <strong><br \/>\n            <a href=\"https:\/\/actu.fr\/auteur\/laure-gentil\" title=\"Consulter tous les articles de Laure Gentil\" rel=\"nofollow noopener\" target=\"_blank\">Laure Gentil<\/a><br \/>\n        <\/strong><\/p>\n<p>        Publi\u00e9 le<\/p>\n<p>            22 avr. 2025 \u00e0 18h24        <\/p>\n<p>C\u2019est l\u2019\u00e9v\u00e9nement que les amateurs de sp\u00e9cialit\u00e9s locales ne veulent pas manquer\u2009: les <strong>Gourmandises Nantaises.<\/strong> Organis\u00e9es par la <strong>Commune Libre du Bouffay<\/strong>, elles reviennent pour une 14e \u00e9dition <strong>le<\/strong> <strong>vendredi\u00a025 et le samedi 26\u00a0avril 2025.<\/strong><\/p>\n<p class=\" wall-content\">La <strong>place du Bouffay<\/strong> de Nantes se transformera pour l\u2019occasion en \u00ab\u2009march\u00e9 des d\u00e9lices\u2009\u00bb avec plus d\u2019une trentaine d\u2019artisans locaux ainsi qu\u2019un vide-greniers.<\/p>\n<p>Quel est le programme\u2009?<\/p>\n<p class=\" wall-content\">Pour le \u00ab\u2009march\u00e9 aux saveurs locales\u2009\u00bb il y aura\u2009:<\/p>\n<ul class=\" wall-content\">\n<li>les hu\u00eetres du Bouffay, accompagn\u00e9es d\u2019un verre de vin local\u2009;<\/li>\n<li>les vignerons du Grand Prix Cl\u00e9mence Lefeuvre, Domaine Maur\u00e8ne Gr\u00e9goire et Vignoble Ch\u00eaneau\u2009;<\/li>\n<li>de la bi\u00e8re locale avec Crawl Brasserie et Bi\u00e8re Truck\u2009;<\/li>\n<li>les rhums arrang\u00e9s de Ti Ced\u2009;<\/li>\n<li>du jus de pomme solidaire avec l\u2019association Une fus\u00e9e pour Luna\u2009;<\/li>\n<li>du caf\u00e9 avec ELE Caf\u00e9\u2009;<\/li>\n<li>les fou\u00e9es d\u2019Alain de la Fou\u00e9e enchant\u00e9e\u2009;<\/li>\n<li>les rigolettes nantaises, les chichis sucr\u00e9s, les biscuits et p\u00e2tisseries de Maison Suzanne, Infinith\u00e9 et Caf\u00e9 Biscuit, le Miel du Chat, les confitures de la Ferme du Bouffay, le caramel de Suzanne et Lina\u2009;<\/li>\n<li>les produits laitiers des C\u00f4teaux de la Divatte et des fromages de Lait Gourmandises\u2009;<\/li>\n<li>des produits de la mer avec la P\u00eacherie de Bellevue\u2009;<\/li>\n<li>des petits plats pr\u00e9par\u00e9s par Yolande Concocte et Terre de Gallie\u2009;<\/li>\n<li>des soupes avec la P\u2019tite Soupe\u2009;<\/li>\n<li>des tartinables de D\u00e9clic Gourmand\u2009;<\/li>\n<li>des produits \u00e0 base de chanvre avec Potag\u00e9ant\u2009;<\/li>\n<li>des plantes aromatiques des Jardins de la sorci\u00e8re.<\/li>\n<\/ul>\n<p class=\" wall-content\">Le vide-greniers r\u00e9unira une<strong> centaine d\u2019exposants<\/strong> et les \u00ab\u2009confr\u00e9ries nantaises\u2009\u00bb les Chevaliers Bretvins et la Confr\u00e9rie de la Fouasse seront l\u00e0 \u00ab\u2009pour vous faire d\u00e9couvrir les secrets des traditions locales\u2009\u00bb.<\/p>\n<p>Vid\u00e9os : en ce moment sur Actu<\/p>\n<p class=\" wall-content\">L\u2019<strong>association Kipik<\/strong> s\u2019occupera de l\u2019animation en cr\u00e9ant des \u0153uvres picturales en direct.<\/p>\n<p>Horaires\u2009: vendredi 25\u00a0avril de 17\u2009h \u00e0 22\u2009h et samedi 26\u00a0avril de 10\u2009h \u00e0 19\u2009h. Place du Bouffay, Nantes.<\/p>\n<p class=\" wall-content\">Suivez toute l\u2019actualit\u00e9 de vos villes et m\u00e9dias favoris en vous inscrivant \u00e0 <a href=\"https:\/\/moncompte.actu.fr\" title=\"D\u00e9couvez Mon Actu\" rel=\"nofollow noopener\" data-trk=\"{&quot;cta&quot;:{&quot;action&quot;:&quot;https:\\\/\\\/moncompte.actu.fr&quot;,&quot;category&quot;:&quot;mon compte&quot;,&quot;from&quot;:&quot;article footer&quot;,&quot;name&quot;:&quot;Mon actu&quot;,&quot;type&quot;:&quot;cta&quot;}}\" target=\"_blank\">Mon Actu<\/a>.<\/p>\n","protected":false},"excerpt":{"rendered":"Par Laure Gentil Publi\u00e9 le 22 avr. 2025 \u00e0 18h24 C\u2019est l\u2019\u00e9v\u00e9nement que les amateurs de sp\u00e9cialit\u00e9s locales&hellip;\n","protected":false},"author":2,"featured_media":44484,"comment_status":"","ping_status":"","sticky":false,"template":"","format":"standard","meta":{"footnotes":""},"categories":[2818],"tags":[1111,11,1777,674,1011,27,1305,766,12,2636,25,3365],"class_list":{"0":"post-44483","1":"post","2":"type-post","3":"status-publish","4":"format-standard","5":"has-post-thumbnail","7":"category-nantes","8":"tag-actu","9":"tag-actualites","10":"tag-eu","11":"tag-europe","12":"tag-fr","13":"tag-france","14":"tag-lifestyle","15":"tag-nantes","16":"tag-news","17":"tag-pays-de-la-loire","18":"tag-republique-francaise","19":"tag-vide-greniers"},"share_on_mastodon":{"url":"https:\/\/pubeurope.com\/@fr\/114382771570761786","error":""},"_links":{"self":[{"href":"https:\/\/www.europesays.com\/fr\/wp-json\/wp\/v2\/posts\/44483","targetHints":{"allow":["GET"]}}],"collection":[{"href":"https:\/\/www.europesays.com\/fr\/wp-json\/wp\/v2\/posts"}],"about":[{"href":"https:\/\/www.europesays.com\/fr\/wp-json\/wp\/v2\/types\/post"}],"author":[{"embeddable":true,"href":"https:\/\/www.europesays.com\/fr\/wp-json\/wp\/v2\/users\/2"}],"replies":[{"embeddable":true,"href":"https:\/\/www.europesays.com\/fr\/wp-json\/wp\/v2\/comments?post=44483"}],"version-history":[{"count":0,"href":"https:\/\/www.europesays.com\/fr\/wp-json\/wp\/v2\/posts\/44483\/revisions"}],"wp:featuredmedia":[{"embeddable":true,"href":"https:\/\/www.europesays.com\/fr\/wp-json\/wp\/v2\/media\/44484"}],"wp:attachment":[{"href":"https:\/\/www.europesays.com\/fr\/wp-json\/wp\/v2\/media?parent=44483"}],"wp:term":[{"taxonomy":"category","embeddable":true,"href":"https:\/\/www.europesays.com\/fr\/wp-json\/wp\/v2\/categories?post=44483"},{"taxonomy":"post_tag","embeddable":true,"href":"https:\/\/www.europesays.com\/fr\/wp-json\/wp\/v2\/tags?post=44483"}],"curies":[{"name":"wp","href":"https:\/\/api.w.org\/{rel}","templated":true}]}}