{"id":444830,"date":"2025-10-07T10:07:19","date_gmt":"2025-10-07T10:07:19","guid":{"rendered":"https:\/\/www.europesays.com\/fr\/444830\/"},"modified":"2025-10-07T10:07:19","modified_gmt":"2025-10-07T10:07:19","slug":"une-fresque-monumentale-entre-art-et-mer-devoilee-a-lifremer-de-la-seyne","status":"publish","type":"post","link":"https:\/\/www.europesays.com\/fr\/444830\/","title":{"rendered":"Une fresque monumentale entre art et mer d\u00e9voil\u00e9e \u00e0 l\u2019Ifremer de La Seyne"},"content":{"rendered":"<p class=\"fs-5 \">Face au parc de la Navale, et visible des navettes maritimes, une fresque ne passe pas inaper\u00e7ue. Sign\u00e9e du graffeur Akhine, elle incarne Neptune, dieu romain de la mer, dans une explosion de couleurs et de symboles rappelant l\u2019ancrage local.<\/p>\n<p class=\"fs-5 \">\u00ab Nous l\u2019avons choisi car nous sommes au bord de la M\u00e9diterran\u00e9e, mais aussi en clin d\u2019\u0153il au programme international d\u2019exploration oc\u00e9anographique du m\u00eame nom, explique Vincent Rigaud, directeur du centre Ifremer M\u00e9diterran\u00e9e et Atlantique. Ce choix s\u2019inscrit dans une volont\u00e9 de cr\u00e9er des relations entre l\u2019art, la soci\u00e9t\u00e9 et la science. L\u2019id\u00e9e, avec cette fresque, est de rendre visible les activit\u00e9s maritimes et scientifiques, souvent peu connues du grand public, \u00e0 travers un vecteur culturel puissant \u00bb.<\/p>\n<p class=\"fs-5 \">Car si le site est inaccessible au grand public, cette fresque majestueuse, aux couleurs vives, est visible depuis le parc juste en face, et par les touristes, les Seynois et les Toulonnais qui empruntent les navettes maritimes. \u00ab C\u2019est en quelque sorte une fen\u00eatre artistique sur un monde scientifique, souvent inaccessible physiquement au public. C\u2019est aussi un \u00e9l\u00e9ment suppl\u00e9mentaire pour rendre plus agr\u00e9able le cadre de travail des salari\u00e9s sur le site \u00bb.<\/p>\n<p class=\"fs-5 \">Ce projet a \u00e9t\u00e9 inspir\u00e9 du Minifest, le festival de Street art qui permet aux artistes de r\u00e9aliser des fresques sur les murs de la ville.<\/p>\n<p class=\"fs-5 \">Akhine, graffeur reconnu, a d\u2019ailleurs \u00e9t\u00e9 contact\u00e9 dans le cadre de ce festival. S\u2019il n\u2019a pas \u00e9t\u00e9 directement attir\u00e9 par les murs seynois, celui de l\u2019Ifremer a \u00e9t\u00e9 un v\u00e9ritable coup de c\u0153ur. \u00ab Le cadre, face \u00e0 la mer, avec une vue sur toute la rade, m\u2019a imm\u00e9diatement s\u00e9duit. J\u2019ai \u00e9t\u00e9 inspir\u00e9 \u00bb, r\u00e9v\u00e8le l\u2019artiste.<\/p>\n<p>                                                                                Clin d\u2019\u0153il et mise en avant de l\u2019environnement local<\/p>\n<p class=\"fs-5 \">Pour imaginer son \u0153uvre, le graffeur a visit\u00e9 le site. \u00ab Je viens toujours voir le lieu avant de peindre. J\u2019\u00e9change avec les gens, j\u2019\u00e9coute. Je suis une pi\u00e8ce rapport\u00e9e, alors je dois respecter ce qui se passe ici. Autour de Neptune, j\u2019ai gliss\u00e9 des clins d\u2019\u0153il \u00e0 l\u2019environnement \u00bb.<\/p>\n<p class=\"fs-5 \">On peut ainsi apercevoir Les Deux Fr\u00e8res, ces deux rochers c\u00e9l\u00e8bres, \u00e0 la pointe du cap Sici\u00e9 et visibles depuis la plage des Sablettes. Le dauphin, embl\u00e8me d\u2019Ifremer, figure \u00e9galement en bonne place. Akhine d\u00e9taille : \u00ab En cherchant, j\u2019ai d\u00e9couvert que le dauphin est souvent repr\u00e9sent\u00e9 aux c\u00f4t\u00e9s de Neptune, comme un compagnon, un protecteur. \u00c7a m\u2019a sembl\u00e9 naturel de le peindre \u00bb.<\/p>\n<p class=\"fs-5 \">La r\u00e9alisation de l\u2019\u0153uvre a pris cinq jours complet \u00e0 l\u2019artiste originaire de la r\u00e9gion parisienne. Tout a \u00e9t\u00e9 r\u00e9alis\u00e9 exclusivement \u00e0 l\u2019a\u00e9rosol. Pour un r\u00e9sultat plus que r\u00e9ussi, qui ravit la direction de l\u2019institut de recherche, les salari\u00e9s mais aussi les observateurs qui sauront appr\u00e9cier cette \u0153uvre, qui se veut \u00eatre le reflet d\u2019un dialogue entre science et cr\u00e9ation originale \u00e0 travers le regard d\u2019un artiste.<\/p>\n","protected":false},"excerpt":{"rendered":"Face au parc de la Navale, et visible des navettes maritimes, une fresque ne passe pas inaper\u00e7ue. Sign\u00e9e&hellip;\n","protected":false},"author":2,"featured_media":444831,"comment_status":"","ping_status":"","sticky":false,"template":"","format":"standard","meta":{"footnotes":""},"categories":[9619],"tags":[1111,11,1777,674,1011,27,12,882,25,2310],"class_list":{"0":"post-444830","1":"post","2":"type-post","3":"status-publish","4":"format-standard","5":"has-post-thumbnail","7":"category-toulon","8":"tag-actu","9":"tag-actualites","10":"tag-eu","11":"tag-europe","12":"tag-fr","13":"tag-france","14":"tag-news","15":"tag-provence-alpes-cote-dazur","16":"tag-republique-francaise","17":"tag-toulon"},"share_on_mastodon":{"url":"https:\/\/pubeurope.com\/@fr\/115332333238351314","error":""},"_links":{"self":[{"href":"https:\/\/www.europesays.com\/fr\/wp-json\/wp\/v2\/posts\/444830","targetHints":{"allow":["GET"]}}],"collection":[{"href":"https:\/\/www.europesays.com\/fr\/wp-json\/wp\/v2\/posts"}],"about":[{"href":"https:\/\/www.europesays.com\/fr\/wp-json\/wp\/v2\/types\/post"}],"author":[{"embeddable":true,"href":"https:\/\/www.europesays.com\/fr\/wp-json\/wp\/v2\/users\/2"}],"replies":[{"embeddable":true,"href":"https:\/\/www.europesays.com\/fr\/wp-json\/wp\/v2\/comments?post=444830"}],"version-history":[{"count":0,"href":"https:\/\/www.europesays.com\/fr\/wp-json\/wp\/v2\/posts\/444830\/revisions"}],"wp:featuredmedia":[{"embeddable":true,"href":"https:\/\/www.europesays.com\/fr\/wp-json\/wp\/v2\/media\/444831"}],"wp:attachment":[{"href":"https:\/\/www.europesays.com\/fr\/wp-json\/wp\/v2\/media?parent=444830"}],"wp:term":[{"taxonomy":"category","embeddable":true,"href":"https:\/\/www.europesays.com\/fr\/wp-json\/wp\/v2\/categories?post=444830"},{"taxonomy":"post_tag","embeddable":true,"href":"https:\/\/www.europesays.com\/fr\/wp-json\/wp\/v2\/tags?post=444830"}],"curies":[{"name":"wp","href":"https:\/\/api.w.org\/{rel}","templated":true}]}}