{"id":444838,"date":"2025-10-07T10:11:09","date_gmt":"2025-10-07T10:11:09","guid":{"rendered":"https:\/\/www.europesays.com\/fr\/444838\/"},"modified":"2025-10-07T10:11:09","modified_gmt":"2025-10-07T10:11:09","slug":"nmr-dezingue-marine-caron-candidate-a-la-mairie-de-rouen","status":"publish","type":"post","link":"https:\/\/www.europesays.com\/fr\/444838\/","title":{"rendered":"NMR d\u00e9zingue Marine Caron, candidate \u00e0 la mairie de Rouen"},"content":{"rendered":"<p>            Par<br \/>\n        <strong><br \/>\n            <a href=\"https:\/\/actu.fr\/auteur\/julien-bouteiller\" title=\"Consulter tous les articles de Julien Bouteiller\" rel=\"nofollow noopener\" target=\"_blank\">Julien Bouteiller<\/a><br \/>\n        <\/strong><\/p>\n<p>        Publi\u00e9 le<\/p>\n<p>            7 oct. 2025 \u00e0 11h20        <\/p>\n<p>La campagne des <a href=\"https:\/\/actu.fr\/politique\/elections-municipales\" rel=\"nofollow noopener\" target=\"_blank\">municipales<\/a> ne sera probablement pas tendre entre eux. Alors que <strong>Marine Caron a adress\u00e9 une lettre ouverte \u00e0 Nicolas Mayer-Rossignol<\/strong> sur une demande relative \u00e0 <strong>la lutte contre l\u2019antis\u00e9mitisme<\/strong>, le maire de Rouen a s\u00e8chement r\u00e9pondu <a href=\"https:\/\/actu.fr\/normandie\/rouen_76540\/marine-caron-candidate-aux-municipales-2026-a-rouen-nous-allons-creer-la-plus-belle-des-surprises_63214752.html\" rel=\"nofollow noopener\" target=\"_blank\">\u00e0 la candidate aux \u00e9lections<\/a>, ce mardi 7\u00a0octobre 2025.<\/p>\n<p>Antis\u00e9mitisme\u2009: Marine Caron sollicite Nicolas Mayer-Rossignol<\/p>\n<p class=\" wall-content\">Dans son courrier re\u00e7u ce matin par le maire et pr\u00e9sident de la M\u00e9tropole, Marine Caron sollicite<strong> la plantation \u00e0 Rouen d\u2019un olivier en hommage \u00e0 Ilan Halimi<\/strong>, \u00ab\u2009ce jeune Fran\u00e7ais assassin\u00e9 parce que juif\u2009\u00bb en 2006. Et pour cause, l\u2019arbre plant\u00e9 \u00e0 \u00c9pinay-sur-Seine <a href=\"https:\/\/actu.fr\/ile-de-france\/epinay-sur-seine_93031\/un-acte-antisemite-l-olivier-plante-en-memoire-d-ilan-halimi-tue-parce-que-juif-abattu-a-epinay-sur-seine_63041260.html\" rel=\"nofollow noopener\" target=\"_blank\">a \u00e9t\u00e9 abattu en ao\u00fbt dernier<\/a>.<\/p>\n<p class=\" wall-content\">Depuis, plusieurs communes comme <a href=\"https:\/\/actu.fr\/provence-alpes-cote-d-azur\/nice_06088\/nice-christian-estrosi-plante-un-arbre-en-hommage-a-ilan-halimi-dans-ce-parc_63112910.html\" rel=\"nofollow noopener\" target=\"_blank\">Nice<\/a>, Maison-Laffitte ou m\u00eame Bihorel ont voulu r\u00e9parer l\u2019offense en replantant un olivier.<\/p>\n<p class=\" wall-content\">Ce que demande donc la candidate centriste aux municipales \u00e0 Rouen, au nom de la lutte contre la \u00ab\u2009recrudescence dramatique des actes antis\u00e9mites\u2009\u00bb, parmi lesquels <a href=\"https:\/\/actu.fr\/normandie\/rouen_76540\/un-homme-abattu-par-la-police-a-rouen-apres-une-tentative-d-incendie-a-la-synagogue_61078134.html\" rel=\"nofollow noopener\" target=\"_blank\">l\u2019incendie criminel de la synagogue rouennaise<\/a> l\u2019an dernier.<\/p>\n<p>\u00ab\u2009Ce n\u2019est pas tr\u00e8s responsable\u2009\u00bb\u2009: la r\u00e9ponse s\u00e8che de NMR<\/p>\n<p class=\" wall-content\">Mais Nicolas Mayer-Rossignol lui oppose une fin de non-recevoir. \u00ab\u2009Il est dommage de constater <strong>que certains se r\u00e9veillent aujourd\u2019hui<\/strong>, 19\u00a0ans apr\u00e8s le meurtre d\u2019Ilan Halimi\u2009\u00bb, tance-t-il. \u00ab\u2009Je trouve que c\u2019est <strong>une r\u00e9cup\u00e9ration \u00e9lectoraliste<\/strong> d\u2019un crime effroyable.\u2009\u00bb<\/p>\n<blockquote class=\"ac-article-quote wall-content\">\n<p>Ce n&rsquo;est pas tr\u00e8s responsable d&rsquo;utiliser des sujets aussi graves que l&rsquo;antis\u00e9mitisme. Nous, on le combat tous les jours.<\/p>\n<p>    <strong>Nicolas Mayer-Rossignol<\/strong><br \/>\n        maire de Rouen    <\/p><\/blockquote>\n<p class=\" wall-content\">Voil\u00e0 qui ne devrait pas r\u00e9chauffer les relations entre la candidate \u00e0 la mairie, et celui qui <a href=\"https:\/\/actu.fr\/normandie\/rouen_76540\/nicolas-mayer-rossignol-sera-t-il-candidat-aux-municipales-a-rouen-le-doute-subsiste_63120693.html\" rel=\"nofollow noopener\" target=\"_blank\">ne s\u2019est pas encore d\u00e9clar\u00e9 \u00e0 sa propre succession<\/a>.<\/p>\n<p>Votre r\u00e9gion, votre actu !<\/p>\n<p>Recevez chaque jour les infos qui comptent pour vous.<\/p>\n<p>\t<a href=\"https:\/\/actu.fr\/newsletter\" class=\"ac-btn ac-btn--corner ac-btn--medium ac-btn--blue800\" rel=\"nofollow noopener\" target=\"_blank\">S&rsquo;incrire<\/a><br \/>\nSuivez l\u2019actualit\u00e9 de Rouen <a href=\"https:\/\/www.whatsapp.com\/channel\/0029VaKfnf99hXF2ddApFB1D\" rel=\"nofollow noopener\" target=\"_blank\">sur notre cha\u00eene WhatsApp<\/a> et <a href=\"https:\/\/www.tiktok.com\/@76actu.fr?lang=fr\" rel=\"nofollow noopener\" target=\"_blank\">sur notre compte TikTok<\/a><\/p>\n<p class=\" wall-content\">Personnalisez votre actualit\u00e9 en ajoutant vos villes et m\u00e9dias en favori avec <a href=\"https:\/\/moncompte.actu.fr\" title=\"D\u00e9couvez Mon Actu\" rel=\"nofollow noopener\" data-trk=\"{&quot;cta&quot;:{&quot;action&quot;:&quot;https:\\\/\\\/moncompte.actu.fr&quot;,&quot;category&quot;:&quot;mon compte&quot;,&quot;from&quot;:&quot;article footer&quot;,&quot;name&quot;:&quot;Mon actu&quot;,&quot;type&quot;:&quot;cta&quot;}}\" target=\"_blank\">Mon Actu<\/a>.<\/p>\n<p>                    <script async src=\"\/\/www.tiktok.com\/embed.js\"><\/script><\/p>\n","protected":false},"excerpt":{"rendered":"Par Julien Bouteiller Publi\u00e9 le 7 oct. 2025 \u00e0 11h20 La campagne des municipales ne sera probablement pas&hellip;\n","protected":false},"author":2,"featured_media":444839,"comment_status":"","ping_status":"","sticky":false,"template":"","format":"standard","meta":{"footnotes":""},"categories":[9587],"tags":[1111,11,6155,1777,674,1011,27,3434,12,13268,5161,316,25,9590],"class_list":{"0":"post-444838","1":"post","2":"type-post","3":"status-publish","4":"format-standard","5":"has-post-thumbnail","7":"category-rouen","8":"tag-actu","9":"tag-actualites","10":"tag-antisemitisme","11":"tag-eu","12":"tag-europe","13":"tag-fr","14":"tag-france","15":"tag-municipales-2026","16":"tag-news","17":"tag-nicolas-mayer-rossignol","18":"tag-normandie","19":"tag-politique","20":"tag-republique-francaise","21":"tag-rouen"},"share_on_mastodon":{"url":"https:\/\/pubeurope.com\/@fr\/115332348892022634","error":""},"_links":{"self":[{"href":"https:\/\/www.europesays.com\/fr\/wp-json\/wp\/v2\/posts\/444838","targetHints":{"allow":["GET"]}}],"collection":[{"href":"https:\/\/www.europesays.com\/fr\/wp-json\/wp\/v2\/posts"}],"about":[{"href":"https:\/\/www.europesays.com\/fr\/wp-json\/wp\/v2\/types\/post"}],"author":[{"embeddable":true,"href":"https:\/\/www.europesays.com\/fr\/wp-json\/wp\/v2\/users\/2"}],"replies":[{"embeddable":true,"href":"https:\/\/www.europesays.com\/fr\/wp-json\/wp\/v2\/comments?post=444838"}],"version-history":[{"count":0,"href":"https:\/\/www.europesays.com\/fr\/wp-json\/wp\/v2\/posts\/444838\/revisions"}],"wp:featuredmedia":[{"embeddable":true,"href":"https:\/\/www.europesays.com\/fr\/wp-json\/wp\/v2\/media\/444839"}],"wp:attachment":[{"href":"https:\/\/www.europesays.com\/fr\/wp-json\/wp\/v2\/media?parent=444838"}],"wp:term":[{"taxonomy":"category","embeddable":true,"href":"https:\/\/www.europesays.com\/fr\/wp-json\/wp\/v2\/categories?post=444838"},{"taxonomy":"post_tag","embeddable":true,"href":"https:\/\/www.europesays.com\/fr\/wp-json\/wp\/v2\/tags?post=444838"}],"curies":[{"name":"wp","href":"https:\/\/api.w.org\/{rel}","templated":true}]}}