{"id":444854,"date":"2025-10-07T10:24:15","date_gmt":"2025-10-07T10:24:15","guid":{"rendered":"https:\/\/www.europesays.com\/fr\/444854\/"},"modified":"2025-10-07T10:24:15","modified_gmt":"2025-10-07T10:24:15","slug":"theodora-annonce-un-concert-au-zenith-de-nantes-les-preventes-ouvrent-aujourdhui","status":"publish","type":"post","link":"https:\/\/www.europesays.com\/fr\/444854\/","title":{"rendered":"Th\u00e9odora annonce un concert au Z\u00e9nith de Nantes, les pr\u00e9ventes ouvrent aujourd&rsquo;hui"},"content":{"rendered":"<p>            Par<br \/>\n        <strong><br \/>\n            <a href=\"https:\/\/actu.fr\/auteur\/redaction-nantes\" title=\"Consulter tous les articles de R\u00e9daction Nantes\" rel=\"nofollow noopener\" target=\"_blank\">R\u00e9daction Nantes<\/a><br \/>\n        <\/strong><\/p>\n<p>        Publi\u00e9 le<\/p>\n<p>            7 oct. 2025 \u00e0 12h04        <\/p>\n<p>Apr\u00e8s avoir annonc\u00e9 quatre Z\u00e9niths parisiens complets, <strong>Th\u00e9odora<\/strong> a d\u00e9voil\u00e9 <strong>plusieurs dates en France<\/strong>. L\u2019artiste surnomm\u00e9e, \u00ab\u2009Boss lady\u2009\u00bb, sera en concert au <strong>Z\u00e9nith de Nantes<\/strong>, le 17\u00a0mars 2026. Une date unique dans le nord ouest de la France.<\/p>\n<p class=\" wall-content\"><a href=\"https:\/\/www.instagram.com\/p\/DPeUNNLjLDB\/embed\" title=\"Ouvrir le lien sur Instagram\" rel=\"nofollow noopener\" target=\"_blank\">Visualiser le contenu sur Instagram<\/a><\/p>\n<p>Pr\u00e9vente \u00e0 18h<\/p>\n<p class=\" wall-content\">N\u00e9e en Suisse, Th\u00e9odora a \u00e9t\u00e9 sacr\u00e9e R\u00e9v\u00e9lation F\u00e9minine de l\u2019ann\u00e9e aux Flammes 2025. L\u2019artiste est l\u2019interpr\u00e8te du single \u00ab\u2009Kongolese sous BBL\u2009\u00bb, certifi\u00e9 diamant, ou encore sa mix tape \u00ab\u2009Mega BBL\u2009\u00bb.<\/p>\n<p class=\" wall-content\">Des premiers billets seront vendus <a href=\"https:\/\/url.de.m.mimecastprotect.com\/s\/SPacCEqJWgC9nQm3tZtVu7xeZ_?domain=3yix7.r.sp1-brevo.net\" rel=\"nofollow noopener\" target=\"_blank\">en pr\u00e9vente<\/a> <strong>du mardi 7\u00a0octobre 18h au jeudi 09 octobre 12h<\/strong>.<\/p>\n<p class=\" wall-content\">Personnalisez votre actualit\u00e9 en ajoutant vos villes et m\u00e9dias en favori avec <a href=\"https:\/\/moncompte.actu.fr\" title=\"D\u00e9couvez Mon Actu\" rel=\"nofollow noopener\" data-trk=\"{&quot;cta&quot;:{&quot;action&quot;:&quot;https:\\\/\\\/moncompte.actu.fr&quot;,&quot;category&quot;:&quot;mon compte&quot;,&quot;from&quot;:&quot;article footer&quot;,&quot;name&quot;:&quot;Mon actu&quot;,&quot;type&quot;:&quot;cta&quot;}}\" target=\"_blank\">Mon Actu<\/a>.<\/p>\n<p>                    <script async src=\"\/\/www.instagram.com\/embed.js\"><\/script><\/p>\n","protected":false},"excerpt":{"rendered":"Par R\u00e9daction Nantes Publi\u00e9 le 7 oct. 2025 \u00e0 12h04 Apr\u00e8s avoir annonc\u00e9 quatre Z\u00e9niths parisiens complets, Th\u00e9odora&hellip;\n","protected":false},"author":2,"featured_media":444855,"comment_status":"","ping_status":"","sticky":false,"template":"","format":"standard","meta":{"footnotes":""},"categories":[2818],"tags":[1111,11,1697,1777,674,1011,27,1652,873,766,12,2636,25],"class_list":{"0":"post-444854","1":"post","2":"type-post","3":"status-publish","4":"format-standard","5":"has-post-thumbnail","7":"category-nantes","8":"tag-actu","9":"tag-actualites","10":"tag-concert","11":"tag-eu","12":"tag-europe","13":"tag-fr","14":"tag-france","15":"tag-loisirs-culture","16":"tag-musique","17":"tag-nantes","18":"tag-news","19":"tag-pays-de-la-loire","20":"tag-republique-francaise"},"share_on_mastodon":{"url":"https:\/\/pubeurope.com\/@fr\/115332400140279216","error":""},"_links":{"self":[{"href":"https:\/\/www.europesays.com\/fr\/wp-json\/wp\/v2\/posts\/444854","targetHints":{"allow":["GET"]}}],"collection":[{"href":"https:\/\/www.europesays.com\/fr\/wp-json\/wp\/v2\/posts"}],"about":[{"href":"https:\/\/www.europesays.com\/fr\/wp-json\/wp\/v2\/types\/post"}],"author":[{"embeddable":true,"href":"https:\/\/www.europesays.com\/fr\/wp-json\/wp\/v2\/users\/2"}],"replies":[{"embeddable":true,"href":"https:\/\/www.europesays.com\/fr\/wp-json\/wp\/v2\/comments?post=444854"}],"version-history":[{"count":0,"href":"https:\/\/www.europesays.com\/fr\/wp-json\/wp\/v2\/posts\/444854\/revisions"}],"wp:featuredmedia":[{"embeddable":true,"href":"https:\/\/www.europesays.com\/fr\/wp-json\/wp\/v2\/media\/444855"}],"wp:attachment":[{"href":"https:\/\/www.europesays.com\/fr\/wp-json\/wp\/v2\/media?parent=444854"}],"wp:term":[{"taxonomy":"category","embeddable":true,"href":"https:\/\/www.europesays.com\/fr\/wp-json\/wp\/v2\/categories?post=444854"},{"taxonomy":"post_tag","embeddable":true,"href":"https:\/\/www.europesays.com\/fr\/wp-json\/wp\/v2\/tags?post=444854"}],"curies":[{"name":"wp","href":"https:\/\/api.w.org\/{rel}","templated":true}]}}