{"id":444856,"date":"2025-10-07T10:25:15","date_gmt":"2025-10-07T10:25:15","guid":{"rendered":"https:\/\/www.europesays.com\/fr\/444856\/"},"modified":"2025-10-07T10:25:15","modified_gmt":"2025-10-07T10:25:15","slug":"un-festival-sur-des-films-historiques-revient-pres-de-bordeaux","status":"publish","type":"post","link":"https:\/\/www.europesays.com\/fr\/444856\/","title":{"rendered":"Un festival sur des films historiques revient pr\u00e8s de Bordeaux !"},"content":{"rendered":"<p>Le\u00a035\u1d49 festival du film d\u2019histoire de Pessac\u00a0se d\u00e9roulera du\u00a018 au 23 novembre 2025\u00a0au cin\u00e9ma <a href=\"https:\/\/www.webeustache.com\" target=\"_blank\" rel=\"noreferrer noopener nofollow\">Jean-Eustache<\/a>, et le th\u00e8me de cette \u00e9dition promet de r\u00e9sonner avec l\u2019actualit\u00e9 :\u00a0\u00ab Secret et mensonge \u00bb.<\/p>\n<p style=\"font-size:16px\">Dans un contexte o\u00f9 <strong>les fake news se multiplient<\/strong> sur les r\u00e9seaux sociaux et o\u00f9 certaines sph\u00e8res politiques n\u2019h\u00e9sitent plus \u00e0 promouvoir <strong>des \u00ab v\u00e9rit\u00e9s alternatives \u00bb<\/strong>, le festival s\u2019int\u00e9resse aux m\u00e9canismes de d\u00e9sinformation et \u00e0 la manipulation de l\u2019information \u00e0 travers l\u2019histoire.<\/p>\n<p><img fetchpriority=\"high\" decoding=\"async\" width=\"948\" height=\"627\" src=\"https:\/\/www.europesays.com\/fr\/wp-content\/uploads\/2025\/10\/image-93.png\" alt=\"\" class=\"wp-image-84834\" style=\"width:436px;height:auto\"  \/>Le festival explore la d\u00e9sinformation historique et moderne face aux fake news et \u00ab v\u00e9rit\u00e9s alternatives \u00bb actuelles. \u00a9Cinema-histoire-Pessac<\/p>\n<p style=\"font-size:16px\">Une cinquantaine de films seront projet\u00e9s cette ann\u00e9e, explorant la th\u00e9matique sous diff\u00e9rents angles, allant de l\u2019histoire politique \u00e0 la fiction historique. Parmi les titres d\u00e9j\u00e0 annonc\u00e9s, plusieurs se distinguent particuli\u00e8rement :<\/p>\n<p><img loading=\"lazy\" decoding=\"async\" width=\"1024\" height=\"686\" src=\"https:\/\/www.europesays.com\/fr\/wp-content\/uploads\/2025\/10\/1-1024x686.jpeg\" alt=\"\" class=\"wp-image-84830\" style=\"width:728px;height:auto\"  \/>Le festival inclut une conf\u00e9rence de David Colon sur les strat\u00e9gies modernes de d\u00e9sinformation et propagande.<\/p>\n<ul class=\"wp-block-list\">\n<li style=\"font-size:16px\"><strong>\u00ab Underground \u00bb<\/strong>, d\u2019Emir Kusturica, sur la dissimulation et la manipulation de faits historiques.<\/li>\n<li style=\"font-size:16px\"><strong>\u00ab Orwell : 2 + 2 = 5 \u00bb<\/strong>, documentaire r\u00e9alis\u00e9 par Raoul Peck sur l\u2019auteur de\u00a01984\u00a0et\u00a0La Ferme des animaux, sera projet\u00e9 en\u00a0<strong>avant-premi\u00e8re fran\u00e7aise<\/strong>. Ce film explore la vision d\u2019Orwell sur le totalitarisme.<\/li>\n<\/ul>\n<p style=\"font-size:16px\">La th\u00e9matique du festival ne se limite pas \u00e0 la projection des films. La\u00a0<strong>conf\u00e9rence inaugurale<\/strong>\u00a0sera prononc\u00e9e par\u00a0<strong>David Colon<\/strong>, professeur \u00e0 Sciences Po Paris et sp\u00e9cialiste de l\u2019histoire de la propagande. Intitul\u00e9e\u00a0<strong>\u00ab La Guerre de l\u2019information : secret et mensonge dans le monde contemporain \u00bb<\/strong>, elle abordera les strat\u00e9gies de d\u00e9sinformation dans le monde moderne.<\/p>\n<p style=\"font-size:16px\">Pour retrouver tous les d\u00e9tails sur la programmation, les projections et les conf\u00e9rences, le site officiel du festival est disponible \u00e0 l\u2019adresse\u00a0<a href=\"https:\/\/www.cinema-histoire-pessac.com\/\" target=\"_blank\" rel=\"noreferrer noopener nofollow\">cinema-histoire-pessac.com<\/a>. <\/p>\n<p style=\"font-size:16px\">\u00c0 lire aussi : <a href=\"https:\/\/www.bougerabordeaux.com\/sorties\/concertetfestival\/abba-mania-le-tribute-ultime-debarque-a-bordeaux\/\" rel=\"nofollow noopener\" target=\"_blank\">Abba Mania : Le Tribute Ultime d\u00e9barque \u00e0 Bordeaux\u00a0!<\/a><\/p>\n","protected":false},"excerpt":{"rendered":"Le\u00a035\u1d49 festival du film d\u2019histoire de Pessac\u00a0se d\u00e9roulera du\u00a018 au 23 novembre 2025\u00a0au cin\u00e9ma Jean-Eustache, et le th\u00e8me&hellip;\n","protected":false},"author":2,"featured_media":444857,"comment_status":"","ping_status":"","sticky":false,"template":"","format":"standard","meta":{"footnotes":""},"categories":[2817],"tags":[1111,11,1997,1777,674,1011,27,12,2219,25],"class_list":{"0":"post-444856","1":"post","2":"type-post","3":"status-publish","4":"format-standard","5":"has-post-thumbnail","7":"category-bordeaux","8":"tag-actu","9":"tag-actualites","10":"tag-bordeaux","11":"tag-eu","12":"tag-europe","13":"tag-fr","14":"tag-france","15":"tag-news","16":"tag-nouvelle-aquitaine","17":"tag-republique-francaise"},"share_on_mastodon":{"url":"https:\/\/pubeurope.com\/@fr\/115332404604951956","error":""},"_links":{"self":[{"href":"https:\/\/www.europesays.com\/fr\/wp-json\/wp\/v2\/posts\/444856","targetHints":{"allow":["GET"]}}],"collection":[{"href":"https:\/\/www.europesays.com\/fr\/wp-json\/wp\/v2\/posts"}],"about":[{"href":"https:\/\/www.europesays.com\/fr\/wp-json\/wp\/v2\/types\/post"}],"author":[{"embeddable":true,"href":"https:\/\/www.europesays.com\/fr\/wp-json\/wp\/v2\/users\/2"}],"replies":[{"embeddable":true,"href":"https:\/\/www.europesays.com\/fr\/wp-json\/wp\/v2\/comments?post=444856"}],"version-history":[{"count":0,"href":"https:\/\/www.europesays.com\/fr\/wp-json\/wp\/v2\/posts\/444856\/revisions"}],"wp:featuredmedia":[{"embeddable":true,"href":"https:\/\/www.europesays.com\/fr\/wp-json\/wp\/v2\/media\/444857"}],"wp:attachment":[{"href":"https:\/\/www.europesays.com\/fr\/wp-json\/wp\/v2\/media?parent=444856"}],"wp:term":[{"taxonomy":"category","embeddable":true,"href":"https:\/\/www.europesays.com\/fr\/wp-json\/wp\/v2\/categories?post=444856"},{"taxonomy":"post_tag","embeddable":true,"href":"https:\/\/www.europesays.com\/fr\/wp-json\/wp\/v2\/tags?post=444856"}],"curies":[{"name":"wp","href":"https:\/\/api.w.org\/{rel}","templated":true}]}}