{"id":444860,"date":"2025-10-07T10:27:12","date_gmt":"2025-10-07T10:27:12","guid":{"rendered":"https:\/\/www.europesays.com\/fr\/444860\/"},"modified":"2025-10-07T10:27:12","modified_gmt":"2025-10-07T10:27:12","slug":"toulouse-projection-de-la-marche-aux-etoiles-a-la-cite-de-lespace","status":"publish","type":"post","link":"https:\/\/www.europesays.com\/fr\/444860\/","title":{"rendered":"Toulouse. Projection de \u00ab La Marche aux \u00e9toiles \u00bb \u00e0 la Cit\u00e9 de l\u2019espace"},"content":{"rendered":"<p>            <a href=\"https:\/\/www.europesays.com\/fr\/wp-content\/uploads\/2025\/10\/cite-lune.jpg\"><img fetchpriority=\"high\" decoding=\"async\" class=\"wp-image-67652\" src=\"https:\/\/www.europesays.com\/fr\/wp-content\/uploads\/2025\/10\/cite-lune.jpg\" alt=\"Toulouse. Projection de \u00ab La Marche aux \u00e9toiles \u00bb \u00e0 la Cit\u00e9 de l\u2019espacecdr\" width=\"600\" height=\"400\"  \/><\/a>Toulouse. Projection de \u00ab La Marche aux \u00e9toiles \u00bb \u00e0 la Cit\u00e9 de l\u2019espace<br \/>cdr<\/p>\n<p>\u00c0 l\u2019occasion de l\u2019\u00e9v\u00e9nement \u00ab\u00a0Le Jour de la Nuit\u00a0\u00bb (op\u00e9ration nationale de sensibilisation \u00e0 la pollution lumineuse), la Cit\u00e9 de l\u2019espace accueille l\u2019\u00e9crivain Olivier Bleys et sa compagne, la journaliste Julie Philippe pour la projection de leur documentaire \u00ab La Marche aux \u00e9toiles \u00bb.<\/p>\n<p>Un voyage cin\u00e9matographique<\/p>\n<p>Ce documentaire scientifique de 55 minutes, tourn\u00e9 en Californie, propose un voyage cin\u00e9matographique \u00e0 travers montagnes et d\u00e9serts pour explorer la nature am\u00e9ricaine et partager les r\u00e9flexions de l\u2019auteur sur l\u2019Univers.<\/p>\n<p>On y d\u00e9couvre des notions fondamentales <a href=\"https:\/\/www.toulouseinfos.fr\/actualites\/societe\/68006-festival-astronomie-fleurance-2.html\" target=\"_blank\" rel=\"noopener nofollow\">de l\u2019astronomie<\/a> comme le spectre \u00e9lectro-magn\u00e9tique, mais aussi ses \u00e9volutions r\u00e9centes, comme l\u2019optique adaptative ou les t\u00e9lescopes orbitaux. Enrichi d\u2019interviews et de t\u00e9moignages, le film ouvre enfin sur les grands d\u00e9bats actuels : prolif\u00e9ration des minisatellites, d\u00e9bris spatiaux.<\/p>\n<p><strong>Mercredi 8 octobre \u00e0 19h \u00e0 la Cit\u00e9 de l\u2019espace<\/strong><\/p>\n<p>\u00a0<\/p>\n<p style=\"text-align: right;\">La r\u00e9daction<\/p>\n","protected":false},"excerpt":{"rendered":"Toulouse. Projection de \u00ab La Marche aux \u00e9toiles \u00bb \u00e0 la Cit\u00e9 de l\u2019espacecdr \u00c0 l\u2019occasion de l\u2019\u00e9v\u00e9nement&hellip;\n","protected":false},"author":2,"featured_media":444861,"comment_status":"","ping_status":"","sticky":false,"template":"","format":"standard","meta":{"footnotes":""},"categories":[2816],"tags":[1111,11,1777,674,1011,27,12,2680,25,2312],"class_list":{"0":"post-444860","1":"post","2":"type-post","3":"status-publish","4":"format-standard","5":"has-post-thumbnail","7":"category-toulouse","8":"tag-actu","9":"tag-actualites","10":"tag-eu","11":"tag-europe","12":"tag-fr","13":"tag-france","14":"tag-news","15":"tag-occitanie","16":"tag-republique-francaise","17":"tag-toulouse"},"share_on_mastodon":{"url":"https:\/\/pubeurope.com\/@fr\/115332411883974833","error":""},"_links":{"self":[{"href":"https:\/\/www.europesays.com\/fr\/wp-json\/wp\/v2\/posts\/444860","targetHints":{"allow":["GET"]}}],"collection":[{"href":"https:\/\/www.europesays.com\/fr\/wp-json\/wp\/v2\/posts"}],"about":[{"href":"https:\/\/www.europesays.com\/fr\/wp-json\/wp\/v2\/types\/post"}],"author":[{"embeddable":true,"href":"https:\/\/www.europesays.com\/fr\/wp-json\/wp\/v2\/users\/2"}],"replies":[{"embeddable":true,"href":"https:\/\/www.europesays.com\/fr\/wp-json\/wp\/v2\/comments?post=444860"}],"version-history":[{"count":0,"href":"https:\/\/www.europesays.com\/fr\/wp-json\/wp\/v2\/posts\/444860\/revisions"}],"wp:featuredmedia":[{"embeddable":true,"href":"https:\/\/www.europesays.com\/fr\/wp-json\/wp\/v2\/media\/444861"}],"wp:attachment":[{"href":"https:\/\/www.europesays.com\/fr\/wp-json\/wp\/v2\/media?parent=444860"}],"wp:term":[{"taxonomy":"category","embeddable":true,"href":"https:\/\/www.europesays.com\/fr\/wp-json\/wp\/v2\/categories?post=444860"},{"taxonomy":"post_tag","embeddable":true,"href":"https:\/\/www.europesays.com\/fr\/wp-json\/wp\/v2\/tags?post=444860"}],"curies":[{"name":"wp","href":"https:\/\/api.w.org\/{rel}","templated":true}]}}