{"id":444862,"date":"2025-10-07T10:28:10","date_gmt":"2025-10-07T10:28:10","guid":{"rendered":"https:\/\/www.europesays.com\/fr\/444862\/"},"modified":"2025-10-07T10:28:10","modified_gmt":"2025-10-07T10:28:10","slug":"top-14-lunion-bordeaux-begles-devrait-faire-tourner-pour-le-choc-a-toulouse","status":"publish","type":"post","link":"https:\/\/www.europesays.com\/fr\/444862\/","title":{"rendered":"Top 14 &#8211; L&rsquo;Union Bordeaux-B\u00e8gles devrait faire tourner pour le choc \u00e0 Toulouse"},"content":{"rendered":"<p>\n                Apr\u00e8s cinq premi\u00e8res journ\u00e9es de Top 14 intenses, l\u2019Union Bordeaux-B\u00e8gles devrait effectuer un large turn-over pour se rendre \u00e0 Toulouse ce dimanche lors de la 6e journ\u00e9e de championnat, notamment au niveau de sa ligne d\u2019attaque.\n            <\/p>\n<p>Yannick Bru et le staff de l\u2019Union Bordeaux-B\u00e8gles n\u2019ont pas eu la marge de man\u0153uvre n\u00e9cessaire pour ma\u00eetriser le temps de jeu de leurs joueurs en ce d\u00e9but de saison, notamment au niveau de sa ligne d\u2019attaque, <strong><a href=\"https:\/\/www.rugbyrama.fr\/2025\/10\/05\/top-14-si-on-ne-joue-que-40-minutes-contre-toulouse-ca-va-etre-complique-previent-louis-bielle-biarrey-12972292.php\" target=\"_self\" rel=\"nofollow noopener\">comme le rappelait l\u2019ailier international Louis Bielle-Biarrey<\/a><\/strong>, qui a disput\u00e9 l\u2019int\u00e9gralit\u00e9 de toutes les rencontres depuis le d\u00e9but de la saison, apr\u00e8s la victoire face \u00e0 Lyon\u00a0: \u00ab\u00a0Je ne sais pas quand je vais souffler. Mais Yannick est vigilant par rapport \u00e0 \u00e7a. Apr\u00e8s, nous avons eu beaucoup de bless\u00e9s notamment sur le champ profond avec les absences de Salesi Rayasi, Arthur Reti\u00e8re et Romain Buros. Il faut encha\u00eener mais je me sens bien donc \u00e7a me va. Apr\u00e8s, ce n\u2019est pas moi qui peux vous dire si je vais jouer le prochain match.\u00a0\u00bb<\/p>\n<p>Des intenationaux au repos<\/p>\n<p>Yannick Bru devrait profiter du d\u00e9placement \u00e0 Toulouse pour offrir un temps de r\u00e9g\u00e9n\u00e9ration aux joueurs les plus utilis\u00e9s depuis le d\u00e9but de la saison alors que l\u2019UBB va devoir g\u00e9rer deux d\u00e9placements cons\u00e9cutifs. Selon l\u2019Equipe, Louis Bielle-Biarrey et Nicolas Depoortere qui ont disput\u00e9 toutes les minutes de Top 14 cette saison ne seront pas du voyage, tout comme Damian Penaud et Matthieu Jalibert.<\/p>\n","protected":false},"excerpt":{"rendered":"Apr\u00e8s cinq premi\u00e8res journ\u00e9es de Top 14 intenses, l\u2019Union Bordeaux-B\u00e8gles devrait effectuer un large turn-over pour se rendre&hellip;\n","protected":false},"author":2,"featured_media":444863,"comment_status":"","ping_status":"","sticky":false,"template":"","format":"standard","meta":{"footnotes":""},"categories":[2816],"tags":[1111,11,1777,674,1011,27,12,2680,25,2312],"class_list":{"0":"post-444862","1":"post","2":"type-post","3":"status-publish","4":"format-standard","5":"has-post-thumbnail","7":"category-toulouse","8":"tag-actu","9":"tag-actualites","10":"tag-eu","11":"tag-europe","12":"tag-fr","13":"tag-france","14":"tag-news","15":"tag-occitanie","16":"tag-republique-francaise","17":"tag-toulouse"},"share_on_mastodon":{"url":"https:\/\/pubeurope.com\/@fr\/115332415802383371","error":""},"_links":{"self":[{"href":"https:\/\/www.europesays.com\/fr\/wp-json\/wp\/v2\/posts\/444862","targetHints":{"allow":["GET"]}}],"collection":[{"href":"https:\/\/www.europesays.com\/fr\/wp-json\/wp\/v2\/posts"}],"about":[{"href":"https:\/\/www.europesays.com\/fr\/wp-json\/wp\/v2\/types\/post"}],"author":[{"embeddable":true,"href":"https:\/\/www.europesays.com\/fr\/wp-json\/wp\/v2\/users\/2"}],"replies":[{"embeddable":true,"href":"https:\/\/www.europesays.com\/fr\/wp-json\/wp\/v2\/comments?post=444862"}],"version-history":[{"count":0,"href":"https:\/\/www.europesays.com\/fr\/wp-json\/wp\/v2\/posts\/444862\/revisions"}],"wp:featuredmedia":[{"embeddable":true,"href":"https:\/\/www.europesays.com\/fr\/wp-json\/wp\/v2\/media\/444863"}],"wp:attachment":[{"href":"https:\/\/www.europesays.com\/fr\/wp-json\/wp\/v2\/media?parent=444862"}],"wp:term":[{"taxonomy":"category","embeddable":true,"href":"https:\/\/www.europesays.com\/fr\/wp-json\/wp\/v2\/categories?post=444862"},{"taxonomy":"post_tag","embeddable":true,"href":"https:\/\/www.europesays.com\/fr\/wp-json\/wp\/v2\/tags?post=444862"}],"curies":[{"name":"wp","href":"https:\/\/api.w.org\/{rel}","templated":true}]}}