{"id":444866,"date":"2025-10-07T10:31:12","date_gmt":"2025-10-07T10:31:12","guid":{"rendered":"https:\/\/www.europesays.com\/fr\/444866\/"},"modified":"2025-10-07T10:31:12","modified_gmt":"2025-10-07T10:31:12","slug":"psg-script-de-fou-ethan-et-kylian-mbappe-ont-vecu-une-soiree-memorable-2","status":"publish","type":"post","link":"https:\/\/www.europesays.com\/fr\/444866\/","title":{"rendered":"PSG : \u00ab Script de fou \u00bb\u2026 Ethan et Kylian Mbapp\u00e9 ont v\u00e9cu une soir\u00e9e m\u00e9morable"},"content":{"rendered":"<p class=\"mb-4 text-lg md:leading-8 break-words\"><strong>Family Affair &#8211; Sous les yeux de son grand fr\u00e8re superstar du Real Madrid, pr\u00e9sent au stade Pierre Mauroy dimanche, Ethan Mbapp\u00e9 (18 ans) a permis au Losc d\u2019arracher un match nul (1-1) contre son club formateur, quatre minutes apr\u00e8s son entr\u00e9e en jeu<\/strong><\/p>\n<p class=\"mb-4 text-lg md:leading-8 break-words\">Dire qu\u2019on pensait avant tout dimanche soir aux retrouvailles entre <a href=\"https:\/\/www.20minutes.fr\/sport\/football\/lucas-chevalier\/?at_medium=RSS%20feed&amp;at_campaign=ynews&amp;utm_source=yahoo&amp;utm_medium=rss&amp;utm_campaign=news_feed&amp;utm_content=in_article_link\" rel=\"nofollow noopener\" target=\"_blank\" data-ylk=\"slk:Lucas Chevalier;elm:context_link;itc:0;sec:content-canvas\" class=\"link \">Lucas Chevalier<\/a> et le stade Pierre Mauroy, \u00e0 l\u2019occasion de <a href=\"https:\/\/www.20minutes.fr\/sport\/football\/ligue-1\/4176993-20251005-direct-lille-psg-voila-choc-fait-saliver-entre-deux-heros-europeens-semaine-suivez-match-20h15?at_medium=RSS%20feed&amp;at_campaign=ynews&amp;utm_source=yahoo&amp;utm_medium=rss&amp;utm_campaign=news_feed&amp;utm_content=in_article_link\" rel=\"nofollow noopener\" target=\"_blank\" data-ylk=\"slk:l\u2019affiche Losc-PSG (1-1);elm:context_link;itc:0;sec:content-canvas\" class=\"link \">l\u2019affiche Losc-PSG (1-1)<\/a>. Notre Ligue des talents nous offrait pourtant sur un plateau un divertissement bien plus prononc\u00e9. Imaginez donc qu\u2019Ethan Mbapp\u00e9 (18 ans), form\u00e9 au <a href=\"https:\/\/www.20minutes.fr\/sport\/psg\/?at_medium=RSS%20feed&amp;at_campaign=ynews&amp;utm_source=yahoo&amp;utm_medium=rss&amp;utm_campaign=news_feed&amp;utm_content=in_article_link\" rel=\"nofollow noopener\" target=\"_blank\" data-ylk=\"slk:PSG;elm:context_link;itc:0;sec:content-canvas\" class=\"link \">PSG<\/a> de 2017 \u00e0 2024 avant de quitter le club sans s\u2019y voir proposer un premier contrat professionnel, ne se montre d\u00e9cisif. Et plus encore avec en premier supporteur en tribunes sa superstar de grand fr\u00e8re <a href=\"https:\/\/www.20minutes.fr\/sport\/kylian-mbappe\/?at_medium=RSS%20feed&amp;at_campaign=ynews&amp;utm_source=yahoo&amp;utm_medium=rss&amp;utm_campaign=news_feed&amp;utm_content=in_article_link\" rel=\"nofollow noopener\" target=\"_blank\" data-ylk=\"slk:Kylian;elm:context_link;itc:0;sec:content-canvas\" class=\"link \">Kylian<\/a>, toujours <a href=\"https:\/\/www.20minutes.fr\/sport\/football\/4153113-20250512-litige-mbappe-psg-joueur-recupere-14-millions-55-reclames?at_medium=RSS%20feed&amp;at_campaign=ynews&amp;utm_source=yahoo&amp;utm_medium=rss&amp;utm_campaign=news_feed&amp;utm_content=in_article_link\" rel=\"nofollow noopener\" target=\"_blank\" data-ylk=\"slk:en litige financier avec la direction du PSG;elm:context_link;itc:0;sec:content-canvas\" class=\"link \">en litige financier avec la direction du PSG<\/a>.<\/p>\n<p class=\"mb-4 text-lg md:leading-8 break-words\">Le hasard du calendrier a rendu ce sc\u00e9nario possible, entre un match du <a href=\"https:\/\/www.20minutes.fr\/sport\/real_madrid\/?at_medium=RSS%20feed&amp;at_campaign=ynews&amp;utm_source=yahoo&amp;utm_medium=rss&amp;utm_campaign=news_feed&amp;utm_content=in_article_link\" rel=\"nofollow noopener\" target=\"_blank\" data-ylk=\"slk:Real Madrid;elm:context_link;itc:0;sec:content-canvas\" class=\"link \">Real Madrid<\/a> programm\u00e9 samedi (3-1 contre Villarreal, avec d\u00e9j\u00e0 le 14e but du \u00ab Kyk\u2019s \u00bb cette saison) et le rassemblement de l\u2019<a href=\"https:\/\/www.20minutes.fr\/sport\/equipe-de-france-de-football\/?at_medium=RSS%20feed&amp;at_campaign=ynews&amp;utm_source=yahoo&amp;utm_medium=rss&amp;utm_campaign=news_feed&amp;utm_content=in_article_link\" rel=\"nofollow noopener\" target=\"_blank\" data-ylk=\"slk:\u00e9quipe de France;elm:context_link;itc:0;sec:content-canvas\" class=\"link \">\u00e9quipe de France<\/a>, ce lundi \u00e0 <a href=\"https:\/\/www.20minutes.fr\/sport\/clairefontaine\/?at_medium=RSS%20feed&amp;at_campaign=ynews&amp;utm_source=yahoo&amp;utm_medium=rss&amp;utm_campaign=news_feed&amp;utm_content=in_article_link\" rel=\"nofollow noopener\" target=\"_blank\" data-ylk=\"slk:Clairefontaine;elm:context_link;itc:0;sec:content-canvas\" class=\"link \">Clairefontaine<\/a>, pour une \u00e9ni\u00e8me tr\u00eave internationale. Mais \u00e0 quoi tenait donc notre belle histoire de cette 7e journ\u00e9e de Ligue 1 ? A une balle de break myst\u00e9rieusement croqu\u00e9e par Achraf Hakimi \u00e0 la 83e minute de jeu, sur un caviar de Nuno Mendes, buteur plus t\u00f4t sur <a href=\"https:\/\/x.com\/PSG_inside\/status\/1974970479917388084?at_medium=RSS%20feed&amp;at_campaign=ynews&amp;utm_source=yahoo&amp;utm_medium=rss&amp;utm_campaign=news_feed&amp;utm_content=in_article_link\" rel=\"nofollow noopener\" target=\"_blank\" data-ylk=\"slk:un merveilleux coup franc;elm:context_link;itc:0;sec:content-canvas\" class=\"link \">un merveilleux coup franc<\/a> (0-1, 66e).<\/p>\n<p>Un apport hyper rentable en ce d\u00e9but de saison<\/p>\n<p class=\"mb-4 text-lg md:leading-8 break-words\">Seulement quatre minutes apr\u00e8s son entr\u00e9e en jeu \u00e0 la place de Matias Fernandez-Pardo (81e), Ethan Mbapp\u00e9 a \u00e9t\u00e9 d\u00e9cal\u00e9 par Hamza Igamane sur le c\u00f4t\u00e9 droit de la surface parisienne. Profitant du bel appel de Thiago Santos, le jeune milieu offensif a alors feint\u00e9 Willian Pacho pour repiquer sur son pied gauche et d\u00e9clencher une frappe. Celle-ci a \u00e9(&#8230;)<\/p>\n<p class=\"mb-4 text-lg md:leading-8 break-words\"><a href=\"https:\/\/www.20minutes.fr\/sport\/football\/ligue-1\/4177244-20251006-lille-psg-script-fou-ethan-kylian-mbappe-vecu-soiree-memorable?at_medium=RSS%20feed&amp;at_campaign=ynews&amp;utm_source=yahoo&amp;utm_medium=rss&amp;utm_campaign=news_feed&amp;utm_content=read_more_link&quot;\" rel=\"nofollow noopener\" target=\"_blank\" data-ylk=\"slk:Lire la suite sur 20minutes;elm:context_link;itc:0;sec:content-canvas\" class=\"link \">Lire la suite sur 20minutes<\/a><\/p>\n<p>\u00c0 lire aussi :<br \/><a href=\"https:\/\/www.20minutes.fr\/sport\/football\/ligue-1\/4173002-20250914-losc-toulouse-kylian-mbappe-qualifie-frere-ethan-starboy-apres-premier-but-professionnel-decisif?at_medium=RSS%20feed&amp;at_campaign=ynews&amp;utm_source=yahoo&amp;utm_medium=rss&amp;utm_campaign=news_feed&amp;utm_content=related_content_link\" rel=\"nofollow noopener\" target=\"_blank\" data-ylk=\"slk:Losc - Toulouse : Kylian Mbapp\u00e9 qualifie son fr\u00e8re Ethan de \u00ab starboy \u00bb apr\u00e8s son premier but professionnel d\u00e9cisif;elm:context_link;itc:0;sec:content-canvas\" class=\"link \">Losc &#8211; Toulouse : Kylian Mbapp\u00e9 qualifie son fr\u00e8re Ethan de \u00ab starboy \u00bb apr\u00e8s son premier but professionnel d\u00e9cisif<\/a><br \/><a href=\"https:\/\/www.20minutes.fr\/sport\/football\/4172422-20250911-wilfrid-mbappe-defend-style-jeu-fiston-critique-mec-met-60-buts-saison?at_medium=RSS%20feed&amp;at_campaign=ynews&amp;utm_source=yahoo&amp;utm_medium=rss&amp;utm_campaign=news_feed&amp;utm_content=related_content_link\" rel=\"nofollow noopener\" target=\"_blank\" data-ylk=\"slk:Wilfrid Mbapp\u00e9 d\u00e9fend le style de jeu de son fiston : \u00ab On critique un mec qui met 60 buts par saison \u00bb;elm:context_link;itc:0;sec:content-canvas\" class=\"link \">Wilfrid Mbapp\u00e9 d\u00e9fend le style de jeu de son fiston : \u00ab On critique un mec qui met 60 buts par saison \u00bb<\/a><\/p>\n","protected":false},"excerpt":{"rendered":"Family Affair &#8211; Sous les yeux de son grand fr\u00e8re superstar du Real Madrid, pr\u00e9sent au stade Pierre&hellip;\n","protected":false},"author":2,"featured_media":444867,"comment_status":"","ping_status":"","sticky":false,"template":"","format":"standard","meta":{"footnotes":""},"categories":[2815],"tags":[14568,1111,11,46540,57026,1777,674,1011,27,39078,811,1307,2267,4668,5358,12,5210,57117,93,4790,25,2312,48319,13197],"class_list":{"0":"post-444866","1":"post","2":"type-post","3":"status-publish","4":"format-standard","5":"has-post-thumbnail","7":"category-lille","8":"tag-achraf-hakimi","9":"tag-actu","10":"tag-actualites","11":"tag-debut-de-saison","12":"tag-ethan","13":"tag-eu","14":"tag-europe","15":"tag-fr","16":"tag-france","17":"tag-hamza-igamane","18":"tag-hauts-de-france","19":"tag-lille","20":"tag-losc","21":"tag-lucas-chevalier","22":"tag-mbappe","23":"tag-news","24":"tag-nuno-mendes","25":"tag-pierre-mauroy","26":"tag-psg","27":"tag-real-madrid","28":"tag-republique-francaise","29":"tag-toulouse","30":"tag-villarreal","31":"tag-willian-pacho"},"share_on_mastodon":{"url":"https:\/\/pubeurope.com\/@fr\/115332427549305608","error":""},"_links":{"self":[{"href":"https:\/\/www.europesays.com\/fr\/wp-json\/wp\/v2\/posts\/444866","targetHints":{"allow":["GET"]}}],"collection":[{"href":"https:\/\/www.europesays.com\/fr\/wp-json\/wp\/v2\/posts"}],"about":[{"href":"https:\/\/www.europesays.com\/fr\/wp-json\/wp\/v2\/types\/post"}],"author":[{"embeddable":true,"href":"https:\/\/www.europesays.com\/fr\/wp-json\/wp\/v2\/users\/2"}],"replies":[{"embeddable":true,"href":"https:\/\/www.europesays.com\/fr\/wp-json\/wp\/v2\/comments?post=444866"}],"version-history":[{"count":0,"href":"https:\/\/www.europesays.com\/fr\/wp-json\/wp\/v2\/posts\/444866\/revisions"}],"wp:featuredmedia":[{"embeddable":true,"href":"https:\/\/www.europesays.com\/fr\/wp-json\/wp\/v2\/media\/444867"}],"wp:attachment":[{"href":"https:\/\/www.europesays.com\/fr\/wp-json\/wp\/v2\/media?parent=444866"}],"wp:term":[{"taxonomy":"category","embeddable":true,"href":"https:\/\/www.europesays.com\/fr\/wp-json\/wp\/v2\/categories?post=444866"},{"taxonomy":"post_tag","embeddable":true,"href":"https:\/\/www.europesays.com\/fr\/wp-json\/wp\/v2\/tags?post=444866"}],"curies":[{"name":"wp","href":"https:\/\/api.w.org\/{rel}","templated":true}]}}