{"id":444870,"date":"2025-10-07T10:33:17","date_gmt":"2025-10-07T10:33:17","guid":{"rendered":"https:\/\/www.europesays.com\/fr\/444870\/"},"modified":"2025-10-07T10:33:17","modified_gmt":"2025-10-07T10:33:17","slug":"violente-agression-dune-agente-de-lecole-saint-louis-leveque-a-marseille","status":"publish","type":"post","link":"https:\/\/www.europesays.com\/fr\/444870\/","title":{"rendered":"Violente agression d&rsquo;une agente de l&rsquo;\u00e9cole Saint-Louis L\u00e9v\u00eaque \u00e0 Marseille"},"content":{"rendered":"<p>Ce mardi 7 octobre au matin, peu avant 7 heures, <strong>une agente de la Ville de <a href=\"https:\/\/www.laprovence.com\/bouches-du-rhone\/marseille-13055\" target=\"_blank\" rel=\"noopener\">Marseille<\/a> a \u00e9t\u00e9 violemment agress\u00e9e<\/strong> sur le parking du personnel \u00e0 l&rsquo;int\u00e9rieur de l&rsquo;\u00e9cole maternelle et primaire Saint-Louis L\u00e9v\u00eaque, dans le 15e arrondissement. Selon un communiqu\u00e9 du syndicat des territoriaux Force ouvri\u00e8re, un individu non identifi\u00e9 lui aurait port\u00e9 de nombreux coups.<\/p>\n<p>La victime \u00e2g\u00e9e de 41 ans, une \u00ab\u00a0tata\u00a0\u00bb selon un personnel de l&rsquo;\u00e9tablissement, a \u00e9t\u00e9 <strong>secourue par ses coll\u00e8gues du restaurant scolaire, alert\u00e9s par ses cris<\/strong>. Elle aurait \u00e9t\u00e9, toujours selon FO, prise en charge par les pompiers en \u00e9tat de choc, les v\u00eatements d\u00e9chir\u00e9s.\u00a0<\/p>\n<p>La quadrag\u00e9naire a \u00e9t\u00e9 prise en charge par les marins-pompiers pour des douleurs au visage et au dos avant d&rsquo;\u00eatre transport\u00e9e \u00e0 l&rsquo;h\u00f4pital.<\/p>\n<p>Pas la premi\u00e8re agression selon un des personnels<\/p>\n<p>\u00ab\u00a0Les agents de pr\u00e9vention, les \u00e9lus de la FSSSCT, le directeur de l&rsquo;\u00c9ducation et la responsable du secteur se sont rendus sur place pour assister le personnel, tr\u00e8s choqu\u00e9\u00a0\u00bb, rapporte Force ouvri\u00e8re.\u00a0<\/p>\n<p>Selon un des personnels de l&rsquo;\u00e9cole, \u00ab\u00a0ce n&rsquo;est pas la premi\u00e8re fois que les agents sont agress\u00e9s dans cet \u00e9tablissement, par des hommes alcoolis\u00e9s qui r\u00f4dent dans les alentours\u00a0\u00bb.\u00a0\u00a0<\/p>\n<p>Force ouvri\u00e8re a demand\u00e9 un droit de retrait des agents<\/p>\n<p>\u00ab\u00a0Une de nos agentes municipales a \u00e9t\u00e9 victime d&rsquo;une violente agression ce matin \u00e0 Marseille, alors qu&rsquo;elle prenait son service\u00a0\u00bb, a r\u00e9agi <a href=\"https:\/\/www.laprovence.com\/article\/elections\/4411600353183314\/municipales-2026-a-marseille-si-on-gagne-martine-vassal-ne-sera-plus-presidente-de-la-metropole-lache-benoit-payan-dvg\" target=\"_blank\" rel=\"noopener\">Beno\u00eet Payan<\/a>. \u00ab\u00a0Cette agression est r\u00e9voltante et je veux dire toute ma solidarit\u00e9 \u00e0 cette victime, qui ne faisait qu&rsquo;exercer son m\u00e9tier. Je suis \u00e0 ses c\u00f4t\u00e9s et aux c\u00f4t\u00e9s de toute l&rsquo;\u00e9quipe.\u00a0Nos agents municipaux sont en premi\u00e8re ligne pour offrir aux Marseillais un service public de qualit\u00e9. Toute violence envers eux est intol\u00e9rable et doit faire l&rsquo;objet de sanctions exemplaires par la justice\u00a0\u00bb, a ajout\u00e9 le maire de Marseille.<\/p>\n<p><strong>Force ouvri\u00e8re a demand\u00e9 un droit de retrait des agents pour le matin, qui a \u00e9t\u00e9 refus\u00e9 par la Ville et l&rsquo;\u00c9ducation nationale<\/strong> qui estimaient que les lieux \u00e9taient s\u00e9curis\u00e9s. Des pique-niques seront livr\u00e9s pour restaurer les enfants et all\u00e9ger les charges des agents municipaux de l&rsquo;\u00e9cole qui pourront cesser le travail \u00e0 13h30, leur droit de retrait ayant \u00e9t\u00e9 accept\u00e9 pour l&rsquo;apr\u00e8s-midi afin d&rsquo;assister \u00e0 la cellule psychologique mise en place. Les enseignants, eux, restent aupr\u00e8s des \u00e9l\u00e8ves et des agents municipaux volants ont \u00e9t\u00e9 appel\u00e9s en renfort.\u00a0<\/p>\n","protected":false},"excerpt":{"rendered":"Ce mardi 7 octobre au matin, peu avant 7 heures, une agente de la Ville de Marseille a&hellip;\n","protected":false},"author":2,"featured_media":444871,"comment_status":"","ping_status":"","sticky":false,"template":"","format":"standard","meta":{"footnotes":""},"categories":[2814],"tags":[17,1111,11,20268,1120,4440,1777,674,1011,27,4112,57119,884,12,882,16,25,13969,5186],"class_list":{"0":"post-444870","1":"post","2":"type-post","3":"status-publish","4":"format-standard","5":"has-post-thumbnail","7":"category-marseille","8":"tag-17","9":"tag-actu","10":"tag-actualites","11":"tag-agente","12":"tag-agression","13":"tag-dune","14":"tag-eu","15":"tag-europe","16":"tag-fr","17":"tag-france","18":"tag-lecole","19":"tag-leveque","20":"tag-marseille","21":"tag-news","22":"tag-provence-alpes-cote-dazur","23":"tag-region","24":"tag-republique-francaise","25":"tag-saint-louis","26":"tag-violente"},"share_on_mastodon":{"url":"https:\/\/pubeurope.com\/@fr\/115332435504224414","error":""},"_links":{"self":[{"href":"https:\/\/www.europesays.com\/fr\/wp-json\/wp\/v2\/posts\/444870","targetHints":{"allow":["GET"]}}],"collection":[{"href":"https:\/\/www.europesays.com\/fr\/wp-json\/wp\/v2\/posts"}],"about":[{"href":"https:\/\/www.europesays.com\/fr\/wp-json\/wp\/v2\/types\/post"}],"author":[{"embeddable":true,"href":"https:\/\/www.europesays.com\/fr\/wp-json\/wp\/v2\/users\/2"}],"replies":[{"embeddable":true,"href":"https:\/\/www.europesays.com\/fr\/wp-json\/wp\/v2\/comments?post=444870"}],"version-history":[{"count":0,"href":"https:\/\/www.europesays.com\/fr\/wp-json\/wp\/v2\/posts\/444870\/revisions"}],"wp:featuredmedia":[{"embeddable":true,"href":"https:\/\/www.europesays.com\/fr\/wp-json\/wp\/v2\/media\/444871"}],"wp:attachment":[{"href":"https:\/\/www.europesays.com\/fr\/wp-json\/wp\/v2\/media?parent=444870"}],"wp:term":[{"taxonomy":"category","embeddable":true,"href":"https:\/\/www.europesays.com\/fr\/wp-json\/wp\/v2\/categories?post=444870"},{"taxonomy":"post_tag","embeddable":true,"href":"https:\/\/www.europesays.com\/fr\/wp-json\/wp\/v2\/tags?post=444870"}],"curies":[{"name":"wp","href":"https:\/\/api.w.org\/{rel}","templated":true}]}}