{"id":444878,"date":"2025-10-07T10:37:17","date_gmt":"2025-10-07T10:37:17","guid":{"rendered":"https:\/\/www.europesays.com\/fr\/444878\/"},"modified":"2025-10-07T10:37:17","modified_gmt":"2025-10-07T10:37:17","slug":"incendie-pres-de-matignon-graves-accidents-tentative-de-feminicide-linfo-a-midi-en-ile-de-france","status":"publish","type":"post","link":"https:\/\/www.europesays.com\/fr\/444878\/","title":{"rendered":"Incendie pr\u00e8s de Matignon, graves accidents, tentative de f\u00e9minicide&#8230; L\u2019info \u00e0 midi en \u00cele-de-France"},"content":{"rendered":"<p>            Par<br \/>\n        <strong><br \/>\n            <a href=\"https:\/\/actu.fr\/auteur\/redaction-paris\" title=\"Consulter tous les articles de R\u00e9daction Paris\" target=\"_blank\" rel=\"noopener\">R\u00e9daction Paris<\/a><br \/>\n        <\/strong><\/p>\n<p>        Publi\u00e9 le<\/p>\n<p>            7 oct. 2025 \u00e0 11h55        <\/p>\n<p>Que s\u2019est-il pass\u00e9 \u00e0 Paris et en \u00cele-de-France en ce mardi 7 octobre 2025 ensoleill\u00e9 ? Voici l\u2019essentiel de l\u2019actualit\u00e9 \u00e0 midi :\u00a0\u00e0 Paris, un camion contenant du gaz s\u2019est embras\u00e9 \u00e0 proximit\u00e9 de Matignon, en Essonne, un homme est soup\u00e7onn\u00e9 d\u2019avoir tent\u00e9 de tuer son ex-compagne et dans les Yvelines, deux graves accidents ont eu lieu sur l\u2019A13 en moins d\u2019un mois.\u00a0<\/p>\n<p>Les informations \u00e0 retenir ce mardi 7 octobre 2025, \u00e0 midi, en \u00cele-de-France<\/p>\n<p class=\"expresso-item wall-content\"><strong>Essonne. <\/strong><a title=\"Lire l&#039;article\" href=\"https:\/\/actu.fr\/ile-de-france\/gometz-la-ville_91274\/essonne-garde-a-vue-prolongee-pour-un-homme-suspecte-d-avoir-tente-de-tuer-son-ex-conjointe_63263818.html\" target=\"_blank\" rel=\"noopener\">Garde \u00e0 vue prolong\u00e9e pour un homme suspect\u00e9 d\u2019avoir tent\u00e9 de tuer son ex-conjointe<\/a><br \/>Une femme de 39 ans a \u00e9t\u00e9 poignard\u00e9e par son ex-conjoint ce dimanche 5 octobre 2025 \u00e0 Gometz-la-Ville. La garde \u00e0 vue du suspect a \u00e9t\u00e9 prolong\u00e9.<\/p>\n<p class=\"expresso-item wall-content\"><strong>Yvelines. <\/strong><a title=\"Lire l&#039;article\" href=\"https:\/\/actu.fr\/ile-de-france\/flins-sur-seine_78238\/serie-noire-sur-la13-deux-graves-accidents-similaires-et-dans-le-meme-secteur-en-un-mois-dans-les-yvelines_63264045.html\" target=\"_blank\" rel=\"noopener\">S\u00e9rie noire sur l\u2019A13 : deux graves accidents similaires et dans le m\u00eame secteur en un mois<\/a><br \/>Un v\u00e9hicule de balisage de la Soci\u00e9t\u00e9 des autoroutes Paris-Normandie (SAPN) a \u00e9t\u00e9 \u00e0 nouveau percut\u00e9 \u00e0 hauteur de Flins-sur-Seine (Yvelines), ce lundi 6 octobre 2025, sur l\u2019A13.<\/p>\n<p class=\"expresso-item wall-content\"><strong>Seine-et-Marne. <\/strong><a title=\"Lire l&#039;article\" href=\"https:\/\/actu.fr\/ile-de-france\/fontainebleau_77186\/fontainebleau-le-retour-de-la-momie-maudite-en-ville-et-autres-riches-curiosites-egyptiennes_63261104.html\" target=\"_blank\" rel=\"noopener\">Fontainebleau : le retour de la momie (maudite) en ville et autres riches curiosit\u00e9s \u00e9gyptiennes !<\/a><br \/>La m\u00e9diath\u00e8que de Fontainebleau accueille une exposition sur l\u2019exp\u00e9dition de Bonaparte en Egypte d\u2019octobre \u00e0 d\u00e9cembre. Des pi\u00e8ces rares sont \u00e0 d\u00e9couvrir, comme une v\u00e9ritable momie.<\/p>\n<p class=\"expresso-item wall-content\"><strong>Val-d\u2019Oise.<\/strong> <a title=\"Lire l&#039;article\" href=\"https:\/\/actu.fr\/ile-de-france\/cergy_95127\/val-doise-juge-pour-avoir-egorge-sa-mere-apres-dix-ans-de-rancoeur_63262801.html\" target=\"_blank\" rel=\"noopener\">Jug\u00e9 pour avoir \u00e9gorg\u00e9 sa m\u00e8re apr\u00e8s \u00ab dix ans de ranc\u0153ur \u00bb<\/a><br \/>Ancien ing\u00e9nieur qui s\u2019est isol\u00e9 au point de devenir SDF \u00e0 force de consommer du cannabis, Samir D., 40 ans, avait \u00e9gorg\u00e9 sa m\u00e8re qui refusait qu\u2019il revienne chez elle \u00e0 Cergy.\u00a0<\/p>\n<p class=\"expresso-item wall-content\"><strong>Paris. <\/strong><a title=\"Lire l&#039;article\" href=\"https:\/\/actu.fr\/ile-de-france\/paris_75056\/paris-un-camion-contenant-des-bouteilles-de-gaz-en-feu-pres-de-matignon_63264255.html\" target=\"_blank\" rel=\"noopener\">Un camion contenant des bouteilles de gaz en feu pr\u00e8s de Matignon<\/a><br \/>Un camion a pris feu ce mardi 7 octobre 2025 rue de Varennes \u00e0 Paris. Il transportait des bouteilles de gaz qui ont explos\u00e9. Aucun bless\u00e9 n\u2019est \u00e0 d\u00e9plorer.<\/p>\n<p class=\" wall-content\"><strong>Suivez-nous pour en savoir plus\u2009!<\/strong><br \/>Vous voulez plus d\u2019infos sur l\u2019\u00cele-de-France\u2009? Vous pouvez nous retrouver sur actu \u00cele-de-France. Pour nous suivre sur les r\u00e9seaux sociaux, dans vos d\u00e9partements\u2009:<\/p>\n<p class=\" wall-content\"><strong>Paris<\/strong>\u2009: retrouvez\u00a0actu\u00a0Paris\u00a0sur\u00a0<a href=\"https:\/\/www.facebook.com\/actufr.paris\/\" target=\"_blank\" rel=\"noopener\">Facebook<\/a>\u00a0et\u00a0<a href=\"https:\/\/twitter.com\/actufrparis\" target=\"_blank\" rel=\"noopener\">Twitter<\/a>\u2009;<br \/><strong>Seine-et-Marne<\/strong>\u2009: retrouvez\u00a0La R\u00e9publique de Seine-et-Marne\u00a0(sud) sur\u00a0<a href=\"https:\/\/www.facebook.com\/RepubliqueSeineMarne\/\" target=\"_blank\" rel=\"noopener\">Facebook<\/a>\u00a0et\u00a0<a href=\"https:\/\/twitter.com\/LaRep77\" target=\"_blank\" rel=\"noopener\">Twitter<\/a>\u2009;\u00a0La Marne\u00a0(nord) sur\u00a0<a href=\"https:\/\/www.facebook.com\/journallarmarne\/?__tn__=%2Cd%2CP-R&amp;eid=ARDLZc91LaHbXzDwChLLLQJVMBLx_ABJremTC2-RG0CYvg0f4f8CLvbV5G1Lli4g_6QoXDcKkU1_LX1W\" target=\"_blank\" rel=\"noopener\">Facebook<\/a>\u00a0et\u00a0<a href=\"https:\/\/twitter.com\/JournalLaMarne\" target=\"_blank\" rel=\"noopener\">Twitter<\/a>\u2009; et\u00a0Le Pays Briard\u00a0sur\u00a0<a href=\"https:\/\/www.facebook.com\/LePaysBriard\/?ref=bookmarks\" target=\"_blank\" rel=\"noopener\">Facebook<\/a>\u00a0et\u00a0<a href=\"https:\/\/twitter.com\/LePaysBriard\" target=\"_blank\" rel=\"noopener\">Twitter<\/a>\u2009;<br \/><strong>Yvelines\u2009:<\/strong>\u00a0retrouvez\u00a078actu\u00a0sur\u00a0<a href=\"https:\/\/www.facebook.com\/78actu\/\" target=\"_blank\" rel=\"noopener\">Facebook<\/a>\u00a0et\u00a0<a href=\"https:\/\/x.com\/78actu\">Twitter<\/a>\u2009;<br \/><strong>Essonne\u2009:<\/strong>\u00a0retrouvez\u00a0actu Essonne\u00a0sur\u00a0<a href=\"https:\/\/www.facebook.com\/actuessonne\/?ref=br_rs\" target=\"_blank\" rel=\"noopener\">Facebook<\/a>\u00a0et\u00a0<a href=\"https:\/\/twitter.com\/ActuEssonne\" target=\"_blank\" rel=\"noopener\">Twitter<\/a>\u2009;<br \/><strong>Hauts-de-Seine\u2009:<\/strong>\u00a0retrouvez\u00a0actu\u00a0Hauts-de-Seine\u00a0sur\u00a0<a href=\"https:\/\/www.facebook.com\/actufr.hautsdeseine\/\" target=\"_blank\" rel=\"noopener\">Facebook<\/a>\u00a0et\u00a0<a href=\"https:\/\/twitter.com\/actufr92\" target=\"_blank\" rel=\"noopener\">Twitter<\/a>\u2009;<br \/><strong>Seine-Saint-Denis\u2009:<\/strong>\u00a0retrouvez actu Seine-Saint-Denis sur\u00a0<a href=\"https:\/\/www.facebook.com\/actufr.seinesaintdenis\/\" target=\"_blank\" rel=\"noopener\">Facebook<\/a>\u00a0et\u00a0<a href=\"https:\/\/x.com\/Actufr93\">Twitter<\/a>\u2009;<br \/><strong>Val-de-Marne\u2009:\u00a0<\/strong>retrouvez actu Val-de-Marne sur\u00a0<a href=\"https:\/\/www.facebook.com\/actu94.valdemarne\/\" target=\"_blank\" rel=\"noopener\">Facebook\u00a0<\/a>et\u00a0<a href=\"https:\/\/x.com\/actufr94\">Twitter\u2009<\/a>;<br \/><strong>Val-d\u2019Oise\u2009:<\/strong>\u00a0retrouvez La Gazette du Val-d\u2019Oise sur\u00a0<a href=\"https:\/\/x.com\/actufr94\">Twitter<\/a><\/p>\n<p class=\" wall-content\">Personnalisez votre actualit\u00e9 en ajoutant vos villes et m\u00e9dias en favori avec <a href=\"https:\/\/moncompte.actu.fr\" title=\"D\u00e9couvez Mon Actu\" rel=\"nofollow noopener\" data-trk=\"{&quot;cta&quot;:{&quot;action&quot;:&quot;https:\\\/\\\/moncompte.actu.fr&quot;,&quot;category&quot;:&quot;mon compte&quot;,&quot;from&quot;:&quot;article footer&quot;,&quot;name&quot;:&quot;Mon actu&quot;,&quot;type&quot;:&quot;cta&quot;}}\" target=\"_blank\">Mon Actu<\/a>.<\/p>\n<p>                    <script async src=\"https:\/\/platform.twitter.com\/widgets.js\" charset=\"utf-8\"><\/script><\/p>\n","protected":false},"excerpt":{"rendered":"Par R\u00e9daction Paris Publi\u00e9 le 7 oct. 2025 \u00e0 11h55 Que s\u2019est-il pass\u00e9 \u00e0 Paris et en \u00cele-de-France&hellip;\n","protected":false},"author":2,"featured_media":444879,"comment_status":"","ping_status":"","sticky":false,"template":"","format":"standard","meta":{"footnotes":""},"categories":[1592],"tags":[119,1111,11,3056,1777,674,1011,27,662,1310,12,626,25,104],"class_list":{"0":"post-444878","1":"post","2":"type-post","3":"status-publish","4":"format-standard","5":"has-post-thumbnail","7":"category-ile-de-france","8":"tag-accident","9":"tag-actu","10":"tag-actualites","11":"tag-brigade-de-sapeurs-pompiers-de-paris","12":"tag-eu","13":"tag-europe","14":"tag-fr","15":"tag-france","16":"tag-ile-de-france","17":"tag-incendie","18":"tag-news","19":"tag-paris","20":"tag-republique-francaise","21":"tag-societe"},"share_on_mastodon":{"url":"https:\/\/pubeurope.com\/@fr\/115332451203085445","error":""},"_links":{"self":[{"href":"https:\/\/www.europesays.com\/fr\/wp-json\/wp\/v2\/posts\/444878","targetHints":{"allow":["GET"]}}],"collection":[{"href":"https:\/\/www.europesays.com\/fr\/wp-json\/wp\/v2\/posts"}],"about":[{"href":"https:\/\/www.europesays.com\/fr\/wp-json\/wp\/v2\/types\/post"}],"author":[{"embeddable":true,"href":"https:\/\/www.europesays.com\/fr\/wp-json\/wp\/v2\/users\/2"}],"replies":[{"embeddable":true,"href":"https:\/\/www.europesays.com\/fr\/wp-json\/wp\/v2\/comments?post=444878"}],"version-history":[{"count":0,"href":"https:\/\/www.europesays.com\/fr\/wp-json\/wp\/v2\/posts\/444878\/revisions"}],"wp:featuredmedia":[{"embeddable":true,"href":"https:\/\/www.europesays.com\/fr\/wp-json\/wp\/v2\/media\/444879"}],"wp:attachment":[{"href":"https:\/\/www.europesays.com\/fr\/wp-json\/wp\/v2\/media?parent=444878"}],"wp:term":[{"taxonomy":"category","embeddable":true,"href":"https:\/\/www.europesays.com\/fr\/wp-json\/wp\/v2\/categories?post=444878"},{"taxonomy":"post_tag","embeddable":true,"href":"https:\/\/www.europesays.com\/fr\/wp-json\/wp\/v2\/tags?post=444878"}],"curies":[{"name":"wp","href":"https:\/\/api.w.org\/{rel}","templated":true}]}}