{"id":444884,"date":"2025-10-07T10:40:10","date_gmt":"2025-10-07T10:40:10","guid":{"rendered":"https:\/\/www.europesays.com\/fr\/444884\/"},"modified":"2025-10-07T10:40:10","modified_gmt":"2025-10-07T10:40:10","slug":"les-faits-reels-qui-inspirent-la-serie-evenement-de-tf1-a-paris-18e","status":"publish","type":"post","link":"https:\/\/www.europesays.com\/fr\/444884\/","title":{"rendered":"les faits r\u00e9els qui inspirent la s\u00e9rie \u00e9v\u00e9nement de TF1 \u00e0 Paris 18e"},"content":{"rendered":"<p>ParisSelect &#8211; Montmartre : les faits r\u00e9els qui inspirent la s\u00e9rie \u00e9v\u00e9nement de TF1 \u00e0 Paris 18e<\/p>\n<p>Le quartier attire une nouvelle fiction qui fait parler. Sur <a href=\"https:\/\/www.parisselectbook.com\/2025\/02\/28\/tf1-celebre-ses-50-ans-avec-un-pop-up-store-exclusif\/\" target=\"_blank\" rel=\"noopener nofollow\">TF1<\/a>, une s\u00e9rie met en sc\u00e8ne des faits inspir\u00e9s de la r\u00e9alit\u00e9 de Montmartre, avec un regard sensible sur son histoire. Le r\u00e9cit promet des \u00e9motions et des rep\u00e8res concrets, sans tout d\u00e9voiler d\u2019embl\u00e9e.<\/p>\n<p>Ce que la s\u00e9rie r\u00e9v\u00e8le de Montmartre<\/p>\n<p>La <a href=\"https:\/\/www.parisselectbook.com\/2024\/11\/04\/saint-laurent-productions-annonce-un-documentaire-captivant-avec-beatrice-dalle\/\" target=\"_blank\" rel=\"noopener nofollow\">production<\/a> s\u2019appuie sur des <strong>faits r\u00e9els<\/strong> recueillis dans des sources locales. Des historiens et des t\u00e9moins ont nourri l\u2019\u00e9criture, dit-on. Ainsi, les d\u00e9cors sont pens\u00e9s pour rappeler la topographie du lieu. Montmartre n\u2019est pas un simple d\u00e9cor, c\u2019est un moteur d\u2019action.<\/p>\n<p>Les personnages sont souvent composites et cr\u00e9dibles. Ils rassemblent des fragments de vies document\u00e9es et de fiction utile. De plus, le sc\u00e9nario pr\u00e9cise quand il r\u00e9arrange l\u2019ordre des <a href=\"https:\/\/www.parisselectbook.com\/2025\/10\/03\/choisissez-un-cadre-singulier-pour-vos-evenements-avec-la-compagnie-des-bateaux-a-roue\/\" target=\"_blank\" rel=\"noopener nofollow\">\u00e9v\u00e9nements<\/a>. Le quartier de Montmartre devient alors la boussole du spectateur.<\/p>\n<p>Le r\u00e9cit met en sc\u00e8ne des cabarets, des ateliers et des ruelles. Pour autant, les dates sont parfois condens\u00e9es afin de garder le rythme. En revanche, la m\u00e9canique sociale reste fid\u00e8le: artistes, habitants, policiers, visiteurs. Montmartre agit comme un <a href=\"https:\/\/www.parisselectbook.com\/2024\/07\/27\/jo-paris-2024-le-mystere-du-personnage-masque-seclaircit\/\" target=\"_blank\" rel=\"noopener nofollow\">personnage<\/a> \u00e0 part enti\u00e8re.<\/p>\n<blockquote>\n<p>\u00ab La m\u00e9moire d\u2019un quartier se lit autant dans les rues que dans les r\u00e9cits. \u00bb<\/p>\n<\/blockquote>\n<p>Rep\u00e8res historiques pour mieux suivre<\/p>\n<p>La butte appartient au <strong>18e arrondissement<\/strong>, avec la basilique du <strong>Sacr\u00e9-C\u0153ur<\/strong> en rep\u00e8re. On y croise depuis longtemps peintres, chansonniers et artisans. Ainsi, la Place du <strong>Tertre<\/strong> symbolise un atelier \u00e0 ciel ouvert. Montmartre a b\u00e2ti sa r\u00e9putation sur ce m\u00e9lange vivant.<\/p>\n<p>Le sc\u00e9nario fait \u00e9cho \u00e0 des p\u00e9riodes de tension, sans cours magistral. Il rappelle, par touches, des replis et des \u00e9lans de libert\u00e9. De plus, il montre comment une colline devient un mythe partag\u00e9. La promesse est claire: renouer avec Montmartre sans perdre le fil.<\/p>\n<ul>\n<li>Fiction et r\u00e9alit\u00e9 s\u2019entrem\u00ealent, mais les rep\u00e8res historiques restent lisibles.<\/li>\n<li>Les dates peuvent \u00eatre resserr\u00e9es pour servir l\u2019intrigue.<\/li>\n<li>Les lieux cl\u00e9s, ruelles et escaliers, structurent les d\u00e9placements.<\/li>\n<li>Les \u00e9motions guident la compr\u00e9hension des enjeux sociaux.<\/li>\n<li>Gardez \u00e0 l\u2019esprit que Montmartre change selon l\u2019\u00e9poque racont\u00e9e.<\/li>\n<\/ul>\n<p>Personnages, tensions et territoires de Montmartre<\/p>\n<p>On suit des artistes en qu\u00eate de sc\u00e8ne, des familles, et des figures d\u2019autorit\u00e9. La question de la r\u00e9putation guide beaucoup d\u2019actions. Par cons\u00e9quent, chaque conflit se rejoue dans un caf\u00e9, une cour ou un atelier. Montmartre synth\u00e9tise ces trajectoires en un paysage lisible.<\/p>\n<p>La s\u00e9rie interroge l\u2019\u00e9quilibre entre art et survie. Elle montre des coulisses de spectacles et des conflits de voisinage. Ainsi, la fronti\u00e8re entre f\u00eate et fatigue appara\u00eet, nuit apr\u00e8s nuit. Les ambitions se heurtent aux r\u00e9alit\u00e9s concr\u00e8tes de Montmartre.<\/p>\n<p>Le sc\u00e9nario donne aussi de l\u2019\u00e9paisseur aux seconds r\u00f4les. On y voit des alliances fragiles et des promesses tenues de justesse. En revanche, chaque choix a un co\u00fbt visible \u00e0 l\u2019\u00e9cran. Le rythme dramatique refl\u00e8te la vie serr\u00e9e d\u2019un quartier populaire.<\/p>\n<p>L\u2019empreinte visuelle et sonore<\/p>\n<p>La photo privil\u00e9gie les mati\u00e8res: pierre, bois, fer, tissu. Ainsi, l\u2019\u0153il suit une coh\u00e9rence de textures entre int\u00e9rieure et rue. Les marches, les angles et les toits sculptent la circulation. Montmartre appara\u00eet dans une lumi\u00e8re changeante, du petit matin au soir.<\/p>\n<p>La bande-son tisse voix, rumeurs et musique de sc\u00e8ne. Elle \u00e9vite le clich\u00e9 quand c\u2019est possible, dit la production. Pourtant, certains motifs r\u00e9currents fixent une ambiance reconnaissable. Le r\u00e9sultat ancre les \u00e9motions dans des sons familiers.<\/p>\n<p>R\u00e9ception, m\u00e9moire et usages contemporains de Montmartre<\/p>\n<p>Beaucoup de t\u00e9l\u00e9spectateurs y projettent des souvenirs intimes. Certains y entendent des r\u00e9cits familiaux ramen\u00e9s \u00e0 la surface. D\u00e9sormais, l\u2019attention se porte sur les d\u00e9tails du quotidien. Le regard s\u2019arr\u00eate sur des gestes modestes qui comptent.<\/p>\n<p>Le feuilleton questionne la carte postale et ses limites. En bref, l\u2019image brillante cohabite avec des efforts invisibles. Les habitants y gagnent une place centrale dans la narration. Montmartre devient un territoire d\u2019\u00e9coute et d\u2019histoires partag\u00e9es.<\/p>\n<p>La s\u00e9rie propose une porte d\u2019entr\u00e9e sans poser de doctrine. On peut prolonger la curiosit\u00e9 par la lecture et la marche. Aussi, chacun peut distinguer mythe et trace concr\u00e8te, pas \u00e0 pas. La colline garde ses secrets, et le respect fait la diff\u00e9rence.<\/p>\n","protected":false},"excerpt":{"rendered":"ParisSelect &#8211; Montmartre : les faits r\u00e9els qui inspirent la s\u00e9rie \u00e9v\u00e9nement de TF1 \u00e0 Paris 18e Le&hellip;\n","protected":false},"author":2,"featured_media":444885,"comment_status":"","ping_status":"","sticky":false,"template":"","format":"standard","meta":{"footnotes":""},"categories":[1888],"tags":[11,1777,674,1011,27,7661,12,626,25],"class_list":{"0":"post-444884","1":"post","2":"type-post","3":"status-publish","4":"format-standard","5":"has-post-thumbnail","7":"category-paris","8":"tag-actualites","9":"tag-eu","10":"tag-europe","11":"tag-fr","12":"tag-france","13":"tag-montmartre","14":"tag-news","15":"tag-paris","16":"tag-republique-francaise"},"share_on_mastodon":{"url":"https:\/\/pubeurope.com\/@fr\/115332463037326878","error":""},"_links":{"self":[{"href":"https:\/\/www.europesays.com\/fr\/wp-json\/wp\/v2\/posts\/444884","targetHints":{"allow":["GET"]}}],"collection":[{"href":"https:\/\/www.europesays.com\/fr\/wp-json\/wp\/v2\/posts"}],"about":[{"href":"https:\/\/www.europesays.com\/fr\/wp-json\/wp\/v2\/types\/post"}],"author":[{"embeddable":true,"href":"https:\/\/www.europesays.com\/fr\/wp-json\/wp\/v2\/users\/2"}],"replies":[{"embeddable":true,"href":"https:\/\/www.europesays.com\/fr\/wp-json\/wp\/v2\/comments?post=444884"}],"version-history":[{"count":0,"href":"https:\/\/www.europesays.com\/fr\/wp-json\/wp\/v2\/posts\/444884\/revisions"}],"wp:featuredmedia":[{"embeddable":true,"href":"https:\/\/www.europesays.com\/fr\/wp-json\/wp\/v2\/media\/444885"}],"wp:attachment":[{"href":"https:\/\/www.europesays.com\/fr\/wp-json\/wp\/v2\/media?parent=444884"}],"wp:term":[{"taxonomy":"category","embeddable":true,"href":"https:\/\/www.europesays.com\/fr\/wp-json\/wp\/v2\/categories?post=444884"},{"taxonomy":"post_tag","embeddable":true,"href":"https:\/\/www.europesays.com\/fr\/wp-json\/wp\/v2\/tags?post=444884"}],"curies":[{"name":"wp","href":"https:\/\/api.w.org\/{rel}","templated":true}]}}