{"id":444896,"date":"2025-10-07T10:46:15","date_gmt":"2025-10-07T10:46:15","guid":{"rendered":"https:\/\/www.europesays.com\/fr\/444896\/"},"modified":"2025-10-07T10:46:15","modified_gmt":"2025-10-07T10:46:15","slug":"allemagne-les-commandes-industrielles-decoivent-de-nouveau-en-aout","status":"publish","type":"post","link":"https:\/\/www.europesays.com\/fr\/444896\/","title":{"rendered":"Allemagne: les commandes industrielles d\u00e9\u00e7oivent de nouveau en ao\u00fbt"},"content":{"rendered":"<p>    <img src=\"https:\/\/www.europesays.com\/fr\/wp-content\/uploads\/2025\/10\/9577a0ff5499dd1d586347da3cdb7832790579d8-90125638.jpg\" width=\"1400\" height=\"1050\" alt=\"\" loading=\"eager\" decoding=\"sync\" fetchpriority=\"high\"\/><\/p>\n<p>            Keystone-SDA        <\/p>\n<p>        Les commandes \u00e0 l&rsquo;industrie allemande ont surpris \u00e0 la baisse en ao\u00fbt, un quatri\u00e8me mois de recul d&rsquo;affil\u00e9e selon des donn\u00e9es officielles publi\u00e9es mardi, signe que la morosit\u00e9 dans la premi\u00e8re \u00e9conomie europ\u00e9enne ne s&rsquo;arrange pas.\n<\/p>\n<p>        Ce contenu a \u00e9t\u00e9 publi\u00e9 sur    <\/p>\n<p>        07 octobre 2025 &#8211; 10:10\n<\/p>\n<p> (Keystone-ATS) Cet indicateur crucial pour le secteur manufacturier a recul\u00e9 de 0,8% sur un mois, apr\u00e8s une chute de 2,7% en juillet, l\u00e9g\u00e8rement r\u00e9vis\u00e9e \u00e0 la hausse par l\u2019office f\u00e9d\u00e9ral de statistiques Destatis.<\/p>\n<p>Pour ao\u00fbt, la plateforme financi\u00e8re Factset tablait en revanche sur une hausse de de 1,0%.<\/p>\n<p>C\u2019est la premi\u00e8re fois depuis 2022 que les commandes industrielles, en g\u00e9n\u00e9ral volatiles d\u2019un mois \u00e0 l\u2019autre, fl\u00e9chissent quatre mois de suite.<\/p>\n<p>\u00abCe chiffre met en lumi\u00e8re toute la laideur de la conjoncture \u00e9conomique\u00bb, dresse Jens-Oliver Niklasch de la banque LBBW, qui \u00abfait une croix\u00bb sur une reprise \u00e9conomique allemande en 2025.<\/p>\n<p>En ao\u00fbt, sans tenir compte des contrats importants, la chute est encore plus marqu\u00e9e, \u00e0 3,3%.<\/p>\n<p>Les commandes nationales ont nettement augment\u00e9 par rapport \u00e0 juillet (+4,7%), mais plus que compens\u00e9es par le recul des achats depuis l\u2019\u00e9tranger (-4,1%).<\/p>\n<p>\u00abLa reprise de la demande int\u00e9rieure, en particulier, indique que l\u2019industrie a atteint un niveau plancher\u00bb, esp\u00e8re tout de m\u00eame le minist\u00e8re de l\u2019\u00e9conomie et de l\u2019\u00e9nergie dans un communiqu\u00e9 s\u00e9par\u00e9.<\/p>\n<p>Cette demande nationale est aussi port\u00e9e par l\u2019essor des commandes au secteur de l\u2019armement, alors que le chancelier Friedrich Merz mise sur des investissements colossaux dans la d\u00e9fense.<\/p>\n<p>Dans le d\u00e9tail, l\u2019industrie pharmaceutique (-13,5 %) ainsi que les v\u00e9hicules automobiles et les pi\u00e8ces d\u00e9tach\u00e9es (-6,4 %) ont particuli\u00e8rement souffert, contrairement aux produits m\u00e9talliques (+15,4%).<\/p>\n<p>\u00abEn r\u00e9alit\u00e9, les carnets de commandes sont d\u00e9sormais revenus \u00e0 leur niveau du d\u00e9but de l\u2019ann\u00e9e\u00bb, souligne Carsten Brzeski de la banque ING.<\/p>\n<p>Selon lui, le rebond enregistr\u00e9 au premier trimestre \u00e9tait \u00abpresque exclusivement d\u00fb\u00bb aux anticipations de droits de douane am\u00e9ricains.<\/p>\n<p>Ceux-ci aggravent aujourd\u2019hui les difficult\u00e9s industrielles de la premi\u00e8re \u00e9conomie europ\u00e9enne, entre prix de l\u2019\u00e9nergie \u00e9lev\u00e9s et perte de comp\u00e9titivit\u00e9 face \u00e0 la Chine.<\/p>\n<p>C\u2019est notamment le cas du secteur automobile, qui se r\u00e9unit \u00e0 Berlin jeudi sur l\u2019invitation du chancelier pour trouver des solutions face \u00e0 la crise.<\/p>\n","protected":false},"excerpt":{"rendered":"Keystone-SDA Les commandes \u00e0 l&rsquo;industrie allemande ont surpris \u00e0 la baisse en ao\u00fbt, un quatri\u00e8me mois de recul&hellip;\n","protected":false},"author":2,"featured_media":444897,"comment_status":"","ping_status":"","sticky":false,"template":"","format":"standard","meta":{"footnotes":""},"categories":[1587],"tags":[11,672,1804,1805,1803,1777,674,1801,12,1802,44403,4384],"class_list":{"0":"post-444896","1":"post","2":"type-post","3":"status-publish","4":"format-standard","5":"has-post-thumbnail","7":"category-allemagne","8":"tag-actualites","9":"tag-allemagne","10":"tag-bundesrepublik-deutschland","11":"tag-de","12":"tag-deutschland","13":"tag-eu","14":"tag-europe","15":"tag-germany","16":"tag-news","17":"tag-republique-federale-dallemagne","18":"tag-sda-ready-to-publish","19":"tag-ticker"},"share_on_mastodon":{"url":"https:\/\/pubeurope.com\/@fr\/115332487025800609","error":""},"_links":{"self":[{"href":"https:\/\/www.europesays.com\/fr\/wp-json\/wp\/v2\/posts\/444896","targetHints":{"allow":["GET"]}}],"collection":[{"href":"https:\/\/www.europesays.com\/fr\/wp-json\/wp\/v2\/posts"}],"about":[{"href":"https:\/\/www.europesays.com\/fr\/wp-json\/wp\/v2\/types\/post"}],"author":[{"embeddable":true,"href":"https:\/\/www.europesays.com\/fr\/wp-json\/wp\/v2\/users\/2"}],"replies":[{"embeddable":true,"href":"https:\/\/www.europesays.com\/fr\/wp-json\/wp\/v2\/comments?post=444896"}],"version-history":[{"count":0,"href":"https:\/\/www.europesays.com\/fr\/wp-json\/wp\/v2\/posts\/444896\/revisions"}],"wp:featuredmedia":[{"embeddable":true,"href":"https:\/\/www.europesays.com\/fr\/wp-json\/wp\/v2\/media\/444897"}],"wp:attachment":[{"href":"https:\/\/www.europesays.com\/fr\/wp-json\/wp\/v2\/media?parent=444896"}],"wp:term":[{"taxonomy":"category","embeddable":true,"href":"https:\/\/www.europesays.com\/fr\/wp-json\/wp\/v2\/categories?post=444896"},{"taxonomy":"post_tag","embeddable":true,"href":"https:\/\/www.europesays.com\/fr\/wp-json\/wp\/v2\/tags?post=444896"}],"curies":[{"name":"wp","href":"https:\/\/api.w.org\/{rel}","templated":true}]}}