{"id":444910,"date":"2025-10-07T10:54:11","date_gmt":"2025-10-07T10:54:11","guid":{"rendered":"https:\/\/www.europesays.com\/fr\/444910\/"},"modified":"2025-10-07T10:54:11","modified_gmt":"2025-10-07T10:54:11","slug":"a-40-ans-steffon-armitage-change-de-sport","status":"publish","type":"post","link":"https:\/\/www.europesays.com\/fr\/444910\/","title":{"rendered":"A 40 ans, Steffon Armitage change de sport"},"content":{"rendered":"<p>Il est l\u2019un des visages connus du rugby fran\u00e7ais de ces derni\u00e8res ann\u00e9es. Pass\u00e9 par <a data-ilj-link-preview=\"true\" data-excerpt=\"Le club de rugby de Toulon est un club professionnel fran\u00e7ais bas\u00e9 dans le d\u00e9partement du Var. Fond\u00e9 en 1908, il \u00e9volue en Top 14.&#013;&#010;Staff et pr\u00e9sidence :&#013;&#010;&#013;&#010; &#009;Pr\u00e9sident : Bernard Lema\u00eetre&#013;&#010; &#009;Entra\u00eeneur : Pierre Mignoni&#013;&#010;&#013;&#010;Palmar\u00e8s du RCT :&#013;&#010;Palmar\u00e8s du Rugby Club Toulonnais&#013;&#010;&#013;&#010;&#013;&#010;Comp\u00e9tition&#013;&#010;Titres&#013;&#010;Ann\u00e9es&#013;&#010;&#013;&#010;&#013;&#010;&#013;&#010;&#013;&#010;Championnat de France de premi\u00e8re division&#013;&#010;Champion (4)&#013;&#010;1931, 1987, 1992, 2014&#013;&#010;&#013;&#010;&#013;&#010;Championnat de France de deuxi\u00e8me division&#013;&#010;Champion (2)&#013;&#010;2005, 2008&#013;&#010;&#013;&#010;&#013;&#010;Coupe d&#039;Europe&#013;&#010;Champion (3)&#013;&#010;2013, 2014, 2015&#013;&#010;&#013;&#010;&#013;&#010;Challenge Cup&#013;&#010;Champion (1)&#013;&#010;2023\" href=\"https:\/\/www.xvovalie.com\/toulon\/\" target=\"_blank\" rel=\"noopener\">Toulon<\/a>, <a data-ilj-link-preview=\"true\" data-excerpt=\"La section paloise est un club de rugby professionnel situ\u00e9 \u00e0 Pau, dans les Pyr\u00e9n\u00e9es-Atlantiques et qui \u00e9volue en Top 14.&#013;&#010;Staff et pr\u00e9sidence :&#013;&#010;&#013;&#010; &#009;Pr\u00e9sident : Bernard Pontneau&#013;&#010; &#009;Entra\u00eeneur : S\u00e9bastien Piqueronies (manager)&#013;&#010; &#009;Thomas Choveau&#013;&#010; &#009;Thomas Domingo&#013;&#010; &#009;Geoffrey Lanne-Petit&#013;&#010; &#009;Antoine Nicoud&#013;&#010;&#013;&#010;Palmar\u00e8s de la Section plaoise :&#013;&#010;&#013;&#010;&#013;&#010;&#013;&#010;Comp\u00e9tition&#013;&#010;R\u00e9sultats&#013;&#010;Ann\u00e9es&#013;&#010;&#013;&#010;&#013;&#010;Coupe d&#039;Europe de rugby \u00e0 XV&#013;&#010;Vainqueur (5)&#013;&#010;1996, 2003, 2005, 2010, 2021&#013;&#010;&#013;&#010;&#013;&#010;Championnat de France de rugby \u00e0 XV&#013;&#010;Champion (22)&#013;&#010;1912, 1922, 1923, 1924, 1926, 1927, 1947, 1985, 1986, 1989, 1994, 1995, 1996, 1997, 1999, 2001, 2008, 2011, 2012, 2019, 2021, 2023&#013;&#010;&#013;&#010;&#013;&#010;Coupe de France de rugby \u00e0 XV&#013;&#010;Vainqueur (4)&#013;&#010;1946, 1947, 1984, 1998\" href=\"https:\/\/www.xvovalie.com\/section-paloise\/\" target=\"_blank\" rel=\"noopener\">Pau<\/a> ou le <a href=\"https:\/\/www.xvovalie.com\/tag\/bopb\/\" target=\"_blank\" rel=\"noopener\">Biarritz Olympique<\/a>, <strong>Steffon Armitage a surtout connu ses heures de gloire dans la cit\u00e9 varoise<\/strong>.<\/p>\n<p>L\u2019international anglais aux 5 s\u00e9lections, <strong>qui a remport\u00e9 3 Champions Cup sous les couleurs du RCT, a \u00e9t\u00e9 sacr\u00e9 champion de <a data-ilj-link-preview=\"true\" data-featured-image=\"\" data-excerpt=\"Depuis des d\u00e9cennies, ce sport a \u00e9t\u00e9 au c\u0153ur de nombreux \u00e9v\u00e9nements sportifs majeurs dans le pays, avec des \u00e9quipes de renomm\u00e9e mondiale comme le Stade Toulousain, l&#039;ASM Clermont Auvergne ou encore le Racing 92. La coupe du monde 2023 s&#039;organisant en France, la ferveur n&#039;a pas fini de monter... La France est \u00e9galement reconnue\u2026\" href=\"https:\/\/www.xvovalie.com\/xv-de-france\/\" target=\"_blank\" rel=\"noopener\">France<\/a> en 2014<\/strong>. Joueur exceptionnel, poison dans les rucks, il fut \u00e0 n\u2019en pas douter durant sa p\u00e9riode toulonnaise, <strong>l\u2019un des meilleurs troisi\u00e8mes lignes de la plan\u00e8te ovale<\/strong>. Apr\u00e8s une ultime pige professionnelle du c\u00f4t\u00e9 du <a href=\"https:\/\/www.xvovalie.com\/tag\/stade-nicois\/\" target=\"_blank\" rel=\"noopener\">Stade Ni\u00e7ois<\/a>, il a ensuite ralli\u00e9 Berre-L\u2019Etang et \u00e9voluait depuis <strong>le d\u00e9but de saison \u00e0 Saint-Saturnin-l\u00e8s-Avignon en F\u00e9d\u00e9rale 3.<\/strong><\/p>\n<p>Mais \u00e0 40 ans, <strong>l\u2019Anglais a d\u00e9cid\u00e9 de changer de discipline !<\/strong><\/p>\n<p>Direction le XIII<\/p>\n<p>En effet, <strong>Steffon Armitage va se lancer dans le rugby \u00e0 XIII ! <\/strong>Le <a data-ilj-link-preview=\"true\" data-excerpt=\"Le Montpellier H\u00e9rault Rugby, ou MHR, \u00e9volue en Top 14 depuis 2003.&#013;&#010;Staff et pr\u00e9sidence :&#013;&#010;&#013;&#010; &#009;Pr\u00e9sident : Mohed Altrad&#013;&#010; &#009;Entra\u00eeneur : Patrice Collazo&#013;&#010;&#013;&#010;Palmar\u00e8s du MHR :&#013;&#010;&#013;&#010;&#013;&#010;&#013;&#010;Comp\u00e9tition&#013;&#010;Titres&#013;&#010;Saisons&#013;&#010;&#013;&#010;&#013;&#010;Championnat de France (Top 14)&#013;&#010;1&#013;&#010;2021-2022&#013;&#010;&#013;&#010;&#013;&#010;Finaliste&#013;&#010;2&#013;&#010;2010-2011, 2017-2018&#013;&#010;&#013;&#010;&#013;&#010;Championnat de France de 2e division&#013;&#010;1&#013;&#010;2002-2003&#013;&#010;&#013;&#010;&#013;&#010;Challenge Yves du Manoir&#013;&#010;Finaliste&#013;&#010;1&#013;&#010;2010&#013;&#010;&#013;&#010;&#013;&#010;Coupe de France&#013;&#010;Finaliste&#013;&#010;1&#013;&#010;2011&#013;&#010;&#013;&#010;&#013;&#010;Bouclier europ\u00e9en&#013;&#010;1&#013;&#010;2003-2004&#013;&#010;&#013;&#010;&#013;&#010;Challenge europ\u00e9en&#013;&#010;2&#013;&#010;2015-2016, 2020-2021&#013;&#010;&#013;&#010;&#013;&#010;Finaliste&#013;&#010;1&#013;&#010;2010-2011&#013;&#010;&#013;&#010;&#013;&#010;Coupe d&#039;Europe&#013;&#010;Meilleure performance&#013;&#010;Demi-finaliste&#013;&#010;2022-2023\" href=\"https:\/\/www.xvovalie.com\/montpellier\/\" target=\"_blank\" rel=\"noopener\">Montpellier<\/a> H\u00e9rault XIII a annonc\u00e9 sa venue sur son compte Instagram : \u201cPlace \u00e0 un joueur hors norme. Troisi\u00e8me ligne de renomm\u00e9e internationale, pass\u00e9 par les London Irish, le RC Toulon (o\u00f9 il a marqu\u00e9 l\u2019histoire en remportant trois Coupes d\u2019Europe et un Bouclier de Brennus), puis la Section Paloise et le Biarritz Olympique. \u00c9lu meilleur joueur europ\u00e9en en 2014, il arrive aujourd\u2019hui avec son exp\u00e9rience et son talent pour renforcer nos rangs. Un immense honneur de l\u2019accueillir sous nos couleurs\u201c. <\/p>\n<p>Biberonn\u00e9 au rugby, tomb\u00e9 malade de ce sport lors de la Coupe du Monde 2003, alors que je savais \u00e0 peine marcher, je suis le seul sudiste ayant reni\u00e9 le Stade Toulousain pour l\u2019autre Stade\u2026 Fran\u00e7ais. Condamn\u00e9 \u00e0 souffrir avec mon club de c\u0153ur, j\u2019esp\u00e8re vous transmettre mon amour pour la balle ovale \u00e0 travers XV Ovalie !<\/p>\n","protected":false},"excerpt":{"rendered":"Il est l\u2019un des visages connus du rugby fran\u00e7ais de ces derni\u00e8res ann\u00e9es. Pass\u00e9 par Toulon, Pau ou&hellip;\n","protected":false},"author":2,"featured_media":444911,"comment_status":"","ping_status":"","sticky":false,"template":"","format":"standard","meta":{"footnotes":""},"categories":[1416],"tags":[1011,27,479,1468,60,56465],"class_list":{"0":"post-444910","1":"post","2":"type-post","3":"status-publish","4":"format-standard","5":"has-post-thumbnail","7":"category-rugby","8":"tag-fr","9":"tag-france","10":"tag-rugby","11":"tag-rugby-football","12":"tag-sports","13":"tag-steffon-armitage"},"share_on_mastodon":{"url":"https:\/\/pubeurope.com\/@fr\/115332517908181503","error":""},"_links":{"self":[{"href":"https:\/\/www.europesays.com\/fr\/wp-json\/wp\/v2\/posts\/444910","targetHints":{"allow":["GET"]}}],"collection":[{"href":"https:\/\/www.europesays.com\/fr\/wp-json\/wp\/v2\/posts"}],"about":[{"href":"https:\/\/www.europesays.com\/fr\/wp-json\/wp\/v2\/types\/post"}],"author":[{"embeddable":true,"href":"https:\/\/www.europesays.com\/fr\/wp-json\/wp\/v2\/users\/2"}],"replies":[{"embeddable":true,"href":"https:\/\/www.europesays.com\/fr\/wp-json\/wp\/v2\/comments?post=444910"}],"version-history":[{"count":0,"href":"https:\/\/www.europesays.com\/fr\/wp-json\/wp\/v2\/posts\/444910\/revisions"}],"wp:featuredmedia":[{"embeddable":true,"href":"https:\/\/www.europesays.com\/fr\/wp-json\/wp\/v2\/media\/444911"}],"wp:attachment":[{"href":"https:\/\/www.europesays.com\/fr\/wp-json\/wp\/v2\/media?parent=444910"}],"wp:term":[{"taxonomy":"category","embeddable":true,"href":"https:\/\/www.europesays.com\/fr\/wp-json\/wp\/v2\/categories?post=444910"},{"taxonomy":"post_tag","embeddable":true,"href":"https:\/\/www.europesays.com\/fr\/wp-json\/wp\/v2\/tags?post=444910"}],"curies":[{"name":"wp","href":"https:\/\/api.w.org\/{rel}","templated":true}]}}