{"id":444912,"date":"2025-10-07T10:57:11","date_gmt":"2025-10-07T10:57:11","guid":{"rendered":"https:\/\/www.europesays.com\/fr\/444912\/"},"modified":"2025-10-07T10:57:11","modified_gmt":"2025-10-07T10:57:11","slug":"motogp-francesco-bagnaia-a-essaye-une-gp24-de-vr46","status":"publish","type":"post","link":"https:\/\/www.europesays.com\/fr\/444912\/","title":{"rendered":"MotoGP &#8211; Francesco Bagnaia a essay\u00e9 une GP24 de VR46"},"content":{"rendered":"<p>V\u00e9ritable ascenseur \u00e9motionnel v\u00e9cu par Francesco Bagnaia, l\u2019encha\u00eenement r\u00e9alis\u00e9 entre le Grand Prix du Japon et l\u2019\u00e9preuve se d\u00e9roulant en Indon\u00e9sie a donn\u00e9 lieu \u00e0 deux r\u00e9sultats diam\u00e9tralement oppos\u00e9s. Enfin victorieux \u00e0 Motegi, capable de dompter l\u2019\u00e9preuve lors du week-end synonyme de sacre pour son co\u00e9quipier Marc M\u00e1rquez, l\u2019Italien semblait enfin avoir compris quelque chose au guidon de sa moto.<\/p>\n<\/p>\n<p>En difficult\u00e9 avec le mod\u00e8le GP25 depuis le d\u00e9but de la saison, Francesco Bagnaia r\u00e9alise en effet un exercice au cours duquel la comparaison avec le champion du monde 2025 appara\u00eet \u00e9difiante. Dans ce contexte, un rapide passage sur le mod\u00e8le de l\u2019an pass\u00e9 aurait \u00e9t\u00e9 r\u00e9alis\u00e9 par le double champion transalpin. \u00ab Ducati nous a demand\u00e9 quelque chose\u00a0\u00bb expliquait Alessio Salucci en Indon\u00e9sie. \u00ab Nous sommes une famille, une famille Ducati, une famille VR46. Nous avons essay\u00e9 de l\u2019aider un peu lundi \u00e0 Misano. Nous avions notre moto dans notre box et Ducati lui en a donn\u00e9 une autre.\u00a0Lundi \u00e0 Misano, Pecco a essay\u00e9 notre moto. La moto de Morbidelli. Apr\u00e8s lundi, la moto est revenue dans notre box. \u00bb<\/p>\n<p>Parenth\u00e8se enchant\u00e9e pour Bagnaia<\/p>\n<p>Visiblement enclin \u00e0 r\u00e9aliser des modifications techniques sur sa monture avant le Grand Prix du Japon, Francesco Bagnaia a semble-t-il b\u00e9n\u00e9fici\u00e9 de ce test, bien que rapide, pour aller d\u00e9crocher cette nouvelle victoire survenant plusieurs mois apr\u00e8s la derni\u00e8re cette ann\u00e9e.<\/p>\n<p>En revanche, l\u2019on peut regretter, si ce n\u2019est rester dans l\u2019incompr\u00e9hension face \u00e0 sa performance la plus r\u00e9cente, en marge du Grand Prix d\u2019Indon\u00e9sie. Dernier \u00e0 la r\u00e9guli\u00e8re, accusant plus de dix secondes de retard sur Somkat Chantra avant de chuter depuis l\u2019arri\u00e8re du peloton, le Transalpin partageait lui-m\u00eame son incompr\u00e9hension apr\u00e8s cet \u00e9chec.<\/p>\n<p>\u00ab Cette saison, apr\u00e8s le GP de Motegi, je suis arriv\u00e9 ici sans retrouver les m\u00eames sensations que l\u00e0-bas, expliquait-il. Je n\u2019ai pas r\u00e9ussi \u00e0 attaquer de la m\u00eame mani\u00e8re, donc j\u2019ai gal\u00e9r\u00e9. On n\u2019a pas vraiment d\u2019explication sur ce qui s\u2019est pass\u00e9 ce week-end, on va juste v\u00e9rifier dans les datas. \u00bb<\/p>\n<p><strong>\u00c0 LIRE AUSSI &gt; <a href=\"https:\/\/www.autohebdo.fr\/actualites\/motogp\/pecco-bagnaia-tres-decu-en-indonesie-une-semaine-apres-sa-victoire.html\" target=\"_blank\" rel=\"noopener nofollow\">Pecco Bagnaia \u00ab tr\u00e8s d\u00e9\u00e7u \u00bb en Indon\u00e9sie, une semaine apr\u00e8s sa victoire<\/a><\/strong><\/p>\n<p>Bien qu\u2019il n\u2019ait pas officiellement \u00e9t\u00e9 plac\u00e9 sur la sellette, Francesco Bagnaia affiche un niveau inqui\u00e9tant cette saison. De plus, ce manque de r\u00e9pondant r\u00e9current \u00e0 l\u2019\u00e9gard des raisons menant \u00e0 cette situation interroge. L\u2019Italien peut-il r\u00e9ellement \u00eatre menac\u00e9 dans le futur par Ducati\u00a0? \u00c0 noter tout de m\u00eame, la pr\u00e9sence de quatre Ducati d\u2019usine sur la grille de l\u2019an prochain. La GP26 sera en effet pilot\u00e9e par Marc M\u00e1rquez et Francesco Bagnaia, mais \u00e9galement par Fabio Di Ginannantonio et \u00c1lex M\u00e1rquez, nouvel \u00e9lu par la marque pour la saison.<\/p>\n","protected":false},"excerpt":{"rendered":"V\u00e9ritable ascenseur \u00e9motionnel v\u00e9cu par Francesco Bagnaia, l\u2019encha\u00eenement r\u00e9alis\u00e9 entre le Grand Prix du Japon et l\u2019\u00e9preuve se&hellip;\n","protected":false},"author":2,"featured_media":444913,"comment_status":"","ping_status":"","sticky":false,"template":"","format":"standard","meta":{"footnotes":""},"categories":[1413],"tags":[1011,27,1457,1456,60],"class_list":{"0":"post-444912","1":"post","2":"type-post","3":"status-publish","4":"format-standard","5":"has-post-thumbnail","7":"category-moto","8":"tag-fr","9":"tag-france","10":"tag-moto","11":"tag-motocycle","12":"tag-sports"},"share_on_mastodon":{"url":"https:\/\/pubeurope.com\/@fr\/115332529771498615","error":""},"_links":{"self":[{"href":"https:\/\/www.europesays.com\/fr\/wp-json\/wp\/v2\/posts\/444912","targetHints":{"allow":["GET"]}}],"collection":[{"href":"https:\/\/www.europesays.com\/fr\/wp-json\/wp\/v2\/posts"}],"about":[{"href":"https:\/\/www.europesays.com\/fr\/wp-json\/wp\/v2\/types\/post"}],"author":[{"embeddable":true,"href":"https:\/\/www.europesays.com\/fr\/wp-json\/wp\/v2\/users\/2"}],"replies":[{"embeddable":true,"href":"https:\/\/www.europesays.com\/fr\/wp-json\/wp\/v2\/comments?post=444912"}],"version-history":[{"count":0,"href":"https:\/\/www.europesays.com\/fr\/wp-json\/wp\/v2\/posts\/444912\/revisions"}],"wp:featuredmedia":[{"embeddable":true,"href":"https:\/\/www.europesays.com\/fr\/wp-json\/wp\/v2\/media\/444913"}],"wp:attachment":[{"href":"https:\/\/www.europesays.com\/fr\/wp-json\/wp\/v2\/media?parent=444912"}],"wp:term":[{"taxonomy":"category","embeddable":true,"href":"https:\/\/www.europesays.com\/fr\/wp-json\/wp\/v2\/categories?post=444912"},{"taxonomy":"post_tag","embeddable":true,"href":"https:\/\/www.europesays.com\/fr\/wp-json\/wp\/v2\/tags?post=444912"}],"curies":[{"name":"wp","href":"https:\/\/api.w.org\/{rel}","templated":true}]}}