{"id":444918,"date":"2025-10-07T11:01:25","date_gmt":"2025-10-07T11:01:25","guid":{"rendered":"https:\/\/www.europesays.com\/fr\/444918\/"},"modified":"2025-10-07T11:01:25","modified_gmt":"2025-10-07T11:01:25","slug":"jean-paul-rouve-donne-des-nouvelles-disabelle-nanty-apres-son-accident","status":"publish","type":"post","link":"https:\/\/www.europesays.com\/fr\/444918\/","title":{"rendered":"Jean-Paul Rouve donne des nouvelles d&rsquo;Isabelle Nanty apr\u00e8s son accident"},"content":{"rendered":"<p>\u00ab \u00c7a a failli \u00eatre grave, elle s&rsquo;en sort bien.\u00a0\u00bb L&rsquo;acteur Jean-Paul Rouve a donn\u00e9 des nouvelles de son amie Isabelle Nanty, sur <a href=\"https:\/\/www.rtl.fr\/culture\/cine-series\/a-a-failli-etre-grave-jean-paul-rouve-donne-des-nouvelles-d-isabelle-nanty-sur-rtl-apres-son-accident-de-voiture-7900547321\" target=\"_blank\" rel=\"nofollow noopener\">RTL<\/a>, mardi. \u00ab\u00a0Il faut qu&rsquo;elle ait du repos. Elle a des c\u00f4tes cass\u00e9es. Mais franchement \u00e7a va. Elle va se remettre, il n&rsquo;y aura pas de s\u00e9quelles\u00a0\u00bb, a-t-il pr\u00e9cis\u00e9.<\/p>\n<p>La com\u00e9dienne, \u00e2g\u00e9e de 63 ans et originaire de la Meuse, a \u00e9t\u00e9 <a href=\"https:\/\/www.ledauphine.com\/faits-divers-justice\/2025\/09\/14\/isabelle-nanty-hospitalisee-apres-un-accident-de-la-route-sur-l-a10\" target=\"_blank\" rel=\"noopener\">victime d&rsquo;un grave accident de la route<\/a> le 12 septembre dernier sur l&rsquo;autoroute A10, et alors qu&rsquo;elle se trouvait dans un VTC. La voiture dans laquelle elle \u00e9tait passag\u00e8re a fait une sortie de route, et serait la seule impliqu\u00e9e dans l&rsquo;accident.<\/p>\n<p>Ce contenu est bloqu\u00e9 car vous n&rsquo;avez pas accept\u00e9 les cookies et autres traceurs.<\/p>\n<p>En cliquant sur \u00ab J\u2019accepte \u00bb, les cookies et autres traceurs seront d\u00e9pos\u00e9s et vous pourrez visualiser les contenus  (<a href=\"\" class=\"consentModule_policy\" target=\"_blank\" title=\"Consulter la politique de protection des donn\u00e9es du fournisseur\">plus d&rsquo;informations<\/a>).<\/p>\n<p>En cliquant sur \u00ab J\u2019accepte tous les cookies \u00bb, vous autorisez des d\u00e9p\u00f4ts de cookies et autres traceurs pour le stockage de vos donn\u00e9es sur nos sites et applications \u00e0 des fins de personnalisation et de ciblage publicitaire.<\/p>\n<p class=\"consentModule_secondaryText\">Vous gardez la possibilit\u00e9 de retirer votre consentement \u00e0 tout moment en consultant notre <a href=\"https:\/\/www.ledauphine.com\/protection-des-donnees\" target=\"_blank\" title=\"Consulter notre politique de protection des donn\u00e9es\" rel=\"noopener\">politique de protection des donn\u00e9es<\/a>. <br \/>&#13;<br \/>\n            <a href=\"https:\/\/www.ledauphine.com\/societe\/2025\/10\/01\/javascript:Didomi.notice.show()\" class=\"consentModule_cmp\" target=\"_blank\" rel=\"noopener\">G\u00e9rer mes choix<\/a>&#13;\n        <\/p>\n<p>&#13;<br \/>\n                        J&rsquo;accepte&#13;<br \/>\n            J&rsquo;accepte tous les cookies&#13;\n        <\/p>\n<p>  Le chauffeur mis en cause<\/p>\n<p>Selon les premiers \u00e9l\u00e9ments de l&rsquo;enqu\u00eate, le chauffeur du v\u00e9hicule <a href=\"https:\/\/www.ledauphine.com\/faits-divers-justice\/2025\/09\/16\/accident-d-isabelle-nanty-le-chauffeur-de-son-vehicule-n-avait-plus-de-permis\" target=\"_blank\" rel=\"noopener\">n&rsquo;avait plus de points sur son permis<\/a> depuis sept ans, sa berline n&rsquo;\u00e9tait plus assur\u00e9e et sa carte professionnelle n&rsquo;avait pas \u00e9t\u00e9 renouvel\u00e9e.<\/p>\n<p>Jean-Paul Rouve est tr\u00e8s proche d&rsquo;Isabelle Nanty, qui a \u00e9t\u00e9 sa professeure au cours Florent. \u00ab\u00a0On se conna\u00eet depuis tellement longtemps\u00a0\u00bb, a-t-il rappel\u00e9 sur RTL. Ensemble, ils forment notamment le couple mythique de la saga des Tuche.<\/p>\n","protected":false},"excerpt":{"rendered":"\u00ab \u00c7a a failli \u00eatre grave, elle s&rsquo;en sort bien.\u00a0\u00bb L&rsquo;acteur Jean-Paul Rouve a donn\u00e9 des nouvelles de&hellip;\n","protected":false},"author":2,"featured_media":444919,"comment_status":"","ping_status":"","sticky":false,"template":"","format":"standard","meta":{"footnotes":""},"categories":[1359],"tags":[119,650,1687,58,59,274,107,1011,27,329,973],"class_list":{"0":"post-444918","1":"post","2":"type-post","3":"status-publish","4":"format-standard","5":"has-post-thumbnail","7":"category-people","8":"tag-accident","9":"tag-cinema","10":"tag-culture-loisirs","11":"tag-divertissement","12":"tag-entertainment","13":"tag-faits-divers-justice","14":"tag-fil-info","15":"tag-fr","16":"tag-france","17":"tag-france-monde","18":"tag-people"},"share_on_mastodon":{"url":"https:\/\/pubeurope.com\/@fr\/115332545438660660","error":""},"_links":{"self":[{"href":"https:\/\/www.europesays.com\/fr\/wp-json\/wp\/v2\/posts\/444918","targetHints":{"allow":["GET"]}}],"collection":[{"href":"https:\/\/www.europesays.com\/fr\/wp-json\/wp\/v2\/posts"}],"about":[{"href":"https:\/\/www.europesays.com\/fr\/wp-json\/wp\/v2\/types\/post"}],"author":[{"embeddable":true,"href":"https:\/\/www.europesays.com\/fr\/wp-json\/wp\/v2\/users\/2"}],"replies":[{"embeddable":true,"href":"https:\/\/www.europesays.com\/fr\/wp-json\/wp\/v2\/comments?post=444918"}],"version-history":[{"count":0,"href":"https:\/\/www.europesays.com\/fr\/wp-json\/wp\/v2\/posts\/444918\/revisions"}],"wp:featuredmedia":[{"embeddable":true,"href":"https:\/\/www.europesays.com\/fr\/wp-json\/wp\/v2\/media\/444919"}],"wp:attachment":[{"href":"https:\/\/www.europesays.com\/fr\/wp-json\/wp\/v2\/media?parent=444918"}],"wp:term":[{"taxonomy":"category","embeddable":true,"href":"https:\/\/www.europesays.com\/fr\/wp-json\/wp\/v2\/categories?post=444918"},{"taxonomy":"post_tag","embeddable":true,"href":"https:\/\/www.europesays.com\/fr\/wp-json\/wp\/v2\/tags?post=444918"}],"curies":[{"name":"wp","href":"https:\/\/api.w.org\/{rel}","templated":true}]}}