{"id":444920,"date":"2025-10-07T11:03:18","date_gmt":"2025-10-07T11:03:18","guid":{"rendered":"https:\/\/www.europesays.com\/fr\/444920\/"},"modified":"2025-10-07T11:03:18","modified_gmt":"2025-10-07T11:03:18","slug":"laize-la-boite-a-livres-fracturee","status":"publish","type":"post","link":"https:\/\/www.europesays.com\/fr\/444920\/","title":{"rendered":"Laiz\u00e9. La bo\u00eete \u00e0 livres fractur\u00e9e"},"content":{"rendered":"<p>La bo\u00eete \u00e0 livres situ\u00e9e sur la place de la Fontaine \u00e0 Laiz\u00e9 a \u00e9t\u00e9 fractur\u00e9e, les vitres cass\u00e9es. Des livres ont \u00e9t\u00e9 d\u00e9chir\u00e9s et m\u00eame jet\u00e9s dans la rivi\u00e8re proche. Ces actes d\u2019incivilit\u00e9 ont choqu\u00e9 et scandalis\u00e9 les habitants.<\/p>\n<p>Les membres b\u00e9n\u00e9voles de la biblioth\u00e8que, qui consacrent leur temps pour entretenir et renouveler les ouvrages dans les bo\u00eetes \u00e0 livres de la commune, sont constern\u00e9s par cet acte lamentable.<\/p>\n<p>La municipalit\u00e9 a fait un appel \u00e0 t\u00e9moins pour essayer d\u2019identifier les auteurs de ces d\u00e9gradations.<\/p>\n","protected":false},"excerpt":{"rendered":"La bo\u00eete \u00e0 livres situ\u00e9e sur la place de la Fontaine \u00e0 Laiz\u00e9 a \u00e9t\u00e9 fractur\u00e9e, les vitres&hellip;\n","protected":false},"author":2,"featured_media":444921,"comment_status":"","ping_status":"","sticky":false,"template":"","format":"standard","meta":{"footnotes":""},"categories":[1357],"tags":[1379,271,272,58,3718,59,274,107,1011,27,57121,1380,5981],"class_list":{"0":"post-444920","1":"post","2":"type-post","3":"status-publish","4":"format-standard","5":"has-post-thumbnail","7":"category-livres","8":"tag-books","9":"tag-crime","10":"tag-delit-et-contravention","11":"tag-divertissement","12":"tag-edition-macon","13":"tag-entertainment","14":"tag-faits-divers-justice","15":"tag-fil-info","16":"tag-fr","17":"tag-france","18":"tag-laize","19":"tag-livres","20":"tag-macon-bassin"},"share_on_mastodon":{"url":"https:\/\/pubeurope.com\/@fr\/115332553284965298","error":""},"_links":{"self":[{"href":"https:\/\/www.europesays.com\/fr\/wp-json\/wp\/v2\/posts\/444920","targetHints":{"allow":["GET"]}}],"collection":[{"href":"https:\/\/www.europesays.com\/fr\/wp-json\/wp\/v2\/posts"}],"about":[{"href":"https:\/\/www.europesays.com\/fr\/wp-json\/wp\/v2\/types\/post"}],"author":[{"embeddable":true,"href":"https:\/\/www.europesays.com\/fr\/wp-json\/wp\/v2\/users\/2"}],"replies":[{"embeddable":true,"href":"https:\/\/www.europesays.com\/fr\/wp-json\/wp\/v2\/comments?post=444920"}],"version-history":[{"count":0,"href":"https:\/\/www.europesays.com\/fr\/wp-json\/wp\/v2\/posts\/444920\/revisions"}],"wp:featuredmedia":[{"embeddable":true,"href":"https:\/\/www.europesays.com\/fr\/wp-json\/wp\/v2\/media\/444921"}],"wp:attachment":[{"href":"https:\/\/www.europesays.com\/fr\/wp-json\/wp\/v2\/media?parent=444920"}],"wp:term":[{"taxonomy":"category","embeddable":true,"href":"https:\/\/www.europesays.com\/fr\/wp-json\/wp\/v2\/categories?post=444920"},{"taxonomy":"post_tag","embeddable":true,"href":"https:\/\/www.europesays.com\/fr\/wp-json\/wp\/v2\/tags?post=444920"}],"curies":[{"name":"wp","href":"https:\/\/api.w.org\/{rel}","templated":true}]}}