{"id":44493,"date":"2025-04-22T17:26:09","date_gmt":"2025-04-22T17:26:09","guid":{"rendered":"https:\/\/www.europesays.com\/fr\/44493\/"},"modified":"2025-04-22T17:26:09","modified_gmt":"2025-04-22T17:26:09","slug":"de-nouvelles-decouvertes-mises-a-jour-quartier-saint-aubin","status":"publish","type":"post","link":"https:\/\/www.europesays.com\/fr\/44493\/","title":{"rendered":"de nouvelles d\u00e9couvertes mises \u00e0 jour quartier Saint-Aubin"},"content":{"rendered":"<p>            Par<br \/>\n        <strong><br \/>\n            <a href=\"https:\/\/actu.fr\/auteur\/romain-piccolo\" title=\"Consulter tous les articles de Romain Piccolo\" target=\"_blank\" rel=\"noopener\">Romain Piccolo<\/a><br \/>\n        <\/strong><\/p>\n<p>        Publi\u00e9 le<\/p>\n<p>            22 avr. 2025 \u00e0 18h44        <\/p>\n<p>Les tunneliers du chantier de la ligne C du m\u00e9tro avancent, et les fouilles arch\u00e9ologiques aussi. Depuis le 24\u00a0mars 2025, une \u00e9quipe de cinq arch\u00e9ologues de l\u2019Inrap, dirig\u00e9e par Didier Paya, fouille une parcelle de 127 m\u00b2 \u00e0 Saint-Aubin \u00e0 <a href=\"https:\/\/actu.fr\/toulouse\/\" target=\"_blank\" rel=\"noopener\">Toulouse<\/a>. Situ\u00e9 sur<a href=\"https:\/\/actu.fr\/occitanie\/toulouse_31555\/ligne-c-du-metro-coup-d-envoi-d-un-chantier-qui-va-durer-trois-ans-dans-ce-quartier-de-toulouse_62233078.html\" target=\"_blank\" rel=\"noopener\"> le trac\u00e9 de la future Ligne C<\/a> du r\u00e9seau Tiss\u00e9o,<strong> hors des<\/strong> anciens<strong> remparts romains<\/strong> de la ville Rose, ce secteur, d\u00e9j\u00e0 sond\u00e9 en\u00a01991 et\u00a02008, laissait pr\u00e9sager la d\u00e9couverte de nouveaux vestiges<b>. <\/b>Ce qui s\u2019est confirm\u00e9 d\u00e8s le d\u00e9but des nouvelles fouilles.<\/p>\n<p>Des vestiges de la fin de l\u2019Antiquit\u00e9<\/p>\n<p class=\" wall-content\">\u00c0 3\u00a0m\u00e8tres de profondeur, ce sont \u00ab\u20098 tombes \u00e0 inhumation dat\u00e9es du Ve\u00a0si\u00e8cle\u2009\u00bb qui ont \u00e9t\u00e9 mises \u00e0 jour. Tiss\u00e9o d\u00e9taille\u2009:<\/p>\n<p class=\" wall-content\">\u00ab\u00a0\u00c0 ce jour, outre une rue faite de galets datant de la fin de l\u2019\u00e9poque moderne, d\u00e9j\u00e0 8 tombes par inhumation, datant de l\u2019Antiquit\u00e9 tardive (autour du Ve si\u00e8cle de notre \u00e8re) ont \u00e9t\u00e9 d\u00e9couvertes. Sur certaines tombes, des traces de clous indiquent que leur d\u00e9funt \u00e9tait enterr\u00e9 dans un cercueil. Elles renferment les squelettes d\u2019hommes, de femmes mais aussi de jeunes enfants. Les objets sont rares mais parmi les tombes les plus compl\u00e8tes, celle d\u2019une femme (a priori) a livr\u00e9 une monnaie et un balsamaire (petit flacon de parfum) qui accompagnaient la d\u00e9funte dans l\u2019au-del\u00e0. Un petit fragment de marbre avec une inscription fun\u00e9raire donne \u00e9galement quelques indications sur un d\u00e9funt.<\/p>\n<p class=\" wall-content\">\u00ab\u2009Les recherches arch\u00e9ologiques se poursuivront dans les laboratoires de l\u2019INRAP. Ces fouilles sont pr\u00e9vues dans le calendrier pr\u00e9visionnel des travaux de r\u00e9alisation du puits de secours de Saint-Aubin qui seront termin\u00e9s en 2028\u2009\u00bb, conclut Tiss\u00e9o.<\/p>\n<p>      <img   decoding=\"async\" loading=\"lazy\" src=\"https:\/\/www.europesays.com\/fr\/wp-content\/uploads\/2025\/04\/20250408-saintaubin2-photogh-ti-960x640.jpg\" alt=\"Dans la tombe romaine datant du Ve si\u00e8cle, un balsamaire en terre cuite a \u00e9t\u00e9 trouv\u00e9. Il s'agit d'un r\u00e9cipient \u00e0 parfum.\" width=\"960\" height=\"640\"\/><br \/>\n    Dans la tombe romaine datant du Ve\u00a0si\u00e8cle, un balsamaire en terre cuite a \u00e9t\u00e9 trouv\u00e9. Il s\u2019agit d\u2019un r\u00e9cipient \u00e0 parfum. (\u00a9G. Habasque Tiss\u00e9o Ing\u00e9nierie)Vid\u00e9os : en ce moment sur ActuUne chauss\u00e9e moderne et de nouveaux secteurs \u00e0 explorer<\/p>\n<p class=\" wall-content\">En surface, les fouilles ont \u00e9galement d\u00e9gag\u00e9<strong> une chauss\u00e9e en galets<\/strong>, dat\u00e9e de la fin de l\u2019\u00e9poque moderne, confirmant l\u2019occupation continue de ce quartier au fil des si\u00e8cles. Une fois la phase de documentation des tombes achev\u00e9e, <strong>les arch\u00e9ologues remonteront vers les couches inf\u00e9rieures<\/strong> pour identifier d\u2019\u00e9ventuelles occupations plus anciennes.<\/p>\n<p class=\" wall-content\">Un second secteur au nord des fouilles actuel, sera ensuite ouvert avant <strong>la restitution du terrain \u00e0 Tiss\u00e9o au d\u00e9but du mois de mai\u00a02025<\/strong>.<\/p>\n<p>Un volet pr\u00e9ventif inscrit dans le calendrier de la Ligne C<\/p>\n<p class=\" wall-content\">Cette op\u00e9ration d\u2019arch\u00e9ologie pr\u00e9ventive, prescrite par la DRAC, s\u2019inscrit dans<a href=\"https:\/\/actu.fr\/occitanie\/toulouse_31555\/ligne-c-du-metro-coup-d-envoi-d-un-chantier-qui-va-durer-trois-ans-dans-ce-quartier-de-toulouse_62233078.html\" target=\"_blank\" rel=\"noopener\"><strong> le cadre des travaux du puits de secours Saint-Aubin<\/strong><\/a>, donc l\u2019ach\u00e8vement est pr\u00e9vu pour 2028. Les premiers r\u00e9sultats seront analys\u00e9s et valoris\u00e9s dans les laboratoires de l\u2019inrap, avant publication d\u2019<strong>un rapport scientifique<\/strong>. Pour Tiss\u00e9o, ces fouilles garantissent <strong>le respect du patrimoine<\/strong> tout en permettant la poursuite sereine du chantier de la nouvelle ligne de m\u00e9tro.<\/p>\n<p class=\" wall-content\">Suivez toute l\u2019actualit\u00e9 de vos villes et m\u00e9dias favoris en vous inscrivant \u00e0 <a href=\"https:\/\/moncompte.actu.fr\" title=\"D\u00e9couvez Mon Actu\" rel=\"nofollow noopener\" data-trk=\"{&quot;cta&quot;:{&quot;action&quot;:&quot;https:\\\/\\\/moncompte.actu.fr&quot;,&quot;category&quot;:&quot;mon compte&quot;,&quot;from&quot;:&quot;article footer&quot;,&quot;name&quot;:&quot;Mon actu&quot;,&quot;type&quot;:&quot;cta&quot;}}\" target=\"_blank\">Mon Actu<\/a>.<\/p>\n","protected":false},"excerpt":{"rendered":"Par Romain Piccolo Publi\u00e9 le 22 avr. 2025 \u00e0 18h44 Les tunneliers du chantier de la ligne C&hellip;\n","protected":false},"author":2,"featured_media":44494,"comment_status":"","ping_status":"","sticky":false,"template":"","format":"standard","meta":{"footnotes":""},"categories":[2816],"tags":[1111,11,730,1777,674,1011,27,5224,12,2680,25,104,2312,1090],"class_list":{"0":"post-44493","1":"post","2":"type-post","3":"status-publish","4":"format-standard","5":"has-post-thumbnail","7":"category-toulouse","8":"tag-actu","9":"tag-actualites","10":"tag-archeologie","11":"tag-eu","12":"tag-europe","13":"tag-fr","14":"tag-france","15":"tag-ligne-c-du-metro-de-toulouse","16":"tag-news","17":"tag-occitanie","18":"tag-republique-francaise","19":"tag-societe","20":"tag-toulouse","21":"tag-toulouse-metropole"},"share_on_mastodon":{"url":"https:\/\/pubeurope.com\/@fr\/114382791206578144","error":""},"_links":{"self":[{"href":"https:\/\/www.europesays.com\/fr\/wp-json\/wp\/v2\/posts\/44493","targetHints":{"allow":["GET"]}}],"collection":[{"href":"https:\/\/www.europesays.com\/fr\/wp-json\/wp\/v2\/posts"}],"about":[{"href":"https:\/\/www.europesays.com\/fr\/wp-json\/wp\/v2\/types\/post"}],"author":[{"embeddable":true,"href":"https:\/\/www.europesays.com\/fr\/wp-json\/wp\/v2\/users\/2"}],"replies":[{"embeddable":true,"href":"https:\/\/www.europesays.com\/fr\/wp-json\/wp\/v2\/comments?post=44493"}],"version-history":[{"count":0,"href":"https:\/\/www.europesays.com\/fr\/wp-json\/wp\/v2\/posts\/44493\/revisions"}],"wp:featuredmedia":[{"embeddable":true,"href":"https:\/\/www.europesays.com\/fr\/wp-json\/wp\/v2\/media\/44494"}],"wp:attachment":[{"href":"https:\/\/www.europesays.com\/fr\/wp-json\/wp\/v2\/media?parent=44493"}],"wp:term":[{"taxonomy":"category","embeddable":true,"href":"https:\/\/www.europesays.com\/fr\/wp-json\/wp\/v2\/categories?post=44493"},{"taxonomy":"post_tag","embeddable":true,"href":"https:\/\/www.europesays.com\/fr\/wp-json\/wp\/v2\/tags?post=44493"}],"curies":[{"name":"wp","href":"https:\/\/api.w.org\/{rel}","templated":true}]}}