{"id":444942,"date":"2025-10-07T11:17:11","date_gmt":"2025-10-07T11:17:11","guid":{"rendered":"https:\/\/www.europesays.com\/fr\/444942\/"},"modified":"2025-10-07T11:17:11","modified_gmt":"2025-10-07T11:17:11","slug":"trois-colleges-cibles-autour-de-nancy","status":"publish","type":"post","link":"https:\/\/www.europesays.com\/fr\/444942\/","title":{"rendered":"trois coll\u00e8ges cibl\u00e9s autour de Nancy"},"content":{"rendered":"<p>Ce lundi 6\u00a0septembre au matin, le coll\u00e8ge Jean-Lamour de Nancy et le coll\u00e8ge La Fontaine de Laxou Nancy ont re\u00e7u des messages les mena\u00e7ant d\u2019un attentat \u00e0 la bombe.<\/p>\n<p>Les quelque 300 \u00e9l\u00e8ves de chacun des deux \u00e9tablissements scolaires ont \u00e9t\u00e9 \u00e9vacu\u00e9s. Alert\u00e9e, la police a envoy\u00e9 plusieurs patrouilles sur place. Les locaux des deux coll\u00e8ges ont \u00e9t\u00e9 inspect\u00e9s, mais rien de suspect n\u2019a \u00e9t\u00e9 d\u00e9tect\u00e9.<\/p>\n<p>Les \u00e9l\u00e8ves ont pu r\u00e9int\u00e9grer les cours en fin de matin\u00e9e, apr\u00e8s avoir \u00e9t\u00e9 fouill\u00e9s par des policiers.<\/p>\n<p>Au cours de la matin\u00e9e, le coll\u00e8ge de Champigneulles a \u00e9galement \u00e9t\u00e9 la cible d\u2019une alerte \u00e0 la bombe. Ce sont les gendarmes qui, cette fois, sont intervenus. Les \u00e9l\u00e8ves ont \u00e9t\u00e9 \u00e9vacu\u00e9s dans le parc du ch\u00e2teau voisin.<\/p>\n","protected":false},"excerpt":{"rendered":"Ce lundi 6\u00a0septembre au matin, le coll\u00e8ge Jean-Lamour de Nancy et le coll\u00e8ge La Fontaine de Laxou Nancy&hellip;\n","protected":false},"author":2,"featured_media":444943,"comment_status":"","ping_status":"","sticky":false,"template":"","format":"standard","meta":{"footnotes":""},"categories":[9635],"tags":[1111,11,1704,1777,674,274,1011,27,775,3457,1702,1703,12,3456,25],"class_list":{"0":"post-444942","1":"post","2":"type-post","3":"status-publish","4":"format-standard","5":"has-post-thumbnail","7":"category-nancy","8":"tag-actu","9":"tag-actualites","10":"tag-edition-nancy-et-agglomeration","11":"tag-eu","12":"tag-europe","13":"tag-faits-divers-justice","14":"tag-fr","15":"tag-france","16":"tag-grand-est","17":"tag-meurthe-et-moselle","18":"tag-nancy","19":"tag-nancy-ville-54b","20":"tag-news","21":"tag-region-lorraine","22":"tag-republique-francaise"},"share_on_mastodon":{"url":"https:\/\/pubeurope.com\/@fr\/115332608488912927","error":""},"_links":{"self":[{"href":"https:\/\/www.europesays.com\/fr\/wp-json\/wp\/v2\/posts\/444942","targetHints":{"allow":["GET"]}}],"collection":[{"href":"https:\/\/www.europesays.com\/fr\/wp-json\/wp\/v2\/posts"}],"about":[{"href":"https:\/\/www.europesays.com\/fr\/wp-json\/wp\/v2\/types\/post"}],"author":[{"embeddable":true,"href":"https:\/\/www.europesays.com\/fr\/wp-json\/wp\/v2\/users\/2"}],"replies":[{"embeddable":true,"href":"https:\/\/www.europesays.com\/fr\/wp-json\/wp\/v2\/comments?post=444942"}],"version-history":[{"count":0,"href":"https:\/\/www.europesays.com\/fr\/wp-json\/wp\/v2\/posts\/444942\/revisions"}],"wp:featuredmedia":[{"embeddable":true,"href":"https:\/\/www.europesays.com\/fr\/wp-json\/wp\/v2\/media\/444943"}],"wp:attachment":[{"href":"https:\/\/www.europesays.com\/fr\/wp-json\/wp\/v2\/media?parent=444942"}],"wp:term":[{"taxonomy":"category","embeddable":true,"href":"https:\/\/www.europesays.com\/fr\/wp-json\/wp\/v2\/categories?post=444942"},{"taxonomy":"post_tag","embeddable":true,"href":"https:\/\/www.europesays.com\/fr\/wp-json\/wp\/v2\/tags?post=444942"}],"curies":[{"name":"wp","href":"https:\/\/api.w.org\/{rel}","templated":true}]}}