{"id":444955,"date":"2025-10-07T11:30:12","date_gmt":"2025-10-07T11:30:12","guid":{"rendered":"https:\/\/www.europesays.com\/fr\/444955\/"},"modified":"2025-10-07T11:30:12","modified_gmt":"2025-10-07T11:30:12","slug":"grenoble-ferme-pendant-des-annees-ce-lieu-historique-rouvre-au-public-sous-un-nouveau-concept","status":"publish","type":"post","link":"https:\/\/www.europesays.com\/fr\/444955\/","title":{"rendered":"Grenoble. Ferm\u00e9 pendant des ann\u00e9es, ce lieu historique rouvre au public sous un nouveau concept"},"content":{"rendered":"<p>            Par<br \/>\n        <strong><br \/>\n            <a href=\"https:\/\/actu.fr\/auteur\/lisa-rodrigues\" title=\"Consulter tous les articles de Lisa Rodrigues\" rel=\"nofollow noopener\" target=\"_blank\">Lisa Rodrigues<\/a><br \/>\n        <\/strong><\/p>\n<p>        Publi\u00e9 le<\/p>\n<p>            7 oct. 2025 \u00e0 12h51        <\/p>\n<p>Cela fait d\u00e9j\u00e0 plusieurs ann\u00e9es que <strong>l\u2019Orangerie<\/strong>, en face du stade des Alpes boulevard Jean-Pain, est en pleine r\u00e9novation. Derri\u00e8re ce chantier d\u2019ampleur, la SAS La Grande Saison, d\u00e9sign\u00e9e par la mairie de <a href=\"https:\/\/actu.fr\/auvergne-rhone-alpes\/grenoble_38185\" rel=\"nofollow noopener\" target=\"_blank\">Grenoble<\/a> pour reprendre le lieu via le <a href=\"https:\/\/actu.fr\/auvergne-rhone-alpes\/grenoble_38185\/grenoble-cette-chapelle-de-quartier-va-bientot-reprendre-vie-voici-le-projet-attendu_62151071.html\" rel=\"nofollow noopener\" target=\"_blank\">dispositif \u00ab\u00a0Gren\u2019 de projets\u00a0\u00bb<\/a> en 2019.<br \/>Au d\u00e9part, il \u00e9tait pr\u00e9vu un large food court ou \u00ab\u00a0halle gourmande\u00a0\u00bb, un espace g\u00e9ant de restauration mettant \u00e0 l\u2019honneur les produits locaux, ainsi qu\u2019un \u00ab\u00a0laboratoire culinaire\u00a0\u00bb. Une feuille de route qui a bien chang\u00e9 depuis, alors qu\u2019une partie des lieux doit reprendre vie <strong>d\u2019ici la fin du mois<\/strong>.<\/p>\n<p>Pr\u00e8s de 2 millions d\u2019euros de travaux<\/p>\n<p class=\" wall-content\">Il a d\u2019ailleurs \u00e9t\u00e9 question de l\u2019Orangerie lors du dernier conseil municipal de Grenoble. Les oppositions ont notamment interpell\u00e9 la majorit\u00e9 sur les conditions d\u2019occupation propos\u00e9es \u00e0 La Grande Saison : un bail emphyth\u00e9otique qui passe de 45 \u00e0 55 ans avec un loyer avantageux.\u00a0<\/p>\n<p class=\" wall-content\">\u00ab\u00a0Ce <strong>loyer modeste<\/strong> prend en compte le fait que les porteurs de projet ont sorti 2 millions d\u2019euros de leurs poches pour r\u00e9nover le bien\u00a0\u00bb, rappelle Claus Habfast, conseiller municipal d\u00e9l\u00e9gu\u00e9.\u00a0Le b\u00e2timent datant du XIXe si\u00e8cle et d\u2019une <strong>surface de pr\u00e8s de 1 200 m\u00b2<\/strong> \u00e9tait, en effet, en piteux \u00e9tat : fuites sur la toiture, ouvertures \u00e0 refaire, installation \u00e9lectrique \u00e0 repenser\u2026<\/p>\n<p class=\" wall-content\">Contact\u00e9e plusieurs fois ces derniers mois, La Grande Saison \u2013 entreprise enregistr\u00e9e sous une adresse \u00e0 Paris \u2013 n\u2019a pour le moment pas donn\u00e9 suite aux sollicitations de la r\u00e9daction sur le projet de l\u2019Orangerie.<\/p>\n<p>C&rsquo;est quoi Gren&rsquo; de projets ? <\/p>\n<p>Via Gren&rsquo; de projets, lanc\u00e9 en 2017, la Ville de Grenoble souhaite faire revivre des b\u00e2timents patrimoniaux de la commune par des initiatives port\u00e9es par des entreprises, associations ou habitants. Un accord est pass\u00e9 entre la municipalit\u00e9 et les laur\u00e9ats pour encadrer l&rsquo;activit\u00e9 sur les lieux.<\/p>\n<p>Une boulangerie d\u2019ici la fin octobre<\/p>\n<p class=\" wall-content\">Ce ne sont pas les seules adaptations d\u00e9cid\u00e9es par les porteurs de projet, puisque <strong>l\u2019id\u00e9e initiale de halle gourmande n\u2019a finalement pas abouti<\/strong>, vraisemblablement pour des questions de viabilit\u00e9 \u00e9conomique. Ce sont d\u00e9sormais un bar-restaurant, une <a href=\"https:\/\/www.facebook.com\/profile.php?id=61578754221290\" rel=\"nofollow noopener\" target=\"_blank\">salle d\u2019escalade<\/a>, un espace de coworking et une boulangerie qui sont pr\u00e9vus \u00e0 l\u2019Orangerie, liste Claus Habfast.<\/p>\n<p class=\" wall-content\">L\u2019arriv\u00e9e de la boutique \u2013 baptis\u00e9e Boulangerie Decibel \u2013 est particuli\u00e8rement salu\u00e9e par la majorit\u00e9 municipale, puisqu\u2019elle <strong>serait la seule du secteur<\/strong>. \u00ab\u00a0Ce projet va faire du bien au quartier Mutualit\u00e9-Pr\u00e9fecture\u00a0\u00bb qui disposera \u00e9galement d\u2019une offre de snacking le midi pour les salari\u00e9s des collectivit\u00e9s et entreprises du coin, insiste Alan Confesson, maire adjoint en charge des commerces.<\/p>\n<p>Votre r\u00e9gion, votre actu !<\/p>\n<p>Recevez chaque jour les infos qui comptent pour vous.<\/p>\n<p>\t<a href=\"https:\/\/actu.fr\/newsletter\" class=\"ac-btn ac-btn--corner ac-btn--medium ac-btn--blue800\" rel=\"nofollow noopener\" target=\"_blank\">S&rsquo;incrire<\/a><\/p>\n<p>    <a href=\"https:\/\/www.facebook.com\/plugins\/post.php?href=https%3A%2F%2Fwww.facebook.com%2Fpermalink.php%3Fstory_fbid%3Dpfbid03dSqoA17X55W32UPoqNaAivzyUFW8YkRmYA35M8vL4zGoNcPgLmWQuTR3gRQEP3Dl%26id%3D61573546183406&amp;show_text=true&amp;width=350\" title=\"Ouvrie le lien\" rel=\"nofollow noopener\" target=\"_blank\">Cliquez ici pour visualiser le contenu<\/a><\/p>\n<p class=\" wall-content\">D\u2019apr\u00e8s l\u2019un des deux co-g\u00e9rants de la boulangerie contact\u00e9 par la r\u00e9daction, l\u2019ouverture initialement annonc\u00e9e le 13 octobre pourrait \u00eatre d\u00e9cal\u00e9e de quelques jours, une fois les derni\u00e8res autorisations obtenues.\u00a0 \u00a0<\/p>\n<p class=\" wall-content\">Personnalisez votre actualit\u00e9 en ajoutant vos villes et m\u00e9dias en favori avec <a href=\"https:\/\/moncompte.actu.fr\" title=\"D\u00e9couvez Mon Actu\" rel=\"nofollow noopener\" data-trk=\"{&quot;cta&quot;:{&quot;action&quot;:&quot;https:\\\/\\\/moncompte.actu.fr&quot;,&quot;category&quot;:&quot;mon compte&quot;,&quot;from&quot;:&quot;article footer&quot;,&quot;name&quot;:&quot;Mon actu&quot;,&quot;type&quot;:&quot;cta&quot;}}\" target=\"_blank\">Mon Actu<\/a>.<\/p>\n","protected":false},"excerpt":{"rendered":"Par Lisa Rodrigues Publi\u00e9 le 7 oct. 2025 \u00e0 12h51 Cela fait d\u00e9j\u00e0 plusieurs ann\u00e9es que l\u2019Orangerie, en&hellip;\n","protected":false},"author":2,"featured_media":444956,"comment_status":"","ping_status":"","sticky":false,"template":"","format":"standard","meta":{"footnotes":""},"categories":[9566],"tags":[1111,11,2430,215,1777,674,1011,27,2731,12,25,1340,104],"class_list":{"0":"post-444955","1":"post","2":"type-post","3":"status-publish","4":"format-standard","5":"has-post-thumbnail","7":"category-grenoble","8":"tag-actu","9":"tag-actualites","10":"tag-auvergne-rhone-alpes","11":"tag-commerce","12":"tag-eu","13":"tag-europe","14":"tag-fr","15":"tag-france","16":"tag-grenoble","17":"tag-news","18":"tag-republique-francaise","19":"tag-restaurant","20":"tag-societe"},"share_on_mastodon":{"url":"https:\/\/pubeurope.com\/@fr\/115332659598857610","error":""},"_links":{"self":[{"href":"https:\/\/www.europesays.com\/fr\/wp-json\/wp\/v2\/posts\/444955","targetHints":{"allow":["GET"]}}],"collection":[{"href":"https:\/\/www.europesays.com\/fr\/wp-json\/wp\/v2\/posts"}],"about":[{"href":"https:\/\/www.europesays.com\/fr\/wp-json\/wp\/v2\/types\/post"}],"author":[{"embeddable":true,"href":"https:\/\/www.europesays.com\/fr\/wp-json\/wp\/v2\/users\/2"}],"replies":[{"embeddable":true,"href":"https:\/\/www.europesays.com\/fr\/wp-json\/wp\/v2\/comments?post=444955"}],"version-history":[{"count":0,"href":"https:\/\/www.europesays.com\/fr\/wp-json\/wp\/v2\/posts\/444955\/revisions"}],"wp:featuredmedia":[{"embeddable":true,"href":"https:\/\/www.europesays.com\/fr\/wp-json\/wp\/v2\/media\/444956"}],"wp:attachment":[{"href":"https:\/\/www.europesays.com\/fr\/wp-json\/wp\/v2\/media?parent=444955"}],"wp:term":[{"taxonomy":"category","embeddable":true,"href":"https:\/\/www.europesays.com\/fr\/wp-json\/wp\/v2\/categories?post=444955"},{"taxonomy":"post_tag","embeddable":true,"href":"https:\/\/www.europesays.com\/fr\/wp-json\/wp\/v2\/tags?post=444955"}],"curies":[{"name":"wp","href":"https:\/\/api.w.org\/{rel}","templated":true}]}}