{"id":444957,"date":"2025-10-07T11:31:17","date_gmt":"2025-10-07T11:31:17","guid":{"rendered":"https:\/\/www.europesays.com\/fr\/444957\/"},"modified":"2025-10-07T11:31:17","modified_gmt":"2025-10-07T11:31:17","slug":"nouveaux-horodateurs-et-nouvelle-app-pour-stationner-a-grenoble-2","status":"publish","type":"post","link":"https:\/\/www.europesays.com\/fr\/444957\/","title":{"rendered":"Nouveaux horodateurs et nouvelle app pour stationner \u00e0 Grenoble"},"content":{"rendered":"<p>La <a href=\"http:\/\/grenoble.fr\" target=\"_blank\" rel=\"noopener nofollow\">Ville de Grenoble<\/a> annonce l\u2019ar\u00adri\u00adv\u00e9e d\u2019une nou\u00advelle appli\u00adca\u00adtion de sta\u00adtion\u00adne\u00adment. Apr\u00e8s <a href=\"https:\/\/www.placegrenet.fr\/2017\/10\/23\/grenoble-permet-de-payer-stationnement-telephone-lapplication-parknow\/528191\" target=\"_blank\" rel=\"noopener nofollow\">Parknow<\/a> en 2017, rem\u00adplac\u00e9 par <a href=\"https:\/\/www.placegrenet.fr\/2022\/02\/26\/stationnement-sur-voirie-a-grenoble-hausse-generalisee-des-tarifs-a-partir-du-1er-mars-2022\/561379\" target=\"_blank\" rel=\"noopener nofollow\">Paybyphone<\/a> en 2021, c\u2019est au tour de <a href=\"https:\/\/www.easypark.com\/fr-fr\" target=\"_blank\" rel=\"noopener nofollow\">Easy Park<\/a> de s\u2019im\u00adpo\u00adser aupr\u00e8s des auto\u00admo\u00adbi\u00adlistes \u00e0 comp\u00adter du 6 octobre 2025. Un chan\u00adge\u00adment op\u00e9r\u00e9 \u00ab\u00a0dans le cadre du renou\u00advel\u00adle\u00adment de mar\u00adch\u00e9 public\u00a0\u00bb, qui s\u2019ac\u00adcom\u00adpagne d\u2019un autre renou\u00advel\u00adle\u00adment, \u00e0 savoir celui des 850 horo\u00adda\u00adteurs que compte le ter\u00adri\u00adtoire grenoblois.<\/p>\n<p>Cette cam\u00adpagne de renou\u00advel\u00adle\u00adment devrait s\u2019a\u00adche\u00adver d\u00e9but 2026, indique la muni\u00adci\u00adpa\u00adlit\u00e9. Les nou\u00adveaux mod\u00e8les d\u2019ho\u00adro\u00adda\u00adteurs mis en place doivent per\u00admettre le r\u00e8gle\u00adment du sta\u00adtion\u00adne\u00adment par carte ban\u00adcaire. Ils sont \u00e9ga\u00adle\u00adment auto\u00adnomes en \u00e9ner\u00adgie, du fait d\u2019un pan\u00adneau solaire int\u00e9gr\u00e9.<\/p>\n<p><a href=\"https:\/\/www.placegrenet.fr\/wp-content\/uploads\/2025\/10\/horodateur-ile-verte-fm.jpg\" target=\"_blank\" rel=\"noopener nofollow\"><img fetchpriority=\"high\" decoding=\"async\" aria-describedby=\"caption-attachment-661532\" class=\"wp-image-661532 size-full\" src=\"data:image\/svg+xml,%3Csvg%20xmlns=\" http:=\"\" alt=\"Les nouveaux horodateurs sont d\u00e9ploy\u00e9s sur le territoire grenoblois. Ici quartier \u00cele Verte. \u00a9 Florent Mathieu - Place Gre'net\" width=\"2048\" height=\"1532\" data-lazy- data-lazy- data-lazy-src=\"https:\/\/www.europesays.com\/fr\/wp-content\/uploads\/2025\/10\/horodateur-ile-verte-fm-scaled.jpg\"\/><\/a><\/p>\n<p id=\"caption-attachment-661532\" class=\"wp-caption-text\">Les nou\u00adveaux horo\u00adda\u00adteurs sont d\u00e9ploy\u00e9s sur le ter\u00adri\u00adtoire gre\u00adno\u00adblois. Ici dans le quar\u00adtier \u00cele Verte. \u00a9 Florent Mathieu \u2013 Place Gre\u2019net<\/p>\n<p>Quid de la nou\u00advelle appli\u00adca\u00adtion Easy Park\u00a0? \u00ab\u00a0Parmi [ses] fonc\u00adtion\u00adna\u00adli\u00adt\u00e9s\u00a0: une ergo\u00adno\u00admie simple, la g\u00e9o\u00adlo\u00adca\u00adli\u00adsa\u00adtion des horo\u00adda\u00adteurs et la pos\u00adsi\u00adbi\u00adlit\u00e9 de pro\u00adlon\u00adger son sta\u00adtion\u00adne\u00adment \u00e0 dis\u00adtance\u00a0\u00bb, vante la Ville de Grenoble. La majo\u00adra\u00adtion de 15\u00a0% du prix du sta\u00adtion\u00adne\u00adment en pas\u00adsant par l\u2019ap\u00adpli\u00adca\u00adtion reste, pour sa part, inchan\u00adg\u00e9e. Ce qui ne semble pas refroi\u00addir les auto\u00admo\u00adbi\u00adlistes puisque c\u2019est aujourd\u2019\u00adhui un ticket sur deux qui est achet\u00e9 via appli\u00adca\u00adtion mobile.<\/p>\n<p>Pas de chan\u00adge\u00adment non plus pour les zones et les tarifs de sta\u00adtion\u00adne\u00adment, y com\u00adpris pour les tickets r\u00e9si\u00addents. Les vingt pre\u00admi\u00e8res minutes de sta\u00adtion\u00adne\u00adment res\u00adtent \u00e9ga\u00adle\u00adment gra\u00adtuites dans les zones orange et vio\u00adlettes. En revanche, la tari\u00adfi\u00adca\u00adtion sp\u00e9\u00adciale, jus\u00adqu\u2019ici r\u00e9ser\u00adv\u00e9e aux pro\u00adfes\u00adsion\u00adnels de sant\u00e9 \u00e0 domi\u00adcile, est d\u00e9sor\u00admais \u00e9ten\u00addue aux arti\u00adsans r\u00e9a\u00adli\u00adsant des d\u00e9pan\u00adnages urgents et aux auxi\u00adliaires de vie (sous conditions).<\/p>\n<p>La Ville de Grenoble conclut en rap\u00adpe\u00adlant quelques chiffres\u00a0: son ter\u00adri\u00adtoire compte 35\u00a0500\u00a0places de sta\u00adtion\u00adne\u00adment, dont 3 100 places sp\u00e9\u00adci\u00adfiques, 13 500 places payantes et 18 900 gra\u00adtuites. Un chiffre appel\u00e9 \u00e0 se r\u00e9duire\u00a0? La muni\u00adci\u00adpa\u00adlit\u00e9 ne cache en effet pas \u0153uvrer \u00e0 r\u00e9duire la part du sta\u00adtion\u00adne\u00adment gra\u00adtuit, par exemple dans les <a href=\"https:\/\/www.placegrenet.fr\/2023\/10\/21\/a-grenoble-le-stationnement-bientot-payant-quartiers-chorier-berriat-et-europole-en-attendant-lile-verte\/616202\" target=\"_blank\" rel=\"noopener nofollow\">quar\u00adtiers Berriat, Europole ou \u00cele Verte<\/a>. Ou encore sur\u00a0le par\u00adking de <a href=\"https:\/\/www.placegrenet.fr\/2025\/09\/15\/transformation-esplanade-de-grenoble-en-parc-urbain-objectif-2027-pour-la-fin-du-chantier\/659601\" rel=\"nofollow noopener\" target=\"_blank\">l\u2019Esplanade<\/a>.<\/p>\n","protected":false},"excerpt":{"rendered":"La Ville de Grenoble annonce l\u2019ar\u00adri\u00adv\u00e9e d\u2019une nou\u00advelle appli\u00adca\u00adtion de sta\u00adtion\u00adne\u00adment. Apr\u00e8s Parknow en 2017, rem\u00adplac\u00e9 par Paybyphone&hellip;\n","protected":false},"author":2,"featured_media":444843,"comment_status":"","ping_status":"","sticky":false,"template":"","format":"standard","meta":{"footnotes":""},"categories":[9566],"tags":[1111,11,2430,1777,674,1011,27,2731,12,25],"class_list":{"0":"post-444957","1":"post","2":"type-post","3":"status-publish","4":"format-standard","5":"has-post-thumbnail","7":"category-grenoble","8":"tag-actu","9":"tag-actualites","10":"tag-auvergne-rhone-alpes","11":"tag-eu","12":"tag-europe","13":"tag-fr","14":"tag-france","15":"tag-grenoble","16":"tag-news","17":"tag-republique-francaise"},"share_on_mastodon":{"url":"https:\/\/pubeurope.com\/@fr\/115332663384201668","error":""},"_links":{"self":[{"href":"https:\/\/www.europesays.com\/fr\/wp-json\/wp\/v2\/posts\/444957","targetHints":{"allow":["GET"]}}],"collection":[{"href":"https:\/\/www.europesays.com\/fr\/wp-json\/wp\/v2\/posts"}],"about":[{"href":"https:\/\/www.europesays.com\/fr\/wp-json\/wp\/v2\/types\/post"}],"author":[{"embeddable":true,"href":"https:\/\/www.europesays.com\/fr\/wp-json\/wp\/v2\/users\/2"}],"replies":[{"embeddable":true,"href":"https:\/\/www.europesays.com\/fr\/wp-json\/wp\/v2\/comments?post=444957"}],"version-history":[{"count":0,"href":"https:\/\/www.europesays.com\/fr\/wp-json\/wp\/v2\/posts\/444957\/revisions"}],"wp:featuredmedia":[{"embeddable":true,"href":"https:\/\/www.europesays.com\/fr\/wp-json\/wp\/v2\/media\/444843"}],"wp:attachment":[{"href":"https:\/\/www.europesays.com\/fr\/wp-json\/wp\/v2\/media?parent=444957"}],"wp:term":[{"taxonomy":"category","embeddable":true,"href":"https:\/\/www.europesays.com\/fr\/wp-json\/wp\/v2\/categories?post=444957"},{"taxonomy":"post_tag","embeddable":true,"href":"https:\/\/www.europesays.com\/fr\/wp-json\/wp\/v2\/tags?post=444957"}],"curies":[{"name":"wp","href":"https:\/\/api.w.org\/{rel}","templated":true}]}}