{"id":44497,"date":"2025-04-22T17:28:14","date_gmt":"2025-04-22T17:28:14","guid":{"rendered":"https:\/\/www.europesays.com\/fr\/44497\/"},"modified":"2025-04-22T17:28:14","modified_gmt":"2025-04-22T17:28:14","slug":"vieux-lille-avec-sa-terrasse-secrete-cette-chocolaterie-salon-de-the-va-vous-faire-fondre","status":"publish","type":"post","link":"https:\/\/www.europesays.com\/fr\/44497\/","title":{"rendered":"Vieux-Lille. Avec sa terrasse secr\u00e8te, cette chocolaterie-salon de th\u00e9 va vous faire fondre"},"content":{"rendered":"<p>            Par<br \/>\n        <strong><br \/>\n            <a href=\"https:\/\/actu.fr\/auteur\/hervine-mahaud\" title=\"Consulter tous les articles de Hervine Mahaud\" target=\"_blank\" rel=\"noopener\">Hervine Mahaud<\/a><br \/>\n        <\/strong><\/p>\n<p>        Publi\u00e9 le<\/p>\n<p>            22 avr. 2025 \u00e0 18h16        <\/p>\n<p>Voici une <b>nouvelle adresse<\/b> qui devrait faire fondre de bonheur les amoureux de <a href=\"https:\/\/actu.fr\/hauts-de-france\/lille_59350\/vieux-lille-un-glacier-meilleur-ouvrier-de-france-et-des-fondus-de-chocolat-ouvrent-leur-boutique_61349873.html\" target=\"_blank\" rel=\"noopener\"><b>chocolat<\/b><\/a>. Depuis la mi-mars 2025, une adorable <b>boutique<\/b> a ouvert ses portes au c\u0153ur du <a href=\"https:\/\/actu.fr\/hauts-de-france\/lille_59350\/vieux-lille-ce-casino-a-tire-le-rideau-quel-avenir-pour-le-magasin-de-la-rue-esquermoise_62532473.html\" target=\"_blank\" rel=\"noopener\"><b>Vieux-Lille<\/b><\/a>. On y retrouve des <b>cr\u00e9ations chocolat\u00e9es artisanales<\/b>, un espace <b>salon de th\u00e9<\/b> ainsi qu\u2019une <b>petite terrasse cach\u00e9e<\/b> pour prendre une pause douceur. Il est m\u00eame possible de participer \u00e0 des <b>ateliers<\/b> pour apprendre tous <b>les secrets du chocolat<\/b>, fabriquer ses propres tablettes, et repartir avec !<\/p>\n<p>De la C\u00f4te d\u2019Opale \u00e0 la Champagne<\/p>\n<p class=\" wall-content\">Direction le 44, rue Saint-Andr\u00e9 pour d\u00e9couvrir <b>Les Douceurs de Louis<\/b>, une <b>jeune marque de chocolats artisanaux<\/b> fond\u00e9e en 2020 par Louis, 23 ans, originaire de Merlimont (<a href=\"https:\/\/actu.fr\/pas-de-calais\/\" target=\"_blank\" rel=\"noopener\">Pas-de-Calais<\/a>). Depuis sa plus tendre enfance, il n\u2019avait qu\u2019un r\u00eave : <b>devenir \u00ab\u00a0chevalier chocolatier\u00a0\u00bb<\/b>. Il r\u00e9alise ses premi\u00e8res gourmandises dans un atelier install\u00e9 chez ses parents.<\/p>\n<p class=\" wall-content\">Mais face \u00e0 la demande, <b>il d\u00e9m\u00e9nage sa chocolaterie dans la Marne<\/b>, en Champagne, une r\u00e9gion \u00e0 laquelle Louis est tr\u00e8s attach\u00e9, pour y avoir pass\u00e9 ses vacances lorsqu\u2019il \u00e9tait petit.\u00a0<\/p>\n<p class=\" wall-content\">Entour\u00e9 d\u2019une petite \u00e9quipe tr\u00e8s soud\u00e9e, <b>le jeune chocolatier ouvre en l\u2019espace de 5 mois deux boutiques<\/b> : une \u00e0 Boulogne-sur-Mer en novembre 2024, puis <b>celle du Vieux-Lille le 15 mars dernier<\/b>.<\/p>\n<p>      <img   decoding=\"async\" loading=\"lazy\" class=\"size-large\" src=\"https:\/\/www.europesays.com\/fr\/wp-content\/uploads\/2025\/04\/2e961a4687086b9b61a46870851e61v-960x640.jpg\" alt=\"Pour P\u00e2ques, les Lillois se sont ru\u00e9s sur les cr\u00e9ations chocolat\u00e9es.\" width=\"960\" height=\"640\"\/><br \/>\n    Pour P\u00e2ques, les Lillois se sont ru\u00e9s sur les cr\u00e9ations chocolat\u00e9es. \u00a9Hervine MahaudLa boutique d\u00e9valis\u00e9e pour P\u00e2ques<\/p>\n<p class=\" wall-content\">\u00c0 Lille, c\u2019est Juliette, 24 ans, qui re\u00e7oit les clients. Avec passion, elle pr\u00e9sente les douceurs fa\u00e7onn\u00e9es par F\u00e9licie, la cheffe chocolati\u00e8re, et Louis. \u00ab\u00a0Ils utilisent du chocolat de <b>Valrhona<\/b>, une entreprise fran\u00e7aise engag\u00e9e sur le plan humain et environnemental\u00a0\u00bb, souligne la responsable de la boutique de Lille.<\/p>\n<p class=\" wall-content\">\u00c0 partir des <b>pistoles de chocolat noir, blanc ou au lait<\/b>, les deux chocolatiers imaginent les produits qui seront ensuite livr\u00e9s dans les points de vente, ou directement aux clients qui passent commande sur <a href=\"https:\/\/www.lesdouceursdelouis.com\/shop\" target=\"_blank\" rel=\"noopener\">la boutique en ligne<\/a>.<\/p>\n<p>      <img   decoding=\"async\" loading=\"lazy\" class=\"size-large\" src=\"https:\/\/www.europesays.com\/fr\/wp-content\/uploads\/2025\/04\/8dfb0a4687086d10c0a468708e50c0v-960x640.jpg\" alt=\"Des tablettes avec incrustations.\" width=\"960\" height=\"640\"\/><br \/>\n    Des tablettes avec incrustations. \u00a9Hervine Mahaud<\/p>\n<p class=\" wall-content\">On retrouve ainsi : des <b>bonbons<\/b>\u00a0\u00e0 la coque fine et craquante ; des <b>tablettes<\/b> fourr\u00e9es ou avec des incrustations ; des <b>barres<\/b> chocolat\u00e9es ; des b\u00e2tonnets et \u00ab\u00a0chocolate bombs\u00a0\u00bb pour se pr\u00e9parer un <b>chocolat chaud<\/b> ; des <b>p\u00e2tes \u00e0 tartiner<\/b> ; des <b>paniers gourmands<\/b> \u00e0 composer. La chocolaterie \u00e9labore aussi des <b>mendiants<\/b>, ainsi que des <b>moules en chocolat<\/b> ou des bouchons pralin\u00e9s, des clins d\u2019\u0153il \u00e0 la C\u00f4te d\u2019Opale et \u00e0 la Champagne, les deux terroirs chers \u00e0 Louis.<\/p>\n<p>      <img   decoding=\"async\" loading=\"lazy\" class=\"size-large\" src=\"https:\/\/www.europesays.com\/fr\/wp-content\/uploads\/2025\/04\/763ad946870868a3ad94687086e3adv-960x640.jpg\" alt=\"Bonbons, tablettes, p\u00e2tes \u00e0 tartiner...\" width=\"960\" height=\"640\"\/><br \/>\n    Bonbons, tablettes, p\u00e2tes \u00e0 tartiner\u2026 \u00a9Hervine Mahaud<\/p>\n<p class=\" wall-content\">\u00c0 l\u2019occasion des f\u00eates de <a href=\"https:\/\/actu.fr\/tag\/paques\" target=\"_blank\" rel=\"noopener\"><b>P\u00e2ques 2025<\/b><\/a>, la jeune enseigne avait \u00e9videmment propos\u00e9 \u0153ufs, lapins et poules d\u00e9cor\u00e9s \u00e0 \u00e0 la main. Mais elle a \u00e9t\u00e9 <b>d\u00e9valis\u00e9e avant m\u00eame le week-end<\/b>, signe que les clients sont d\u00e9j\u00e0 au rendez-vous.<\/p>\n<p class=\" wall-content\">C\u00f4t\u00e9 saveurs, il y a aussi bien les <b>grands classiques<\/b> comme le caramel, le pralin\u00e9, les fruits secs, ainsi que des <b>parfums plus d\u00e9tonants<\/b> (un chocolat garni d\u2019un caramel citron-yuzu et noix de coco r\u00e2p\u00e9e). La marque surfe aussi sur les <b>tendances<\/b>, comme le <b>chocolat Duba\u00ef<\/b>. \u00ab\u00a0On l\u2019a retravaill\u00e9 avec notre pralin\u00e9 100% pistache et on a mis des \u00e9clats de cr\u00eape dentelle pour rappeler les cheveux d\u2019ange\u00a0\u00bb, d\u00e9taille Juliette.<\/p>\n<p>Un salon de th\u00e9 et sa terrasse cach\u00e9e<\/p>\n<p class=\" wall-content\">Pour la boutique de Lille, dont le local abritait auparavant une galerie d\u2019art, de gros travaux ont \u00e9t\u00e9 entrepris. Gr\u00e2ce \u00e0 l\u2019espace disponible, Louis a eu envie d\u2019ajouter une <b>offre salon de th\u00e9<\/b>. Non loin des bonbons et tablettes en chocolat, cinq petites tables ont ainsi \u00e9t\u00e9 install\u00e9es. On s\u2019y pose pour <b>d\u00e9guster une boisson chaude accompagn\u00e9e de douceurs<\/b> : des chocolats bien s\u00fbr, mais aussi une part des <b>cakes<\/b>\u00a0confectionn\u00e9s par <b>Maison Vaucamps<\/b>, une <b>p\u00e2tisserie dunkerquoise<\/b>. Au choix : citron-pavot, orange-chocolat, marbr\u00e9 croustillant, caramel chocolat et p\u00e9can, chocolat et fruits secs.<\/p>\n<p>      <img   decoding=\"async\" loading=\"lazy\" class=\"size-large\" src=\"https:\/\/www.europesays.com\/fr\/wp-content\/uploads\/2025\/04\/a7d8d94687086abd8d946870834e8dv-960x640.jpg\" alt=\"Un salon de th\u00e9, avec une petite terrasse, attend les gourmands.\" width=\"960\" height=\"640\"\/><br \/>\n    Un salon de th\u00e9, avec une petite terrasse, attend les gourmands. \u00a9Hervine Mahaud<\/p>\n<p class=\" wall-content\">Pour les beaux jours, la <b>petite terrasse cach\u00e9e<\/b> derri\u00e8re la boutique permettra aux clients de savourer une pause gourmande, \u00e0 l\u2019ombre de la glycine.\u00a0<\/p>\n<p>Des ateliers pour apprendre \u00e0 faire soi-m\u00eame son chocolat<\/p>\n<p class=\" wall-content\">Enfin, pour aller jusqu\u2019au bout de l\u2019exp\u00e9rience chocolat\u00e9e, la boutique propose chaque samedi des <b>ateliers<\/b>. Ils se d\u00e9roulent dans la <b>cave vout\u00e9e<\/b> et permettent <b>jusqu\u2019\u00e0 10 gourmands d\u2019approfondir leurs connaissances sur le chocola<\/b>t.\u00a0<\/p>\n<p class=\" wall-content\">Pendant que le chocolat fond, l\u2019intervenant raconte l\u2019<b>histoire du cacao<\/b>. Puis les participants apprennent \u00e0 r\u00e9aliser leur propre chocolat en fabriquant une tablette et des mendiants. Temp\u00e9rage du chocolat, courbe de temp\u00e9rature, moulage\u2026 Les bases sont pass\u00e9es en revue afin que chacun puisse \u00ab\u00a0<b>refaire son chocolat \u00e0 la maison<\/b>, sans trop de mat\u00e9riel. C\u2019est toujours un moment tr\u00e8s convivial, on entend les participants rigoler entre eux\u00a0\u00bb, s\u2019amuse Juliette.<\/p>\n<p class=\" wall-content\">La partie la plus attendue est bien s\u00fbr la <b>d\u00e9gustation<\/b>. Puis, \u00e0 la fin de la s\u00e9ance, chacun repart avec ses cr\u00e9ations. <a href=\"https:\/\/wecandoo.fr\/atelier\/lille-louis-chocolat\" target=\"_blank\" rel=\"noopener\">Comptez 55 euros pour participer \u00e0 cet atelier<\/a> d\u2019une <b>dur\u00e9e d\u20191h30 environ<\/b>. Une belle id\u00e9e de cadeau !<\/p>\n<p>Les Douceurs de Louis, 44, rue Saint-Andr\u00e9 dans le Vieux-Lille. Plus d\u2019infos sur <a href=\"https:\/\/www.lesdouceursdelouis.com\/\" target=\"_blank\" rel=\"noopener\">le site de l\u2019enseigne<\/a>, ainsi que sur <a href=\"https:\/\/www.instagram.com\/lesdouceursdelouis\/\" target=\"_blank\" rel=\"noopener\">Instagram<\/a> et <a href=\"https:\/\/www.facebook.com\/Biasurmesure\/?locale=fr_FR\" target=\"_blank\" rel=\"noopener\">Facebook<\/a>.<\/p>\n<p class=\" wall-content\">Suivez toute l\u2019actualit\u00e9 de vos villes et m\u00e9dias favoris en vous inscrivant \u00e0 <a href=\"https:\/\/moncompte.actu.fr\" title=\"D\u00e9couvez Mon Actu\" rel=\"nofollow noopener\" data-trk=\"{&quot;cta&quot;:{&quot;action&quot;:&quot;https:\\\/\\\/moncompte.actu.fr&quot;,&quot;category&quot;:&quot;mon compte&quot;,&quot;from&quot;:&quot;article footer&quot;,&quot;name&quot;:&quot;Mon actu&quot;,&quot;type&quot;:&quot;cta&quot;}}\" target=\"_blank\">Mon Actu<\/a>.<\/p>\n<ul class=\"ac-article-tag wall-content\">\n<li><a href=\"https:\/\/actu.fr\/tag\/commerce\" data-trk=\"{&quot;cta&quot;:{&quot;action&quot;:&quot;Commerce&quot;,&quot;category&quot;:&quot;tag&quot;,&quot;from&quot;:&quot;article footer&quot;,&quot;name&quot;:&quot;Commerce&quot;,&quot;type&quot;:&quot;cta&quot;}}\" target=\"_blank\" rel=\"noopener\">#Commerce<\/a><\/li>\n<li><a href=\"https:\/\/actu.fr\/tag\/nouveaux-commerces\" data-trk=\"{&quot;cta&quot;:{&quot;action&quot;:&quot;Nouveaux commerces&quot;,&quot;category&quot;:&quot;tag&quot;,&quot;from&quot;:&quot;article footer&quot;,&quot;name&quot;:&quot;Nouveaux commerces&quot;,&quot;type&quot;:&quot;cta&quot;}}\" target=\"_blank\" rel=\"noopener\">#Nouveaux commerces<\/a><\/li>\n<\/ul>\n<p>                    <script async src=\"\/\/www.instagram.com\/embed.js\"><\/script><\/p>\n","protected":false},"excerpt":{"rendered":"Par Hervine Mahaud Publi\u00e9 le 22 avr. 2025 \u00e0 18h16 Voici une nouvelle adresse qui devrait faire fondre&hellip;\n","protected":false},"author":2,"featured_media":44498,"comment_status":"","ping_status":"","sticky":false,"template":"","format":"standard","meta":{"footnotes":""},"categories":[2815],"tags":[1111,11,215,33,1777,674,1011,27,811,1307,12,3147,25],"class_list":{"0":"post-44497","1":"post","2":"type-post","3":"status-publish","4":"format-standard","5":"has-post-thumbnail","7":"category-lille","8":"tag-actu","9":"tag-actualites","10":"tag-commerce","11":"tag-economie","12":"tag-eu","13":"tag-europe","14":"tag-fr","15":"tag-france","16":"tag-hauts-de-france","17":"tag-lille","18":"tag-news","19":"tag-nouveaux-commerces","20":"tag-republique-francaise"},"share_on_mastodon":{"url":"https:\/\/pubeurope.com\/@fr\/114382799124070291","error":""},"_links":{"self":[{"href":"https:\/\/www.europesays.com\/fr\/wp-json\/wp\/v2\/posts\/44497","targetHints":{"allow":["GET"]}}],"collection":[{"href":"https:\/\/www.europesays.com\/fr\/wp-json\/wp\/v2\/posts"}],"about":[{"href":"https:\/\/www.europesays.com\/fr\/wp-json\/wp\/v2\/types\/post"}],"author":[{"embeddable":true,"href":"https:\/\/www.europesays.com\/fr\/wp-json\/wp\/v2\/users\/2"}],"replies":[{"embeddable":true,"href":"https:\/\/www.europesays.com\/fr\/wp-json\/wp\/v2\/comments?post=44497"}],"version-history":[{"count":0,"href":"https:\/\/www.europesays.com\/fr\/wp-json\/wp\/v2\/posts\/44497\/revisions"}],"wp:featuredmedia":[{"embeddable":true,"href":"https:\/\/www.europesays.com\/fr\/wp-json\/wp\/v2\/media\/44498"}],"wp:attachment":[{"href":"https:\/\/www.europesays.com\/fr\/wp-json\/wp\/v2\/media?parent=44497"}],"wp:term":[{"taxonomy":"category","embeddable":true,"href":"https:\/\/www.europesays.com\/fr\/wp-json\/wp\/v2\/categories?post=44497"},{"taxonomy":"post_tag","embeddable":true,"href":"https:\/\/www.europesays.com\/fr\/wp-json\/wp\/v2\/tags?post=44497"}],"curies":[{"name":"wp","href":"https:\/\/api.w.org\/{rel}","templated":true}]}}