{"id":444973,"date":"2025-10-07T11:42:09","date_gmt":"2025-10-07T11:42:09","guid":{"rendered":"https:\/\/www.europesays.com\/fr\/444973\/"},"modified":"2025-10-07T11:42:09","modified_gmt":"2025-10-07T11:42:09","slug":"une-enquete-ouverte-par-la-gendarmerie","status":"publish","type":"post","link":"https:\/\/www.europesays.com\/fr\/444973\/","title":{"rendered":"une enqu\u00eate ouverte par la gendarmerie"},"content":{"rendered":"<p>            Par<br \/>\n        <strong><br \/>\n            <a href=\"https:\/\/actu.fr\/auteur\/valentine-gaxieu-actu-fr\" title=\"Consulter tous les articles de Valentine Gaxieu\" rel=\"nofollow noopener\" target=\"_blank\">Valentine Gaxieu<\/a><br \/>\n        <\/strong><\/p>\n<p>        Publi\u00e9 le<\/p>\n<p>            7 oct. 2025 \u00e0 12h42        <\/p>\n<p>Le Service d\u00e9partemental d\u2019incendie et de secours de la Haute-Garonne (Sdis 31) a fait part, lundi 6\u00a0octobre 2025, <a href=\"https:\/\/www.facebook.com\/sdis31?locale=fr_FR\" rel=\"nofollow noopener\" target=\"_blank\">sur ses r\u00e9seaux sociaux<\/a>, de son soutien \u00e0 deux sapeurs-pompiers <b>victimes d\u2019une <\/b><b data-end=\"358\">agression physique et de menaces<\/b> trois jours plus t\u00f4t, lors d\u2019une intervention de secours \u00e0 la personne \u00e0 <a href=\"https:\/\/actu.fr\/occitanie\/castanet-tolosan_31113\" rel=\"nofollow noopener\" target=\"_blank\">Castanet-Tolosan<\/a>.<\/p>\n<p class=\" wall-content\">\u00ab\u2009Le Sdis de la Haute-Garonne<b> condamne les actes de violences<\/b> dont ils sont victimes en service et met tout en \u0153uvre pour les soutenir, les accompagner et rester \u00e0 leur \u00e9coute\u2009\u00bb, partage l\u2019institution.<\/p>\n<p>    <a href=\"https:\/\/maps.google.com\/maps?q=43.515536635034636,1.4996588306884728&amp;z=15&amp;output=embed\" title=\"Ouvrie le lien\" rel=\"nofollow noopener\" target=\"_blank\">Cliquez ici pour visualiser le contenu<\/a><\/p>\n<p>Un \u00ab\u2009comportement virulent\u2009\u00bb<\/p>\n<p class=\" wall-content\">Contact\u00e9e par <a href=\"https:\/\/actu.fr\/voix-du-midi-lauragais\/\" rel=\"nofollow noopener\" target=\"_blank\">Voix du Midi Lauragais<\/a>, la gendarmerie confirme avoir \u00e9t\u00e9 <b>appel\u00e9e en renfort<\/b> le vendredi 3\u00a0octobre, aux alentours de 17\u2009h, \u00ab\u2009\u00e0 la suite du comportement de l\u2019individu\u2009\u00bb. \u00ab\u2009\u00c0 l\u2019arriv\u00e9e de la patrouille, <b>l\u2019homme \u00e2g\u00e9 de 47\u00a0ans \u00e9tait virulent<\/b>\u2009\u00bb, rapporte-t-elle, sans pour autant pouvoir indiquer le motif initial de l\u2019intervention des secours.<\/p>\n<p class=\" wall-content\">Les sapeurs-pompiers concern\u00e9s ont <b>d\u00e9pos\u00e9 plainte<\/b> pour les violences dont ils ont \u00e9t\u00e9 victimes. Une enqu\u00eate est ouverte.<\/p>\n<p>    <a href=\"https:\/\/www.facebook.com\/plugins\/post.php?href=https%3A%2F%2Fwww.facebook.com%2Fsdis31%2Fposts%2Fpfbid0nfZ1BLDzLD47JN62i1rouwBqyhcSChXKDnzMDuCcBQqT4pJRmRcUoiL2FMHWFk5vl&amp;show_text=true&amp;width=350\" title=\"Ouvrie le lien\" rel=\"nofollow noopener\" target=\"_blank\">Cliquez ici pour visualiser le contenu<\/a><\/p>\n<p class=\" wall-content\">Personnalisez votre actualit\u00e9 en ajoutant vos villes et m\u00e9dias en favori avec <a href=\"https:\/\/moncompte.actu.fr\" title=\"D\u00e9couvez Mon Actu\" rel=\"nofollow noopener\" data-trk=\"{&quot;cta&quot;:{&quot;action&quot;:&quot;https:\\\/\\\/moncompte.actu.fr&quot;,&quot;category&quot;:&quot;mon compte&quot;,&quot;from&quot;:&quot;article footer&quot;,&quot;name&quot;:&quot;Mon actu&quot;,&quot;type&quot;:&quot;cta&quot;}}\" target=\"_blank\">Mon Actu<\/a>.<\/p>\n","protected":false},"excerpt":{"rendered":"Par Valentine Gaxieu Publi\u00e9 le 7 oct. 2025 \u00e0 12h42 Le Service d\u00e9partemental d\u2019incendie et de secours de&hellip;\n","protected":false},"author":2,"featured_media":444974,"comment_status":"","ping_status":"","sticky":false,"template":"","format":"standard","meta":{"footnotes":""},"categories":[2816],"tags":[1111,11,1777,674,118,1011,27,3381,12,2680,1311,25,2312],"class_list":{"0":"post-444973","1":"post","2":"type-post","3":"status-publish","4":"format-standard","5":"has-post-thumbnail","7":"category-toulouse","8":"tag-actu","9":"tag-actualites","10":"tag-eu","11":"tag-europe","12":"tag-faits-divers","13":"tag-fr","14":"tag-france","15":"tag-gendarmerie","16":"tag-news","17":"tag-occitanie","18":"tag-pompiers","19":"tag-republique-francaise","20":"tag-toulouse"},"share_on_mastodon":{"url":"https:\/\/pubeurope.com\/@fr\/115332706709389854","error":""},"_links":{"self":[{"href":"https:\/\/www.europesays.com\/fr\/wp-json\/wp\/v2\/posts\/444973","targetHints":{"allow":["GET"]}}],"collection":[{"href":"https:\/\/www.europesays.com\/fr\/wp-json\/wp\/v2\/posts"}],"about":[{"href":"https:\/\/www.europesays.com\/fr\/wp-json\/wp\/v2\/types\/post"}],"author":[{"embeddable":true,"href":"https:\/\/www.europesays.com\/fr\/wp-json\/wp\/v2\/users\/2"}],"replies":[{"embeddable":true,"href":"https:\/\/www.europesays.com\/fr\/wp-json\/wp\/v2\/comments?post=444973"}],"version-history":[{"count":0,"href":"https:\/\/www.europesays.com\/fr\/wp-json\/wp\/v2\/posts\/444973\/revisions"}],"wp:featuredmedia":[{"embeddable":true,"href":"https:\/\/www.europesays.com\/fr\/wp-json\/wp\/v2\/media\/444974"}],"wp:attachment":[{"href":"https:\/\/www.europesays.com\/fr\/wp-json\/wp\/v2\/media?parent=444973"}],"wp:term":[{"taxonomy":"category","embeddable":true,"href":"https:\/\/www.europesays.com\/fr\/wp-json\/wp\/v2\/categories?post=444973"},{"taxonomy":"post_tag","embeddable":true,"href":"https:\/\/www.europesays.com\/fr\/wp-json\/wp\/v2\/tags?post=444973"}],"curies":[{"name":"wp","href":"https:\/\/api.w.org\/{rel}","templated":true}]}}